{"id":19492,"date":"2018-11-17T09:04:43","date_gmt":"2018-11-17T13:04:43","guid":{"rendered":"http:\/\/blogdalucianaoliveira.com.br\/blog\/?p=19492"},"modified":"2018-11-17T09:04:43","modified_gmt":"2018-11-17T13:04:43","slug":"o-que-o-brasil-perde-com-a-saida-de-cubanos-do-mais-medicos","status":"publish","type":"post","link":"http:\/\/blogdalucianaoliveira.com.br\/blog\/2018\/11\/17\/o-que-o-brasil-perde-com-a-saida-de-cubanos-do-mais-medicos\/","title":{"rendered":"O que o Brasil perde com a sa\u00edda de cubanos do Mais M\u00e9dicos?"},"content":{"rendered":"<p><img data-recalc-dims=\"1\" loading=\"lazy\" decoding=\"async\" data-attachment-id=\"19493\" data-permalink=\"http:\/\/blogdalucianaoliveira.com.br\/blog\/2018\/11\/17\/o-que-o-brasil-perde-com-a-saida-de-cubanos-do-mais-medicos\/d4cdae1a-9384-4ca1-ade9-b0a74b157a4c\/\" data-orig-file=\"https:\/\/i0.wp.com\/blogdalucianaoliveira.com.br\/blog\/wp-content\/uploads\/2018\/11\/D4CDAE1A-9384-4CA1-ADE9-B0A74B157A4C.jpeg?fit=640%2C427\" data-orig-size=\"640,427\" data-comments-opened=\"0\" data-image-meta=\"{&quot;aperture&quot;:&quot;0&quot;,&quot;credit&quot;:&quot;&quot;,&quot;camera&quot;:&quot;&quot;,&quot;caption&quot;:&quot;&quot;,&quot;created_timestamp&quot;:&quot;0&quot;,&quot;copyright&quot;:&quot;&quot;,&quot;focal_length&quot;:&quot;0&quot;,&quot;iso&quot;:&quot;0&quot;,&quot;shutter_speed&quot;:&quot;0&quot;,&quot;title&quot;:&quot;&quot;,&quot;orientation&quot;:&quot;0&quot;}\" data-image-title=\"D4CDAE1A-9384-4CA1-ADE9-B0A74B157A4C\" data-image-description=\"\" data-image-caption=\"\" data-medium-file=\"https:\/\/i0.wp.com\/blogdalucianaoliveira.com.br\/blog\/wp-content\/uploads\/2018\/11\/D4CDAE1A-9384-4CA1-ADE9-B0A74B157A4C.jpeg?fit=300%2C200\" data-large-file=\"https:\/\/i0.wp.com\/blogdalucianaoliveira.com.br\/blog\/wp-content\/uploads\/2018\/11\/D4CDAE1A-9384-4CA1-ADE9-B0A74B157A4C.jpeg?fit=600%2C400\" src=\"https:\/\/i0.wp.com\/blogdalucianaoliveira.com.br\/blog\/wp-content\/uploads\/2018\/11\/D4CDAE1A-9384-4CA1-ADE9-B0A74B157A4C.jpeg?resize=600%2C400\" alt=\"D4CDAE1A-9384-4CA1-ADE9-B0A74B157A4C\" width=\"600\" height=\"400\" class=\"alignnone size-full wp-image-19493\" srcset=\"https:\/\/i0.wp.com\/blogdalucianaoliveira.com.br\/blog\/wp-content\/uploads\/2018\/11\/D4CDAE1A-9384-4CA1-ADE9-B0A74B157A4C.jpeg?w=640 640w, https:\/\/i0.wp.com\/blogdalucianaoliveira.com.br\/blog\/wp-content\/uploads\/2018\/11\/D4CDAE1A-9384-4CA1-ADE9-B0A74B157A4C.jpeg?resize=300%2C200 300w, https:\/\/i0.wp.com\/blogdalucianaoliveira.com.br\/blog\/wp-content\/uploads\/2018\/11\/D4CDAE1A-9384-4CA1-ADE9-B0A74B157A4C.jpeg?resize=450%2C300 450w\" sizes=\"auto, (max-width: 600px) 100vw, 600px\" \/><\/p>\n<p>Cerca de 28% do total de munic\u00edpios do pa\u00eds contava apenas com profissional cubano para atender a popula\u00e7\u00e3o<!--more--><\/p>\n<p>J\u00falia Rohden<br \/>\nBrasil de Fato |<\/p>\n<p>A sa\u00edda de 8.469 m\u00e9dicos cubanos do Programa Mais M\u00e9dicos, anunciada pelo governo daquele pa\u00eds na \u00faltima quarta-feira (14), ap\u00f3s declara\u00e7\u00f5es consideradas &#8220;depreciativas&#8221; e &#8220;amea\u00e7adoras&#8221; por parte do presidente eleito Jair Bolsonaro (PSL), vai impactar na sa\u00fade de 28 milh\u00f5es de brasileiros, de acordo com estimativa da Confedera\u00e7\u00e3o Nacional dos Munic\u00edpios (CNM).<\/p>\n<p>Os profissionais atuavam em todas as regi\u00f5es do pa\u00eds, em 2.857 munic\u00edpios, e sua sa\u00edda deve afetar especialmente os munic\u00edpios do Norte e do Nordeste e as periferias das grandes cidades. De acordo com a Organiza\u00e7\u00e3o Panamericana de Sa\u00fade (Opas), a maior parte dos munic\u00edpios onde os cubanos atuam tem 20% ou mais da popula\u00e7\u00e3o vivendo em extrema pobreza. <\/p>\n<p>Cerca de 1.575 munic\u00edpios, ou seja, 28% do total de munic\u00edpios brasileiros, contavam apenas com atendimentos de cubanos por meio do Mais M\u00e9dicos, muitos deles localizados em regi\u00f5es de dif\u00edcil acesso. Cerca de 80% desses munic\u00edpios que contam exclusivamente com profissionais cubanos tem menos de 20 mil habitantes, de acordo com levantamento da Associa\u00e7\u00e3o Brasileira de Munic\u00edpios, que divulgou carta aberta cobrando a\u00e7\u00f5es de Bolsonaro para reverter a situa\u00e7\u00e3o.<\/p>\n<p>Felipe Proen\u00e7o de Oliveira, da Rede de M\u00e9dicas e M\u00e9dicos Populares, ressalta que mais de 700 munic\u00edpios tiveram um m\u00e9dico pela primeira primeira vez gra\u00e7as ao programa e os cubanos atuam especialmente em munic\u00edpios com popula\u00e7\u00e3o em situa\u00e7\u00e3o de extrema pobreza, locais que s\u00e3o rejeitados pelos m\u00e9dicos brasileiros.<\/p>\n<p>\u201cA sa\u00edda dos m\u00e9dicos cubanos, que foi provocada pelo presidente eleito Jair Bolsonaro, vai impactar diretamente naquelas regi\u00f5es que historicamente n\u00e3o contavam com assist\u00eancia m\u00e9dica, daquelas popula\u00e7\u00f5es que cansaram, no per\u00edodo anterior a 2013, de procurar o posto de sa\u00fade e a \u00fanica resposta que recebiam era que faltavam m\u00e9dicos\u201d, afirma.<\/p>\n<p>Doutor em sa\u00fade coletiva, Oliveira informa que em muitos lugares s\u00e3o os m\u00e9dicos cubanos respons\u00e1veis pela aten\u00e7\u00e3o b\u00e1sica. \u201cMesmo munic\u00edpios de m\u00e9dio porte ser\u00e3o afetados. Ponta Grossa, no Paran\u00e1, \u00e9 um exemplo onde cerca de 75% dos m\u00e9dicos da aten\u00e7\u00e3o b\u00e1sica s\u00e3o cubanos. Ent\u00e3o tanto munic\u00edpios de pequeno porte, quanto de m\u00e9dio porte e tamb\u00e9m nas periferias das grandes cidades, o impacto ser\u00e1 enorme\u201d, conclui.<\/p>\n<p>N\u00e3o h\u00e1 um prazo fixado para a sa\u00edda dos profissionais cubanos, mas estima-se que devem ficar, no m\u00e1ximo, at\u00e9 o final deste ano. O Minist\u00e9rio da Sa\u00fade anunciou que ir\u00e1 lan\u00e7ar um edital para a contrata\u00e7\u00e3o de m\u00e9dicos brasileiros que queiram ocupar as vagas de cubanos. Felipe Oliveira aponta que essa medida n\u00e3o deve ser efetiva, j\u00e1 que as vagas ocupadas pelos cubanos foram ofertadas primeiro aos brasileiros que n\u00e3o quiseram atuar naquelas localidades. \u201cOs brasileiros efetivamente n\u00e3o v\u00e3o para essas localidades onde os m\u00e9dicos cubanos est\u00e3o\u201d.<\/p>\n<p>Nordeste<\/p>\n<p>Mais de mil munic\u00edpios em todos os estados do Nordeste contam com o atendimento de 2.885 m\u00e9dicos cubanos pelo programa Mais M\u00e9dicos.<\/p>\n<p>Os moradores da regi\u00e3o rural do munic\u00edpio de Bel\u00e9m, no agreste da Para\u00edba, s\u00e3o exemplo de brasileiros que ser\u00e3o diretamente afetados. A cidade com 17 mil habitantes conta com oito unidades de sa\u00fade da fam\u00edlia, da qual seis integram o Programa Mais M\u00e9dicos \u2013 duas com m\u00e9dicos brasileiros e outras quatro com m\u00e9dicos cubanos.<\/p>\n<p>O professor de medicina da Universidade Federal da Para\u00edba (UFPB) Marcos Oliveira Vasconcelos \u00e9 supervisor do programa e conta que a vinda dos m\u00e9dicos cubanos significou atendimento em \u00e1reas de dif\u00edcil acesso, onde dificilmente os m\u00e9dicos se disp\u00f5em a ir.<\/p>\n<p>\u201cNa pr\u00e1tica, o programa Mais M\u00e9dicos significou m\u00e9dicos mais presentes, o que permite outro n\u00edvel de acompanhamento dos pacientes\u201d, diz Vasconcelos, que ressalta como consequ\u00eancia a diminui\u00e7\u00e3o de busca por atendimento em hospital. \u201cSabemos que a maioria dos m\u00e9dicos no programa s\u00e3o cubanos e eles est\u00e3o nos lugares de mais dif\u00edcil fixa\u00e7\u00e3o de m\u00e9dicos\u201d afirma. <\/p>\n<p>Ele conta que os profissionais cubanos que atendem na zona rural de Bel\u00e9m tamb\u00e9m moram no local, o que facilita ainda mais o atendimento. \u201cNo in\u00edcio havia d\u00favidas se funcionaria a comunica\u00e7\u00e3o em \u2018portunhol\u2019, mas eles conseguem conversar muito bem com os pacientes e a popula\u00e7\u00e3o gosta muito do atendimento\u201d. O professor avalia que a sa\u00edda dos cubanos ir\u00e1 provocar uma perda na assist\u00eancia da popula\u00e7\u00e3o que est\u00e1 distante e tem dificuldade de acessar os servi\u00e7os de sa\u00fade da zona urbana. <\/p>\n<p>Popula\u00e7\u00e3o ind\u00edgena e ribeirinha<\/p>\n<p>De acordo com levantamento do portal De Olho nos Ruralistas, cerca de 90% dos m\u00e9dicos que atuavam pelo programa Mais M\u00e9dicos em \u00e1reas ind\u00edgenas eram cubanos. S\u00e3o 321 profissionais, dos quais 289 vem de Cuba, atendendo 642 mil ind\u00edgenas em 34 Distritos Sanit\u00e1rios Especiais Ind\u00edgenas (DSEIs). De acordo com a Secretaria de Sa\u00fade Ind\u00edgena do Minist\u00e9rio da Sa\u00fade do Brasil (Sesai), o programa aumentou em 79% o atendimento aos ind\u00edgenas.<\/p>\n<p>Sarah Segalla, m\u00e9dica que trabalha na supervis\u00e3o do Mais M\u00e9dicos em \u00e1reas ribeirinhas na Amaz\u00f4nia, lembra a dificuldade de chegar em comunidades tradicionais. \u201cS\u00e3o \u00e1reas realmente de dif\u00edcil acesso. Chegando l\u00e1, encontramos comunidades com alta vulnerabilidade, baixo IDH, baixa renda e com problemas de doen\u00e7as infecciosas\u201d, diz. <\/p>\n<p>A 1200 quil\u00f4metros da capital Manaus, o munic\u00edpio S\u00e3o Paulo de Oliven\u00e7a conta com oito m\u00e9dicos cubanos e dois peruanos. Segalla relata que os m\u00e9dicos peruanos atuam no hospital, enquanto os cubanos na aten\u00e7\u00e3o b\u00e1sica.<\/p>\n<p>\u201cEssas comunidades v\u00e3o perder 100% dos profissionais respons\u00e1veis pela aten\u00e7\u00e3o b\u00e1sica. Por mais que existam m\u00e9dicos no servi\u00e7o hospitalar, eles est\u00e3o ali para apagar fogo. Quem realiza mesmo o cuidado das comunidades s\u00e3o os m\u00e9dicos da aten\u00e7\u00e3o prim\u00e1ria, s\u00e3o os m\u00e9dicos de fam\u00edlia e comunidade que cuidam das doen\u00e7as cr\u00f4nicas, diabetes, exames preventivos, pr\u00e9-natal&#8221;, explica.<\/p>\n<p>&#8220;Nos casos dos munic\u00edpios onde eu trabalho, tem hospital, mas qual o acesso da comunidade ribeirinha, que fica a duas horas de barco, a um hospital em uma situa\u00e7\u00e3o de maior gravidade?&#8221;, questiona a m\u00e9dica. &#8220;Os profissionais cubanos que atendem nessas \u00e1reas dormem na comunidade, atendendo qualquer situa\u00e7\u00e3o que aparecer, de acidente com cobras, infarto, parto, situa\u00e7\u00f5es agudas eram tratadas por eles&#8221;, afirma. <\/p>\n<p>Edi\u00e7\u00e3o: Diego Sartorato<\/p>\n","protected":false},"excerpt":{"rendered":"<p>Cerca de 28% do total de munic\u00edpios do pa\u00eds contava apenas com profissional cubano para atender a popula\u00e7\u00e3o<\/p>\n","protected":false},"author":1,"featured_media":0,"comment_status":"closed","ping_status":"open","sticky":false,"template":"","format":"standard","meta":{"_exactmetrics_skip_tracking":false,"_exactmetrics_sitenote_active":false,"_exactmetrics_sitenote_note":"","_exactmetrics_sitenote_category":0,"jetpack_post_was_ever_published":false,"_jetpack_newsletter_access":"","_jetpack_dont_email_post_to_subs":false,"_jetpack_newsletter_tier_id":0,"_jetpack_memberships_contains_paywalled_content":false,"_jetpack_memberships_contains_paid_content":false,"footnotes":"","jetpack_publicize_message":"","jetpack_publicize_feature_enabled":true,"jetpack_social_post_already_shared":true,"jetpack_social_options":{"image_generator_settings":{"template":"highway","enabled":false},"version":2}},"categories":[1],"tags":[],"class_list":["post-19492","post","type-post","status-publish","format-standard","hentry","category-notas"],"jetpack_publicize_connections":[],"jetpack_sharing_enabled":true,"jetpack_featured_media_url":"","jetpack_shortlink":"https:\/\/wp.me\/p7wKYW-54o","jetpack-related-posts":[],"_links":{"self":[{"href":"http:\/\/blogdalucianaoliveira.com.br\/blog\/wp-json\/wp\/v2\/posts\/19492","targetHints":{"allow":["GET"]}}],"collection":[{"href":"http:\/\/blogdalucianaoliveira.com.br\/blog\/wp-json\/wp\/v2\/posts"}],"about":[{"href":"http:\/\/blogdalucianaoliveira.com.br\/blog\/wp-json\/wp\/v2\/types\/post"}],"author":[{"embeddable":true,"href":"http:\/\/blogdalucianaoliveira.com.br\/blog\/wp-json\/wp\/v2\/users\/1"}],"replies":[{"embeddable":true,"href":"http:\/\/blogdalucianaoliveira.com.br\/blog\/wp-json\/wp\/v2\/comments?post=19492"}],"version-history":[{"count":1,"href":"http:\/\/blogdalucianaoliveira.com.br\/blog\/wp-json\/wp\/v2\/posts\/19492\/revisions"}],"predecessor-version":[{"id":19494,"href":"http:\/\/blogdalucianaoliveira.com.br\/blog\/wp-json\/wp\/v2\/posts\/19492\/revisions\/19494"}],"wp:attachment":[{"href":"http:\/\/blogdalucianaoliveira.com.br\/blog\/wp-json\/wp\/v2\/media?parent=19492"}],"wp:term":[{"taxonomy":"category","embeddable":true,"href":"http:\/\/blogdalucianaoliveira.com.br\/blog\/wp-json\/wp\/v2\/categories?post=19492"},{"taxonomy":"post_tag","embeddable":true,"href":"http:\/\/blogdalucianaoliveira.com.br\/blog\/wp-json\/wp\/v2\/tags?post=19492"}],"curies":[{"name":"wp","href":"https:\/\/api.w.org\/{rel}","templated":true}]}}