{"id":19504,"date":"2018-11-18T21:41:10","date_gmt":"2018-11-19T01:41:10","guid":{"rendered":"http:\/\/blogdalucianaoliveira.com.br\/blog\/?p=19504"},"modified":"2018-11-18T21:41:10","modified_gmt":"2018-11-19T01:41:10","slug":"bolsonaro-mentiu-sobre-cubanos-do-programa-mais-medicos","status":"publish","type":"post","link":"http:\/\/blogdalucianaoliveira.com.br\/blog\/2018\/11\/18\/bolsonaro-mentiu-sobre-cubanos-do-programa-mais-medicos\/","title":{"rendered":"Bolsonaro mentiu sobre cubanos do programa Mais M\u00e9dicos"},"content":{"rendered":"<p><img data-recalc-dims=\"1\" loading=\"lazy\" decoding=\"async\" data-attachment-id=\"19505\" data-permalink=\"http:\/\/blogdalucianaoliveira.com.br\/blog\/2018\/11\/18\/bolsonaro-mentiu-sobre-cubanos-do-programa-mais-medicos\/9ea76bcd-05ab-4e8a-9e93-6cb857b454f9\/\" data-orig-file=\"https:\/\/i0.wp.com\/blogdalucianaoliveira.com.br\/blog\/wp-content\/uploads\/2018\/11\/9EA76BCD-05AB-4E8A-9E93-6CB857B454F9.jpeg?fit=678%2C452\" data-orig-size=\"678,452\" data-comments-opened=\"0\" data-image-meta=\"{&quot;aperture&quot;:&quot;0&quot;,&quot;credit&quot;:&quot;&quot;,&quot;camera&quot;:&quot;&quot;,&quot;caption&quot;:&quot;&quot;,&quot;created_timestamp&quot;:&quot;0&quot;,&quot;copyright&quot;:&quot;&quot;,&quot;focal_length&quot;:&quot;0&quot;,&quot;iso&quot;:&quot;0&quot;,&quot;shutter_speed&quot;:&quot;0&quot;,&quot;title&quot;:&quot;&quot;,&quot;orientation&quot;:&quot;0&quot;}\" data-image-title=\"9EA76BCD-05AB-4E8A-9E93-6CB857B454F9\" data-image-description=\"\" data-image-caption=\"\" data-medium-file=\"https:\/\/i0.wp.com\/blogdalucianaoliveira.com.br\/blog\/wp-content\/uploads\/2018\/11\/9EA76BCD-05AB-4E8A-9E93-6CB857B454F9.jpeg?fit=300%2C200\" data-large-file=\"https:\/\/i0.wp.com\/blogdalucianaoliveira.com.br\/blog\/wp-content\/uploads\/2018\/11\/9EA76BCD-05AB-4E8A-9E93-6CB857B454F9.jpeg?fit=600%2C400\" src=\"https:\/\/i0.wp.com\/blogdalucianaoliveira.com.br\/blog\/wp-content\/uploads\/2018\/11\/9EA76BCD-05AB-4E8A-9E93-6CB857B454F9.jpeg?resize=600%2C400\" alt=\"9EA76BCD-05AB-4E8A-9E93-6CB857B454F9\" width=\"600\" height=\"400\" class=\"alignnone size-full wp-image-19505\" srcset=\"https:\/\/i0.wp.com\/blogdalucianaoliveira.com.br\/blog\/wp-content\/uploads\/2018\/11\/9EA76BCD-05AB-4E8A-9E93-6CB857B454F9.jpeg?w=678 678w, https:\/\/i0.wp.com\/blogdalucianaoliveira.com.br\/blog\/wp-content\/uploads\/2018\/11\/9EA76BCD-05AB-4E8A-9E93-6CB857B454F9.jpeg?resize=300%2C200 300w, https:\/\/i0.wp.com\/blogdalucianaoliveira.com.br\/blog\/wp-content\/uploads\/2018\/11\/9EA76BCD-05AB-4E8A-9E93-6CB857B454F9.jpeg?resize=450%2C300 450w\" sizes=\"auto, (max-width: 600px) 100vw, 600px\" \/><\/p>\n<p>O presidente eleito Jair Bolsonaro mentiu, mais uma vez, para defender seu Governo. A nova fake news espalhada \u00e9 relacionada ao Mais M\u00e9dicos, que j\u00e1 come\u00e7a a perder os m\u00e9dicos cubanos ap\u00f3s Cuba deixar o programa diante das amea\u00e7as e do descumprimento de cl\u00e1usulas do acordo pelo futuro governo.<!--more--><\/p>\n<p>Blog Saiba Mais<br \/>\nRafael Duarte <\/p>\n<p>A Lupa, primeira ag\u00eancia de fact-cheking do Brasil, checou as declara\u00e7\u00f5es recentes de Jair Bolsonaro sobre o Mais M\u00e9dicos<\/p>\n<p> Declara\u00e7\u00e3o 1<\/p>\n<p> \u201cA [m\u00e9dica] cubana [que trabalha no Mais M\u00e9dicos] n\u00e3o pode trazer seus filhos menores para o Brasil\u201d<br \/>\nJair Bolsonaro em entrevista \u00e0 Record no dia 29 de outubro de 2018<\/p>\n<p>Explica\u00e7\u00e3o da Lupa:<\/p>\n<p>\u201cN\u00e3o existe um acordo entre os governos brasileiro e cubano que prev\u00ea o impedimento de que as m\u00e9dicas cubanas tragam seus filhos para o Brasil caso venham a participar do Mais M\u00e9dicos. Essa informa\u00e7\u00e3o foi confirmada pela Organiza\u00e7\u00e3o Pan-Americana da Sa\u00fade (OPAS), que apoia a\u00e7\u00f5es dentro do Mais M\u00e9dicos. Al\u00e9m disso, a Lei 12.871\/2013, que institui e regulamenta o programa indica que \u201cO Minist\u00e9rio das Rela\u00e7\u00f5es Exteriores poder\u00e1 conceder o visto tempor\u00e1rio (\u2026) aos dependentes legais do m\u00e9dico intercambista estrangeiro, incluindo companheiro ou companheira, pelo prazo de validade do visto do titular\u201d.<\/p>\n<p>Declara\u00e7\u00e3o 2<\/p>\n<p>\u201cN\u00e3o temos qualquer comprova\u00e7\u00e3o de que eles sejam realmente m\u00e9dicos e estejam aptos a desempenhar a sua fun\u00e7\u00e3o\u201d<br \/>\nJair Bolsonaro, presidente eleito, em entrevista coletiva no dia 14 de novembro de 2018<\/p>\n<p>Explica\u00e7\u00e3o da Lupa<\/p>\n<p>A Lei 12.871\/2013, que institui e regula o Mais M\u00e9dicos, exige que todos os m\u00e9dicos formados no exterior \u2013 incluindo os cubanos \u2013 apresentem \u201cdiploma expedido por institui\u00e7\u00e3o de educa\u00e7\u00e3o superior estrangeira\u201d e \u201chabilita\u00e7\u00e3o para o exerc\u00edcio da Medicina no pa\u00eds de sua forma\u00e7\u00e3o\u201d. H\u00e1 diferen\u00e7as entre as exig\u00eancias para estrangeiros \u2013 ou brasileiros formados no exterior \u2013 participantes do programa e m\u00e9dicos formados no exterior que vivem no Brasil, mas n\u00e3o fazem parte do Mais M\u00e9dicos. Por exemplo, os profissionais contratados pelo programa s\u00e3o dispensados de fazer o Revalida, exame de revalida\u00e7\u00e3o do diploma, por at\u00e9 tr\u00eas anos. Entretanto, ao contr\u00e1rio do que o presidente eleito diz, \u00e9 necess\u00e1rio que os m\u00e9dicos comprovem sua forma\u00e7\u00e3o.<\/p>\n","protected":false},"excerpt":{"rendered":"<p>O presidente eleito Jair Bolsonaro mentiu, mais uma vez, para defender seu Governo. A nova fake news espalhada \u00e9 relacionada ao Mais M\u00e9dicos, que j\u00e1 come\u00e7a a perder os m\u00e9dicos cubanos ap\u00f3s Cuba deixar o programa diante das amea\u00e7as e do descumprimento de cl\u00e1usulas do acordo pelo futuro governo.<\/p>\n","protected":false},"author":1,"featured_media":0,"comment_status":"closed","ping_status":"open","sticky":false,"template":"","format":"standard","meta":{"_exactmetrics_skip_tracking":false,"_exactmetrics_sitenote_active":false,"_exactmetrics_sitenote_note":"","_exactmetrics_sitenote_category":0,"jetpack_post_was_ever_published":false,"_jetpack_newsletter_access":"","_jetpack_dont_email_post_to_subs":false,"_jetpack_newsletter_tier_id":0,"_jetpack_memberships_contains_paywalled_content":false,"_jetpack_memberships_contains_paid_content":false,"footnotes":"","jetpack_publicize_message":"","jetpack_publicize_feature_enabled":true,"jetpack_social_post_already_shared":true,"jetpack_social_options":{"image_generator_settings":{"template":"highway","enabled":false},"version":2}},"categories":[1],"tags":[],"class_list":["post-19504","post","type-post","status-publish","format-standard","hentry","category-notas"],"jetpack_publicize_connections":[],"jetpack_sharing_enabled":true,"jetpack_featured_media_url":"","jetpack_shortlink":"https:\/\/wp.me\/p7wKYW-54A","jetpack-related-posts":[],"_links":{"self":[{"href":"http:\/\/blogdalucianaoliveira.com.br\/blog\/wp-json\/wp\/v2\/posts\/19504","targetHints":{"allow":["GET"]}}],"collection":[{"href":"http:\/\/blogdalucianaoliveira.com.br\/blog\/wp-json\/wp\/v2\/posts"}],"about":[{"href":"http:\/\/blogdalucianaoliveira.com.br\/blog\/wp-json\/wp\/v2\/types\/post"}],"author":[{"embeddable":true,"href":"http:\/\/blogdalucianaoliveira.com.br\/blog\/wp-json\/wp\/v2\/users\/1"}],"replies":[{"embeddable":true,"href":"http:\/\/blogdalucianaoliveira.com.br\/blog\/wp-json\/wp\/v2\/comments?post=19504"}],"version-history":[{"count":1,"href":"http:\/\/blogdalucianaoliveira.com.br\/blog\/wp-json\/wp\/v2\/posts\/19504\/revisions"}],"predecessor-version":[{"id":19506,"href":"http:\/\/blogdalucianaoliveira.com.br\/blog\/wp-json\/wp\/v2\/posts\/19504\/revisions\/19506"}],"wp:attachment":[{"href":"http:\/\/blogdalucianaoliveira.com.br\/blog\/wp-json\/wp\/v2\/media?parent=19504"}],"wp:term":[{"taxonomy":"category","embeddable":true,"href":"http:\/\/blogdalucianaoliveira.com.br\/blog\/wp-json\/wp\/v2\/categories?post=19504"},{"taxonomy":"post_tag","embeddable":true,"href":"http:\/\/blogdalucianaoliveira.com.br\/blog\/wp-json\/wp\/v2\/tags?post=19504"}],"curies":[{"name":"wp","href":"https:\/\/api.w.org\/{rel}","templated":true}]}}