{"id":19507,"date":"2018-11-19T12:19:22","date_gmt":"2018-11-19T16:19:22","guid":{"rendered":"http:\/\/blogdalucianaoliveira.com.br\/blog\/?p=19507"},"modified":"2018-11-19T12:19:22","modified_gmt":"2018-11-19T16:19:22","slug":"eleicoes-na-oab-ro-que-venca-a-chapa-mais-democratica-e-progressista","status":"publish","type":"post","link":"http:\/\/blogdalucianaoliveira.com.br\/blog\/2018\/11\/19\/eleicoes-na-oab-ro-que-venca-a-chapa-mais-democratica-e-progressista\/","title":{"rendered":"Elei\u00e7\u00f5es na OAB-RO: que ven\u00e7a a chapa mais democr\u00e1tica e progressista"},"content":{"rendered":"<p><img data-recalc-dims=\"1\" loading=\"lazy\" decoding=\"async\" data-attachment-id=\"16487\" data-permalink=\"http:\/\/blogdalucianaoliveira.com.br\/blog\/2018\/02\/08\/direito-de-resposta-extrajudicial\/fotofachadaoab-ro\/\" data-orig-file=\"https:\/\/i0.wp.com\/blogdalucianaoliveira.com.br\/blog\/wp-content\/uploads\/2018\/02\/FotoFachadaOAB-RO.jpg?fit=1200%2C797\" data-orig-size=\"1200,797\" data-comments-opened=\"0\" data-image-meta=\"{&quot;aperture&quot;:&quot;0&quot;,&quot;credit&quot;:&quot;&quot;,&quot;camera&quot;:&quot;&quot;,&quot;caption&quot;:&quot;&quot;,&quot;created_timestamp&quot;:&quot;0&quot;,&quot;copyright&quot;:&quot;&quot;,&quot;focal_length&quot;:&quot;0&quot;,&quot;iso&quot;:&quot;0&quot;,&quot;shutter_speed&quot;:&quot;0&quot;,&quot;title&quot;:&quot;&quot;,&quot;orientation&quot;:&quot;0&quot;}\" data-image-title=\"FotoFachadaOAB-RO\" data-image-description=\"\" data-image-caption=\"\" data-medium-file=\"https:\/\/i0.wp.com\/blogdalucianaoliveira.com.br\/blog\/wp-content\/uploads\/2018\/02\/FotoFachadaOAB-RO.jpg?fit=300%2C199\" data-large-file=\"https:\/\/i0.wp.com\/blogdalucianaoliveira.com.br\/blog\/wp-content\/uploads\/2018\/02\/FotoFachadaOAB-RO.jpg?fit=600%2C398\" src=\"https:\/\/i0.wp.com\/blogdalucianaoliveira.com.br\/blog\/wp-content\/uploads\/2018\/02\/FotoFachadaOAB-RO.jpg?resize=600%2C399\" alt=\"FotoFachadaOAB-RO\" width=\"600\" height=\"399\" class=\"alignnone size-full wp-image-16487\" srcset=\"https:\/\/i0.wp.com\/blogdalucianaoliveira.com.br\/blog\/wp-content\/uploads\/2018\/02\/FotoFachadaOAB-RO.jpg?w=1200 1200w, https:\/\/i0.wp.com\/blogdalucianaoliveira.com.br\/blog\/wp-content\/uploads\/2018\/02\/FotoFachadaOAB-RO.jpg?resize=300%2C199 300w, https:\/\/i0.wp.com\/blogdalucianaoliveira.com.br\/blog\/wp-content\/uploads\/2018\/02\/FotoFachadaOAB-RO.jpg?resize=768%2C510 768w, https:\/\/i0.wp.com\/blogdalucianaoliveira.com.br\/blog\/wp-content\/uploads\/2018\/02\/FotoFachadaOAB-RO.jpg?resize=1024%2C680 1024w, https:\/\/i0.wp.com\/blogdalucianaoliveira.com.br\/blog\/wp-content\/uploads\/2018\/02\/FotoFachadaOAB-RO.jpg?resize=452%2C300 452w\" sizes=\"auto, (max-width: 600px) 100vw, 600px\" \/><\/p>\n<p>As chapas que concorrem s\u00e3o peda\u00e7os do mesmo grupo, colados ap\u00f3s implos\u00e3o de vaidades, trai\u00e7\u00f5es e gan\u00e2ncias.<!--more--><\/p>\n<p>De um lado tem o advogado Elton Assis, a meu ver com mais lastro profissional, sobretudo na \u00e1rea sindical. Com ele, entre muita gente boa, uma turma bem &#8216;pesada&#8217; que eu gostaria de ver longe da Ordem por raz\u00f5es que passei anos explicando.<\/p>\n<p>Do outro, Marac\u00e9lia Oliveira, a meu ver capaz e corajosa, mas com humildade e simpatia circunstanciais e pouca habilidade com a mangueira pra apagar inc\u00eandio. Com ela, uma turma mais &#8216;leve&#8217; e a sempre saud\u00e1vel altern\u00e2ncia, sobretudo no Conselho Federal, que garante mais refrigera\u00e7\u00e3o.<\/p>\n<p>Certo \u00e9 que quem ganhar tem condi\u00e7\u00f5es de devolver o protagonismo da OAB enfrentando as assustadoras amea\u00e7as ao Estado Democr\u00e1tico de Direito com a elei\u00e7\u00e3o do extremista Jair Bolsonaro.<\/p>\n<p>Mas, particularmente, duvido que qualquer um dos dois se dedique como eu gostaria, a proteger prerrogativas profissionais para garantir a plenitude dos direitos da sociedade.<\/p>\n<p>Para defender o interesse coletivo deveriam ter demonstrado de que lado est\u00e3o na luta por avan\u00e7os ou retrocessos em nosso pa\u00eds.<\/p>\n<p>S\u00e3o muitos os advogados e advogadas deslumbrados com o levante fascista contra os direitos humanos, contra as minorias, contra a livre manifesta\u00e7\u00e3o de pensamento e contra a luta por terra, igualdade e justi\u00e7a.<\/p>\n<p>Os candidatos n\u00e3o promoveram nenhum ato para debater o atrofiamento de consci\u00eancias dentro da Ordem.<\/p>\n<p>E n\u00e3o abriram o debate para n\u00e3o perder votos de advogados apoiadores do extremista Jair Bolsonaro, como tantos candidatos comuns nas elei\u00e7\u00f5es proporcionais e majorit\u00e1rias.<\/p>\n<p>Ven\u00e7a quem vencer, s\u00f3 espero que o novo presidente ou presidenta, se dedique a resgatar o compromisso da advocacia com sua fun\u00e7\u00e3o primordial:<\/p>\n<p>&#8220;Defender a Constitui\u00e7\u00e3o, a ordem jur\u00eddica do Estado democr\u00e1tico de direito, os direitos humanos, a justi\u00e7a social, e pugnar pela boa aplica\u00e7\u00e3o das leis, pela r\u00e1pida administra\u00e7\u00e3o da justi\u00e7a e pelo aperfei\u00e7oamento da cultura e das institui\u00e7\u00f5es jur\u00eddicas&#8221;.<\/p>\n<p>Do contr\u00e1rio, a OAB n\u00e3o perder\u00e1 essa cara de clube social, sem compromisso com o seu estatuto e com a sociedade.<\/p>\n","protected":false},"excerpt":{"rendered":"<p>As chapas que concorrem s\u00e3o peda\u00e7os do mesmo grupo, colados ap\u00f3s implos\u00e3o de vaidades, trai\u00e7\u00f5es e gan\u00e2ncias.<\/p>\n","protected":false},"author":1,"featured_media":0,"comment_status":"closed","ping_status":"open","sticky":false,"template":"","format":"standard","meta":{"_exactmetrics_skip_tracking":false,"_exactmetrics_sitenote_active":false,"_exactmetrics_sitenote_note":"","_exactmetrics_sitenote_category":0,"jetpack_post_was_ever_published":false,"_jetpack_newsletter_access":"","_jetpack_dont_email_post_to_subs":false,"_jetpack_newsletter_tier_id":0,"_jetpack_memberships_contains_paywalled_content":false,"_jetpack_memberships_contains_paid_content":false,"footnotes":"","jetpack_publicize_message":"","jetpack_publicize_feature_enabled":true,"jetpack_social_post_already_shared":true,"jetpack_social_options":{"image_generator_settings":{"template":"highway","enabled":false},"version":2}},"categories":[1],"tags":[],"class_list":["post-19507","post","type-post","status-publish","format-standard","hentry","category-notas"],"jetpack_publicize_connections":[],"jetpack_sharing_enabled":true,"jetpack_featured_media_url":"","jetpack_shortlink":"https:\/\/wp.me\/p7wKYW-54D","jetpack-related-posts":[],"_links":{"self":[{"href":"http:\/\/blogdalucianaoliveira.com.br\/blog\/wp-json\/wp\/v2\/posts\/19507","targetHints":{"allow":["GET"]}}],"collection":[{"href":"http:\/\/blogdalucianaoliveira.com.br\/blog\/wp-json\/wp\/v2\/posts"}],"about":[{"href":"http:\/\/blogdalucianaoliveira.com.br\/blog\/wp-json\/wp\/v2\/types\/post"}],"author":[{"embeddable":true,"href":"http:\/\/blogdalucianaoliveira.com.br\/blog\/wp-json\/wp\/v2\/users\/1"}],"replies":[{"embeddable":true,"href":"http:\/\/blogdalucianaoliveira.com.br\/blog\/wp-json\/wp\/v2\/comments?post=19507"}],"version-history":[{"count":1,"href":"http:\/\/blogdalucianaoliveira.com.br\/blog\/wp-json\/wp\/v2\/posts\/19507\/revisions"}],"predecessor-version":[{"id":19508,"href":"http:\/\/blogdalucianaoliveira.com.br\/blog\/wp-json\/wp\/v2\/posts\/19507\/revisions\/19508"}],"wp:attachment":[{"href":"http:\/\/blogdalucianaoliveira.com.br\/blog\/wp-json\/wp\/v2\/media?parent=19507"}],"wp:term":[{"taxonomy":"category","embeddable":true,"href":"http:\/\/blogdalucianaoliveira.com.br\/blog\/wp-json\/wp\/v2\/categories?post=19507"},{"taxonomy":"post_tag","embeddable":true,"href":"http:\/\/blogdalucianaoliveira.com.br\/blog\/wp-json\/wp\/v2\/tags?post=19507"}],"curies":[{"name":"wp","href":"https:\/\/api.w.org\/{rel}","templated":true}]}}