{"id":1951,"date":"2016-06-26T23:03:54","date_gmt":"2016-06-27T03:03:54","guid":{"rendered":"http:\/\/blogdalucianaoliveira.com.br\/blog\/?p=1951"},"modified":"2016-06-26T23:04:36","modified_gmt":"2016-06-27T03:04:36","slug":"invocacao-do-mal-em-cartaz-nas-redes-sociais","status":"publish","type":"post","link":"http:\/\/blogdalucianaoliveira.com.br\/blog\/2016\/06\/26\/invocacao-do-mal-em-cartaz-nas-redes-sociais\/","title":{"rendered":"Invoca\u00e7\u00e3o do mal. Em cartaz nas redes sociais"},"content":{"rendered":"<p><img data-recalc-dims=\"1\" loading=\"lazy\" decoding=\"async\" data-attachment-id=\"1952\" data-permalink=\"http:\/\/blogdalucianaoliveira.com.br\/blog\/2016\/06\/26\/invocacao-do-mal-em-cartaz-nas-redes-sociais\/image-423\/\" data-orig-file=\"https:\/\/i0.wp.com\/blogdalucianaoliveira.com.br\/blog\/wp-content\/uploads\/2016\/06\/image-116.jpeg?fit=790%2C494\" data-orig-size=\"790,494\" data-comments-opened=\"0\" data-image-meta=\"{&quot;aperture&quot;:&quot;0&quot;,&quot;credit&quot;:&quot;&quot;,&quot;camera&quot;:&quot;&quot;,&quot;caption&quot;:&quot;&quot;,&quot;created_timestamp&quot;:&quot;0&quot;,&quot;copyright&quot;:&quot;&quot;,&quot;focal_length&quot;:&quot;0&quot;,&quot;iso&quot;:&quot;0&quot;,&quot;shutter_speed&quot;:&quot;0&quot;,&quot;title&quot;:&quot;&quot;,&quot;orientation&quot;:&quot;0&quot;}\" data-image-title=\"image\" data-image-description=\"\" data-image-caption=\"\" data-medium-file=\"https:\/\/i0.wp.com\/blogdalucianaoliveira.com.br\/blog\/wp-content\/uploads\/2016\/06\/image-116.jpeg?fit=300%2C188\" data-large-file=\"https:\/\/i0.wp.com\/blogdalucianaoliveira.com.br\/blog\/wp-content\/uploads\/2016\/06\/image-116.jpeg?fit=600%2C375\" src=\"https:\/\/i0.wp.com\/blogdalucianaoliveira.com.br\/blog\/wp-content\/uploads\/2016\/06\/image-116.jpeg?resize=600%2C375\" alt=\"image\" width=\"600\" height=\"375\" class=\"alignnone size-full wp-image-1952\" srcset=\"https:\/\/i0.wp.com\/blogdalucianaoliveira.com.br\/blog\/wp-content\/uploads\/2016\/06\/image-116.jpeg?w=790 790w, https:\/\/i0.wp.com\/blogdalucianaoliveira.com.br\/blog\/wp-content\/uploads\/2016\/06\/image-116.jpeg?resize=300%2C188 300w, https:\/\/i0.wp.com\/blogdalucianaoliveira.com.br\/blog\/wp-content\/uploads\/2016\/06\/image-116.jpeg?resize=480%2C300 480w\" sizes=\"auto, (max-width: 600px) 100vw, 600px\" \/><\/p>\n<p>Buuuuuuuuuuuuu! \ud83d\udc7b<!--more--><\/p>\n<p>Sobre o filme Invoca\u00e7\u00e3o do Mal, devo dizer, contrariando as an\u00e1lises de todos os renomados cr\u00edticos de cinema, que achei a mesma besteiragem de sempre. <\/p>\n<p>Quase dormi. \ud83d\udca4<\/p>\n<p>Me provoca muito mais medo o que leio diariamente nas redes sociais. <\/p>\n<p>Invoca\u00e7\u00e3o do mal \u00e9 o que est\u00e3o fazendo em murais virtuais como esse.<br \/>\nPessoas com a maior cara boa, de repente incorporam dem\u00f4nios horripilantes! \ud83d\ude48<\/p>\n<p>Sei l\u00e1, talvez por ver tantas publica\u00e7\u00f5es diab\u00f3licas aqui, nenhum filme de suspense com terror me afeta mais. <\/p>\n<p>Vejo zumbis que defendem procurador acusado de chicotear a esposa por motiva\u00e7\u00f5es religiosas.<\/p>\n<p>Vejo zumbis justificando o estupro coletivo de uma menor. <\/p>\n<p>Vejo zumbis que condenam aborto e exaltam pena de morte. <\/p>\n<p>Vejo ped\u00f3filos em campanha pela redu\u00e7\u00e3o da maioridade. <\/p>\n<p>Vejo pastores e fi\u00e9is apoiando Bolsonaro pra presidente. <\/p>\n<p>Vejo crist\u00e3os apoiando pa\u00edses que negam abrigo a refugiados. <\/p>\n<p>Vejo advogados depondo contra os direitos humanos. <\/p>\n<p>Enfim&#8230;<\/p>\n<p>O filme deveria dispensar classifica\u00e7\u00e3o et\u00e1ria. Libera, porque n\u00e3o assusta ningu\u00e9m. <\/p>\n<p>Invoca\u00e7\u00e3o do mal \u00e9 o que vejo todos os dias nas redes sociais.<br \/>\nT\u00e1 cheio de morto vivo aqui. <\/p>\n<p>Medo, medo mesmo, tenho \u00e9 da Janaina Paschoal! \ud83d\ude48<\/p>\n","protected":false},"excerpt":{"rendered":"<p>Buuuuuuuuuuuuu! \ud83d\udc7b<\/p>\n","protected":false},"author":1,"featured_media":0,"comment_status":"closed","ping_status":"open","sticky":false,"template":"","format":"standard","meta":{"_exactmetrics_skip_tracking":false,"_exactmetrics_sitenote_active":false,"_exactmetrics_sitenote_note":"","_exactmetrics_sitenote_category":0,"jetpack_post_was_ever_published":false,"_jetpack_newsletter_access":"","_jetpack_dont_email_post_to_subs":false,"_jetpack_newsletter_tier_id":0,"_jetpack_memberships_contains_paywalled_content":false,"_jetpack_memberships_contains_paid_content":false,"footnotes":"","jetpack_publicize_message":"","jetpack_publicize_feature_enabled":true,"jetpack_social_post_already_shared":true,"jetpack_social_options":{"image_generator_settings":{"template":"highway","enabled":false},"version":2}},"categories":[1],"tags":[139,140],"class_list":["post-1951","post","type-post","status-publish","format-standard","hentry","category-notas","tag-invocacao-do-mal","tag-terror"],"jetpack_publicize_connections":[],"jetpack_sharing_enabled":true,"jetpack_featured_media_url":"","jetpack_shortlink":"https:\/\/wp.me\/p7wKYW-vt","jetpack-related-posts":[],"_links":{"self":[{"href":"http:\/\/blogdalucianaoliveira.com.br\/blog\/wp-json\/wp\/v2\/posts\/1951","targetHints":{"allow":["GET"]}}],"collection":[{"href":"http:\/\/blogdalucianaoliveira.com.br\/blog\/wp-json\/wp\/v2\/posts"}],"about":[{"href":"http:\/\/blogdalucianaoliveira.com.br\/blog\/wp-json\/wp\/v2\/types\/post"}],"author":[{"embeddable":true,"href":"http:\/\/blogdalucianaoliveira.com.br\/blog\/wp-json\/wp\/v2\/users\/1"}],"replies":[{"embeddable":true,"href":"http:\/\/blogdalucianaoliveira.com.br\/blog\/wp-json\/wp\/v2\/comments?post=1951"}],"version-history":[{"count":1,"href":"http:\/\/blogdalucianaoliveira.com.br\/blog\/wp-json\/wp\/v2\/posts\/1951\/revisions"}],"predecessor-version":[{"id":1953,"href":"http:\/\/blogdalucianaoliveira.com.br\/blog\/wp-json\/wp\/v2\/posts\/1951\/revisions\/1953"}],"wp:attachment":[{"href":"http:\/\/blogdalucianaoliveira.com.br\/blog\/wp-json\/wp\/v2\/media?parent=1951"}],"wp:term":[{"taxonomy":"category","embeddable":true,"href":"http:\/\/blogdalucianaoliveira.com.br\/blog\/wp-json\/wp\/v2\/categories?post=1951"},{"taxonomy":"post_tag","embeddable":true,"href":"http:\/\/blogdalucianaoliveira.com.br\/blog\/wp-json\/wp\/v2\/tags?post=1951"}],"curies":[{"name":"wp","href":"https:\/\/api.w.org\/{rel}","templated":true}]}}