{"id":19532,"date":"2018-11-21T20:11:34","date_gmt":"2018-11-22T00:11:34","guid":{"rendered":"http:\/\/blogdalucianaoliveira.com.br\/blog\/?p=19532"},"modified":"2018-11-21T20:14:10","modified_gmt":"2018-11-22T00:14:10","slug":"jornalista-premiado-com-denuncia-de-escandalo","status":"publish","type":"post","link":"http:\/\/blogdalucianaoliveira.com.br\/blog\/2018\/11\/21\/jornalista-premiado-com-denuncia-de-escandalo\/","title":{"rendered":"Jornalista premiado com den\u00fancia de esc\u00e2ndalo de corrup\u00e7\u00e3o"},"content":{"rendered":"<p><img data-recalc-dims=\"1\" loading=\"lazy\" decoding=\"async\" data-attachment-id=\"19533\" data-permalink=\"http:\/\/blogdalucianaoliveira.com.br\/blog\/2018\/11\/21\/jornalista-premiado-com-denuncia-de-escandalo\/b77494d7-939b-48cd-88e5-872a6ef1f98a\/\" data-orig-file=\"https:\/\/i0.wp.com\/blogdalucianaoliveira.com.br\/blog\/wp-content\/uploads\/2018\/11\/B77494D7-939B-48CD-88E5-872A6EF1F98A.jpeg?fit=1280%2C1257\" data-orig-size=\"1280,1257\" data-comments-opened=\"0\" data-image-meta=\"{&quot;aperture&quot;:&quot;0&quot;,&quot;credit&quot;:&quot;&quot;,&quot;camera&quot;:&quot;&quot;,&quot;caption&quot;:&quot;&quot;,&quot;created_timestamp&quot;:&quot;0&quot;,&quot;copyright&quot;:&quot;&quot;,&quot;focal_length&quot;:&quot;0&quot;,&quot;iso&quot;:&quot;0&quot;,&quot;shutter_speed&quot;:&quot;0&quot;,&quot;title&quot;:&quot;&quot;,&quot;orientation&quot;:&quot;0&quot;}\" data-image-title=\"B77494D7-939B-48CD-88E5-872A6EF1F98A\" data-image-description=\"\" data-image-caption=\"\" data-medium-file=\"https:\/\/i0.wp.com\/blogdalucianaoliveira.com.br\/blog\/wp-content\/uploads\/2018\/11\/B77494D7-939B-48CD-88E5-872A6EF1F98A.jpeg?fit=300%2C295\" data-large-file=\"https:\/\/i0.wp.com\/blogdalucianaoliveira.com.br\/blog\/wp-content\/uploads\/2018\/11\/B77494D7-939B-48CD-88E5-872A6EF1F98A.jpeg?fit=600%2C589\" class=\"alignnone size-full wp-image-19533\" src=\"https:\/\/i0.wp.com\/blogdalucianaoliveira.com.br\/blog\/wp-content\/uploads\/2018\/11\/B77494D7-939B-48CD-88E5-872A6EF1F98A.jpeg?resize=600%2C589\" alt=\"B77494D7-939B-48CD-88E5-872A6EF1F98A\" width=\"600\" height=\"589\" srcset=\"https:\/\/i0.wp.com\/blogdalucianaoliveira.com.br\/blog\/wp-content\/uploads\/2018\/11\/B77494D7-939B-48CD-88E5-872A6EF1F98A.jpeg?w=1280 1280w, https:\/\/i0.wp.com\/blogdalucianaoliveira.com.br\/blog\/wp-content\/uploads\/2018\/11\/B77494D7-939B-48CD-88E5-872A6EF1F98A.jpeg?resize=300%2C295 300w, https:\/\/i0.wp.com\/blogdalucianaoliveira.com.br\/blog\/wp-content\/uploads\/2018\/11\/B77494D7-939B-48CD-88E5-872A6EF1F98A.jpeg?resize=768%2C754 768w, https:\/\/i0.wp.com\/blogdalucianaoliveira.com.br\/blog\/wp-content\/uploads\/2018\/11\/B77494D7-939B-48CD-88E5-872A6EF1F98A.jpeg?resize=1024%2C1006 1024w, https:\/\/i0.wp.com\/blogdalucianaoliveira.com.br\/blog\/wp-content\/uploads\/2018\/11\/B77494D7-939B-48CD-88E5-872A6EF1F98A.jpeg?resize=305%2C300 305w, https:\/\/i0.wp.com\/blogdalucianaoliveira.com.br\/blog\/wp-content\/uploads\/2018\/11\/B77494D7-939B-48CD-88E5-872A6EF1F98A.jpeg?w=1200 1200w\" sizes=\"auto, (max-width: 600px) 100vw, 600px\" \/><\/p>\n<p>Esse jornalista tem meu respeito e admira\u00e7\u00e3o.<\/p>\n<p>Vinicius Canova \u00e9 um profissional que escreve com responsabilidade com a informa\u00e7\u00e3o e com a sociedade.<\/p>\n<p>Ele cava profundamente, honra a fun\u00e7\u00e3o social do jornalismo.<\/p>\n<p>E olha que coisa&#8230;<\/p>\n<p>Vinicius ganhou o pr\u00eamio por denunciar o esc\u00e2ndalo de corrup\u00e7\u00e3o da ponte de j\u00ed-Paran\u00e1, que tem como protagonista um deputado eleito este ano.<\/p>\n<p>E o mais curioso \u00e9 que o novo deputado entrou na Assembleia e quem o denunciou saiu, n\u00e3o se reelegeu.<\/p>\n<p>Parab\u00e9ns pro meu amigo Vinicius. Tenho certeza que ele vai produzir novos cap\u00edtulos dessa hist\u00f3ria.<\/p>\n<p><img data-recalc-dims=\"1\" loading=\"lazy\" decoding=\"async\" data-attachment-id=\"19535\" data-permalink=\"http:\/\/blogdalucianaoliveira.com.br\/blog\/2018\/11\/21\/jornalista-premiado-com-denuncia-de-escandalo\/2e09b296-4692-453e-a382-f0dba95e7948\/\" data-orig-file=\"https:\/\/i0.wp.com\/blogdalucianaoliveira.com.br\/blog\/wp-content\/uploads\/2018\/11\/2E09B296-4692-453E-A382-F0DBA95E7948.jpeg?fit=329%2C300\" data-orig-size=\"329,300\" data-comments-opened=\"0\" data-image-meta=\"{&quot;aperture&quot;:&quot;0&quot;,&quot;credit&quot;:&quot;&quot;,&quot;camera&quot;:&quot;&quot;,&quot;caption&quot;:&quot;&quot;,&quot;created_timestamp&quot;:&quot;0&quot;,&quot;copyright&quot;:&quot;&quot;,&quot;focal_length&quot;:&quot;0&quot;,&quot;iso&quot;:&quot;0&quot;,&quot;shutter_speed&quot;:&quot;0&quot;,&quot;title&quot;:&quot;&quot;,&quot;orientation&quot;:&quot;0&quot;}\" data-image-title=\"2E09B296-4692-453E-A382-F0DBA95E7948\" data-image-description=\"\" data-image-caption=\"\" data-medium-file=\"https:\/\/i0.wp.com\/blogdalucianaoliveira.com.br\/blog\/wp-content\/uploads\/2018\/11\/2E09B296-4692-453E-A382-F0DBA95E7948.jpeg?fit=300%2C274\" data-large-file=\"https:\/\/i0.wp.com\/blogdalucianaoliveira.com.br\/blog\/wp-content\/uploads\/2018\/11\/2E09B296-4692-453E-A382-F0DBA95E7948.jpeg?fit=329%2C300\" src=\"https:\/\/i0.wp.com\/blogdalucianaoliveira.com.br\/blog\/wp-content\/uploads\/2018\/11\/2E09B296-4692-453E-A382-F0DBA95E7948.jpeg?resize=329%2C300\" alt=\"2E09B296-4692-453E-A382-F0DBA95E7948\" width=\"329\" height=\"300\" class=\"alignnone size-full wp-image-19535\" srcset=\"https:\/\/i0.wp.com\/blogdalucianaoliveira.com.br\/blog\/wp-content\/uploads\/2018\/11\/2E09B296-4692-453E-A382-F0DBA95E7948.jpeg?w=329 329w, https:\/\/i0.wp.com\/blogdalucianaoliveira.com.br\/blog\/wp-content\/uploads\/2018\/11\/2E09B296-4692-453E-A382-F0DBA95E7948.jpeg?resize=300%2C274 300w\" sizes=\"auto, (max-width: 329px) 100vw, 329px\" \/><\/p>\n<p>&nbsp;<\/p>\n<p>Leia a reportagem especial aqui:<\/p>\n<p><a href=\"http:\/\/rondoniadinamica.com\/arquivo\/especial-a-construcao-e-o-inicio-da-queda-da-ponte-da-corrupcao,35235.shtml\">http:\/\/rondoniadinamica.com\/arquivo\/especial-a-construcao-e-o-inicio-da-queda-da-ponte-da-corrupcao,35235.shtml<\/a><\/p>\n<p>&nbsp;<\/p>\n","protected":false},"excerpt":{"rendered":"<p>Esse jornalista tem meu respeito e admira\u00e7\u00e3o. Vinicius Canova \u00e9 um profissional que escreve com responsabilidade com a informa\u00e7\u00e3o e com a sociedade. Ele cava profundamente, honra a fun\u00e7\u00e3o social do jornalismo. E olha que coisa&#8230; Vinicius ganhou o pr\u00eamio por denunciar o esc\u00e2ndalo de corrup\u00e7\u00e3o da ponte de j\u00ed-Paran\u00e1, que tem como protagonista um&#8230;<a class=\"more-link\" href=\"http:\/\/blogdalucianaoliveira.com.br\/blog\/2018\/11\/21\/jornalista-premiado-com-denuncia-de-escandalo\/\">Continue a leitura <span class=\"meta-nav\">&raquo;<\/span><\/a><\/p>\n","protected":false},"author":1,"featured_media":0,"comment_status":"closed","ping_status":"open","sticky":false,"template":"","format":"standard","meta":{"_exactmetrics_skip_tracking":false,"_exactmetrics_sitenote_active":false,"_exactmetrics_sitenote_note":"","_exactmetrics_sitenote_category":0,"jetpack_post_was_ever_published":false,"_jetpack_newsletter_access":"","_jetpack_dont_email_post_to_subs":false,"_jetpack_newsletter_tier_id":0,"_jetpack_memberships_contains_paywalled_content":false,"_jetpack_memberships_contains_paid_content":false,"footnotes":"","jetpack_publicize_message":"","jetpack_publicize_feature_enabled":true,"jetpack_social_post_already_shared":true,"jetpack_social_options":{"image_generator_settings":{"template":"highway","enabled":false},"version":2}},"categories":[1],"tags":[],"class_list":["post-19532","post","type-post","status-publish","format-standard","hentry","category-notas"],"jetpack_publicize_connections":[],"jetpack_sharing_enabled":true,"jetpack_featured_media_url":"","jetpack_shortlink":"https:\/\/wp.me\/p7wKYW-552","jetpack-related-posts":[],"_links":{"self":[{"href":"http:\/\/blogdalucianaoliveira.com.br\/blog\/wp-json\/wp\/v2\/posts\/19532","targetHints":{"allow":["GET"]}}],"collection":[{"href":"http:\/\/blogdalucianaoliveira.com.br\/blog\/wp-json\/wp\/v2\/posts"}],"about":[{"href":"http:\/\/blogdalucianaoliveira.com.br\/blog\/wp-json\/wp\/v2\/types\/post"}],"author":[{"embeddable":true,"href":"http:\/\/blogdalucianaoliveira.com.br\/blog\/wp-json\/wp\/v2\/users\/1"}],"replies":[{"embeddable":true,"href":"http:\/\/blogdalucianaoliveira.com.br\/blog\/wp-json\/wp\/v2\/comments?post=19532"}],"version-history":[{"count":5,"href":"http:\/\/blogdalucianaoliveira.com.br\/blog\/wp-json\/wp\/v2\/posts\/19532\/revisions"}],"predecessor-version":[{"id":19539,"href":"http:\/\/blogdalucianaoliveira.com.br\/blog\/wp-json\/wp\/v2\/posts\/19532\/revisions\/19539"}],"wp:attachment":[{"href":"http:\/\/blogdalucianaoliveira.com.br\/blog\/wp-json\/wp\/v2\/media?parent=19532"}],"wp:term":[{"taxonomy":"category","embeddable":true,"href":"http:\/\/blogdalucianaoliveira.com.br\/blog\/wp-json\/wp\/v2\/categories?post=19532"},{"taxonomy":"post_tag","embeddable":true,"href":"http:\/\/blogdalucianaoliveira.com.br\/blog\/wp-json\/wp\/v2\/tags?post=19532"}],"curies":[{"name":"wp","href":"https:\/\/api.w.org\/{rel}","templated":true}]}}