{"id":19540,"date":"2018-11-22T08:03:17","date_gmt":"2018-11-22T12:03:17","guid":{"rendered":"http:\/\/blogdalucianaoliveira.com.br\/blog\/?p=19540"},"modified":"2018-11-22T08:03:17","modified_gmt":"2018-11-22T12:03:17","slug":"especialista-diz-que-algoritmos-de-empresas-prejudicam-pobres-e-negros","status":"publish","type":"post","link":"http:\/\/blogdalucianaoliveira.com.br\/blog\/2018\/11\/22\/especialista-diz-que-algoritmos-de-empresas-prejudicam-pobres-e-negros\/","title":{"rendered":"Especialista diz que algoritmos de empresas prejudicam pobres e negros"},"content":{"rendered":"<p><img data-recalc-dims=\"1\" loading=\"lazy\" decoding=\"async\" data-attachment-id=\"19541\" data-permalink=\"http:\/\/blogdalucianaoliveira.com.br\/blog\/2018\/11\/22\/especialista-diz-que-algoritmos-de-empresas-prejudicam-pobres-e-negros\/0979613d-8385-4454-ae13-55b38548517c\/\" data-orig-file=\"https:\/\/i0.wp.com\/blogdalucianaoliveira.com.br\/blog\/wp-content\/uploads\/2018\/11\/0979613D-8385-4454-AE13-55B38548517C.png?fit=756%2C420\" data-orig-size=\"756,420\" data-comments-opened=\"0\" data-image-meta=\"{&quot;aperture&quot;:&quot;0&quot;,&quot;credit&quot;:&quot;&quot;,&quot;camera&quot;:&quot;&quot;,&quot;caption&quot;:&quot;&quot;,&quot;created_timestamp&quot;:&quot;0&quot;,&quot;copyright&quot;:&quot;&quot;,&quot;focal_length&quot;:&quot;0&quot;,&quot;iso&quot;:&quot;0&quot;,&quot;shutter_speed&quot;:&quot;0&quot;,&quot;title&quot;:&quot;&quot;,&quot;orientation&quot;:&quot;0&quot;}\" data-image-title=\"0979613D-8385-4454-AE13-55B38548517C\" data-image-description=\"\" data-image-caption=\"\" data-medium-file=\"https:\/\/i0.wp.com\/blogdalucianaoliveira.com.br\/blog\/wp-content\/uploads\/2018\/11\/0979613D-8385-4454-AE13-55B38548517C.png?fit=300%2C167\" data-large-file=\"https:\/\/i0.wp.com\/blogdalucianaoliveira.com.br\/blog\/wp-content\/uploads\/2018\/11\/0979613D-8385-4454-AE13-55B38548517C.png?fit=600%2C333\" src=\"https:\/\/i0.wp.com\/blogdalucianaoliveira.com.br\/blog\/wp-content\/uploads\/2018\/11\/0979613D-8385-4454-AE13-55B38548517C.png?resize=600%2C333\" alt=\"0979613D-8385-4454-AE13-55B38548517C\" width=\"600\" height=\"333\" class=\"alignnone size-full wp-image-19541\" srcset=\"https:\/\/i0.wp.com\/blogdalucianaoliveira.com.br\/blog\/wp-content\/uploads\/2018\/11\/0979613D-8385-4454-AE13-55B38548517C.png?w=756 756w, https:\/\/i0.wp.com\/blogdalucianaoliveira.com.br\/blog\/wp-content\/uploads\/2018\/11\/0979613D-8385-4454-AE13-55B38548517C.png?resize=300%2C167 300w, https:\/\/i0.wp.com\/blogdalucianaoliveira.com.br\/blog\/wp-content\/uploads\/2018\/11\/0979613D-8385-4454-AE13-55B38548517C.png?resize=540%2C300 540w\" sizes=\"auto, (max-width: 600px) 100vw, 600px\" \/><\/p>\n<p>No Blog da Cidadania &#8211; Para quem nunca acabou a universidade, Joi Ito chegou longe. Ele dirige desde 2011 um dos mais influentes centros de estudos sobre comunica\u00e7\u00e3o digital no mundo, o Media Lab do MIT (Instituto Tecnol\u00f3gico de Massachusetts), e \u00e9 professor-visitante de uma das mais influentes escolas de direito, a Harvard Law School. \u00c9 desse observat\u00f3rio para l\u00e1 de privilegiado que ele defende a reinven\u00e7\u00e3o da democracia: \u201cPrecisamos reinventar a democracia para a era das redes, usando as redes sociais\u201d.<!--more--><\/p>\n<p>Nascido no Jap\u00e3o, ele come\u00e7ou a estudar ci\u00eancias da computa\u00e7\u00e3o nos EUA, mas achou o curso \u201cest\u00fapido\u201d e preferiu se arriscar em neg\u00f3cios t\u00e3o diferentes quanto atuar como DJ em Chicago e desbravar o come\u00e7o da internet em empresas como a Digital Garage e PSINet Japan. Com o dinheiro que ganhou investiu em empresas que estavam come\u00e7ando, como Twitter. Neste ano, finalmente, ele apresentou uma disserta\u00e7\u00e3o no MIT e tornou-se doutor.<\/p>\n<p>De passagem por S\u00e3o Paulo, onde participou de um semin\u00e1rio da HSM, Ito, 52, criticou em entrevista \u00e0 Folha o uso que as empresas fazem de f\u00f3rmulas matem\u00e1ticas para analisar clientes, os algoritmos. \u201cSeguro de carros, planos de sa\u00fade est\u00e3o usando algoritmo e o resultado \u00e9 injusto com os negros e os mais pobres\u201d, afirma.<\/p>\n<p>O sr. acredita que \u00e9 poss\u00edvel reduzir os efeitos das fake news ou isso \u00e9 imposs\u00edvel? \u00c9 imposs\u00edvel eliminar fake news, assim como \u00e9 imposs\u00edvel eliminar a vulnerabilidade dos sistemas de computa\u00e7\u00e3o. Fake news \u00e9 um fen\u00f4meno parecido com seguran\u00e7a cibern\u00e9tica. A sofistica\u00e7\u00e3o dos ataques \u00e9 crescente, como os que os russos usaram [na elei\u00e7\u00e3o de Donald Trump]. Eles exploram a vulnerabilidade dos sistemas.<\/p>\n<p>O que est\u00e1 acontecendo \u00e9 uma esp\u00e9cie de jogo entre gato e rato. Quando um pa\u00eds identifica a t\u00e9cnica usada pelos russos, os russos adotam uma nova estrat\u00e9gia. No Brasil usaram grupos de m\u00e1quinas para distribuir not\u00edcias falsas por WhatsApp. Assim que come\u00e7aram as redes sociais, come\u00e7aram tamb\u00e9m os ataques. N\u00f3s estamos melhorando a seguran\u00e7a, mas os caras maus tamb\u00e9m est\u00e3o melhorando os ataques.<\/p>\n<p>Facebook e WhatsApp t\u00eam dito que investem recursos e tecnologia para evitar as fake news. O sr. acredita nisso ou essas empresas est\u00e3o fazendo s\u00f3 propaganda? \u201cAcho que n\u00e3o \u00e9 s\u00f3 propaganda, j\u00e1 que eles est\u00e3o gastando muito dinheiro para resolver esses problemas. Tecnicamente eles s\u00e3o muito bons e eles v\u00e3o tentar tudo o que puderem do ponto de vista tecnol\u00f3gico. Talvez tenha que haver algum tipo de regula\u00e7\u00e3o por parte do governo, mas ela ter\u00e1 que manter o neg\u00f3cio lucrativo porque h\u00e1 um risco de a regulamenta\u00e7\u00e3o destruir o neg\u00f3cio.\u201d<\/p>\n<p>A quest\u00e3o \u00e9 saber o quanto de prote\u00e7\u00e3o contra fake news ser\u00e1 suficiente. Quando voc\u00ea tem genoc\u00eddio, como aconteceu em Mianmar, ou mortes, como na \u00cdndia, h\u00e1 que se perguntar se eles podem continuar tocando o neg\u00f3cio do modo que est\u00e3o fazendo. Acho que a sociedade civil precisa questionar os governos se certos tipos de neg\u00f3cios podem ser conduzidos de certa maneira.<\/p>\n<p>O sr. prefere a autoregulamenta\u00e7\u00e3o ou regras do governo? Prefiro as duas coisas. Acho que as companhias t\u00eam de ser respons\u00e1veis. Eles come\u00e7aram a perceber que est\u00e3o diante de um grande problema. Mas o governo precisa agir.<\/p>\n<p>Por que certos grupos preferem acreditar em fake news em vez de confiar em jornais tradicionais? \u00c9 a sedu\u00e7\u00e3o da conspira\u00e7\u00e3o? H\u00e1, sim, uma cultura da conspira\u00e7\u00e3o. Mas acho que os jornais n\u00e3o est\u00e3o falando uma linguagem compreens\u00edvel para os mais jovens. H\u00e1 estudos que mostram que os mais jovens acreditam mais em artigos quando veem a foto do jornalista em campo e em textos escritos em primeira pessoa, como a [revista] Vice faz.<\/p>\n<p>Os jornais tradicionais s\u00e3o mais neutros e os jornalistas n\u00e3o falam deles pr\u00f3prios. Para os mais jovens, isso \u00e9 fake. A neutralidade dos jornais \u00e9 vista como algo super-produzido, n\u00e3o cru. Parte do problema \u00e9 de estilo. Outra quest\u00e3o \u00e9 que as redes sociais criaram essa superpolariza\u00e7\u00e3o, que \u00e9 refor\u00e7ada pelas bolhas. A internet sempre gostou de teorias conspirat\u00f3rias. \u00c9 onde pessoas estranhas encontram pessoas estranhas. A m\u00eddia precisa entender melhor esse mundo.<\/p>\n<p>Como assim? Eu digo para a minha equipe no MIT que os \u201ctrolls\u201d [g\u00edria que designa aqueles que usam a internet para inflamar discuss\u00f5es e disseminar conflitos] s\u00e3o pessoas que s\u00f3 est\u00e3o tentando causar problemas. Quando os jornais escrevem sobre eles, s\u00f3 est\u00e3o dando mais energia para essa gente. Essas pessoas querem aten\u00e7\u00e3o e os jornalistas est\u00e3o levando elas a s\u00e9rio.<\/p>\n<p>N\u00e3o \u00e9 para lev\u00e1-las a s\u00e9rio? O meu conselho \u00e9: n\u00e3o alimente os \u201ctrolls\u201d. Os jornalistas precisam prestar mais aten\u00e7\u00e3o. Muitos desses ataques s\u00e3o projetados contando com a rea\u00e7\u00e3o dos jornais. Os jornais precisam ter pessoas dentro dessas comunidades e gastar mais tempo para entend\u00ea-las.<\/p>\n<p>O sr. acredita que as redes sociais podem destruir a democracia, j\u00e1 que tudo que ocorre dentro de bolhas? Estamos vendo a confian\u00e7a nas m\u00eddias sociais desaparecer, mas existe uma nova vers\u00e3o de m\u00eddia que quer se tornar parte da democracia na pr\u00f3xima gera\u00e7\u00e3o. Acho que a democracia precisa ser reinventada, algo como democracia 2.0 ou democracia 3.0. Precisamos reinventar a democracia para a era das redes, usando as redes sociais. As plataformas e as pessoas precisam entender melhor o papel da m\u00eddia social junto com a m\u00eddia tradicional e a democracia. Temos que come\u00e7ar alguns experimentos em cidades menores, envolvendo as comunidades em discuss\u00f5es pol\u00edticas junto com a m\u00eddia local. Talvez em redes fechadas, n\u00e3o abertas. O que estamos vendo agora \u00e9 a parte negativa, o lado obscuro das redes.<\/p>\n<p>O sr. \u00e9 otimista? Sou otimista a longo prazo. A curto prazo, n\u00e3o. \u00c9 como a garota do filme \u201cO Exorcista\u201d. Ela pode estar horr\u00edvel, mas depois de uma boa limpeza ficar\u00e1 uma garota legal.<\/p>\n<p>H\u00e1 vis\u00f5es opostas sobre o impacto da intelig\u00eancia artificial nos empregos. Elon Musk, da Tesla, diz que \u00e9 a quest\u00e3o mais assustadora do futuro. J\u00e1 Peter Diamandis cr\u00ea num futuro de abund\u00e2ncia. Quem est\u00e1 certo? Ambos est\u00e3o errados. H\u00e1 uma preocupa\u00e7\u00e3o excessiva com superintelig\u00eancia. Eu estou mais preocupado com a intelig\u00eancia est\u00fapida. Porque est\u00e3o usando algoritmos para todo tipo de decis\u00e3o, para estabelecer senten\u00e7as judiciais, liberdade condicional, para vender produtos. \u00c9 um sistema muito eficiente.<\/p>\n<p>A Amazon usa algoritmos e s\u00f3 oferece Amazon Prime [sistema de vantagens] para ricos. Em Boston, uma fam\u00edlia negra ganha US$ 8 d\u00f3lares de renda. Os brancos em Boston recebem US$ 247 mil. Estou muito preocupado porque algoritmos s\u00f3 est\u00e3o refor\u00e7ando preconceitos e criando um sistema injusto em termos de desigualdade social. Seguro de carros, planos de sa\u00fade est\u00e3o usando algoritmo e o resultado \u00e9 injusto com os negros e os mais pobres. Algoritmo tem um tremendo efeito negativo. \u00c9 bom para os neg\u00f3cios, mas n\u00e3o \u00e9 justo.<\/p>\n<p>Peter Diamandis est\u00e1 errado porque abund\u00e2ncia n\u00e3o faz ningu\u00e9m feliz e te deixa gordo. Comida, por exemplo. N\u00e3o h\u00e1 falta, mas h\u00e1 um problema de distribui\u00e7\u00e3o. \u00c9 um problema social que o Silicon Valley n\u00e3o vai resolver.<\/p>\n<p>O novo presidente do Brasil foi eleito com a promessa de prender mais pessoas para reduzir o crime, algo que os EUA fazem h\u00e1 30 anos. Primeira coisa: encarceramento em massa n\u00e3o reduz o crime. Guerra \u00e0s drogas \u00e9 outra m\u00e1 ideia: s\u00f3 serve para colocar pessoas pobres nas pris\u00f5es. Est\u00e3o usando intelig\u00eancia artificial para tornar a pol\u00edcia e a justi\u00e7a mais eficiente, mas tornar o sistema mais eficiente n\u00e3o resolve o problema.<\/p>\n<p>A raz\u00e3o pela qual existem crimes \u00e9 que as pessoas n\u00e3o t\u00eam dinheiro, perderam o emprego, n\u00e3o t\u00eam um sistema social de bem estar, \u00e9 porque as escolas p\u00fablicas est\u00e3o perdendo recursos. Para reduzir crimes voc\u00ea precisa fazer as pessoas felizes, com educa\u00e7\u00e3o e com emprego. Em Detroit, onde trabalhei muito, gastavam mais dinheiro com pris\u00e3o do que com educa\u00e7\u00e3o. Isso \u00e9 rid\u00edculo.<\/p>\n<p>Minha preocupa\u00e7\u00e3o com o seu governo \u00e9 que ele tire recursos das escolas para construir pris\u00f5es, como fizeram nos EUA, porque o crime vai continuar crescendo. Para o futuro voc\u00ea precisa de pessoas bem educadas e produtivas, algo que as pris\u00f5es n\u00e3o conseguem fazer.<\/p>\n<p>Da FSP<\/p>\n","protected":false},"excerpt":{"rendered":"<p>No Blog da Cidadania &#8211; Para quem nunca acabou a universidade, Joi Ito chegou longe. Ele dirige desde 2011 um dos mais influentes centros de estudos sobre comunica\u00e7\u00e3o digital no mundo, o Media Lab do MIT (Instituto Tecnol\u00f3gico de Massachusetts), e \u00e9 professor-visitante de uma das mais influentes escolas de direito, a Harvard Law School&#8230;.<a class=\"more-link\" href=\"http:\/\/blogdalucianaoliveira.com.br\/blog\/2018\/11\/22\/especialista-diz-que-algoritmos-de-empresas-prejudicam-pobres-e-negros\/\">Continue a leitura <span class=\"meta-nav\">&raquo;<\/span><\/a><\/p>\n","protected":false},"author":1,"featured_media":0,"comment_status":"closed","ping_status":"open","sticky":false,"template":"","format":"standard","meta":{"_exactmetrics_skip_tracking":false,"_exactmetrics_sitenote_active":false,"_exactmetrics_sitenote_note":"","_exactmetrics_sitenote_category":0,"jetpack_post_was_ever_published":false,"_jetpack_newsletter_access":"","_jetpack_dont_email_post_to_subs":false,"_jetpack_newsletter_tier_id":0,"_jetpack_memberships_contains_paywalled_content":false,"_jetpack_memberships_contains_paid_content":false,"footnotes":"","jetpack_publicize_message":"","jetpack_publicize_feature_enabled":true,"jetpack_social_post_already_shared":true,"jetpack_social_options":{"image_generator_settings":{"template":"highway","enabled":false},"version":2}},"categories":[1],"tags":[],"class_list":["post-19540","post","type-post","status-publish","format-standard","hentry","category-notas"],"jetpack_publicize_connections":[],"jetpack_sharing_enabled":true,"jetpack_featured_media_url":"","jetpack_shortlink":"https:\/\/wp.me\/p7wKYW-55a","jetpack-related-posts":[],"_links":{"self":[{"href":"http:\/\/blogdalucianaoliveira.com.br\/blog\/wp-json\/wp\/v2\/posts\/19540","targetHints":{"allow":["GET"]}}],"collection":[{"href":"http:\/\/blogdalucianaoliveira.com.br\/blog\/wp-json\/wp\/v2\/posts"}],"about":[{"href":"http:\/\/blogdalucianaoliveira.com.br\/blog\/wp-json\/wp\/v2\/types\/post"}],"author":[{"embeddable":true,"href":"http:\/\/blogdalucianaoliveira.com.br\/blog\/wp-json\/wp\/v2\/users\/1"}],"replies":[{"embeddable":true,"href":"http:\/\/blogdalucianaoliveira.com.br\/blog\/wp-json\/wp\/v2\/comments?post=19540"}],"version-history":[{"count":1,"href":"http:\/\/blogdalucianaoliveira.com.br\/blog\/wp-json\/wp\/v2\/posts\/19540\/revisions"}],"predecessor-version":[{"id":19542,"href":"http:\/\/blogdalucianaoliveira.com.br\/blog\/wp-json\/wp\/v2\/posts\/19540\/revisions\/19542"}],"wp:attachment":[{"href":"http:\/\/blogdalucianaoliveira.com.br\/blog\/wp-json\/wp\/v2\/media?parent=19540"}],"wp:term":[{"taxonomy":"category","embeddable":true,"href":"http:\/\/blogdalucianaoliveira.com.br\/blog\/wp-json\/wp\/v2\/categories?post=19540"},{"taxonomy":"post_tag","embeddable":true,"href":"http:\/\/blogdalucianaoliveira.com.br\/blog\/wp-json\/wp\/v2\/tags?post=19540"}],"curies":[{"name":"wp","href":"https:\/\/api.w.org\/{rel}","templated":true}]}}