{"id":19543,"date":"2018-11-22T08:12:03","date_gmt":"2018-11-22T12:12:03","guid":{"rendered":"http:\/\/blogdalucianaoliveira.com.br\/blog\/?p=19543"},"modified":"2018-11-22T08:12:03","modified_gmt":"2018-11-22T12:12:03","slug":"o-brasil-entre-pequim-e-washington","status":"publish","type":"post","link":"http:\/\/blogdalucianaoliveira.com.br\/blog\/2018\/11\/22\/o-brasil-entre-pequim-e-washington\/","title":{"rendered":"O Brasil, entre Pequim e Washington"},"content":{"rendered":"<p><img data-recalc-dims=\"1\" loading=\"lazy\" decoding=\"async\" data-attachment-id=\"19544\" data-permalink=\"http:\/\/blogdalucianaoliveira.com.br\/blog\/2018\/11\/22\/o-brasil-entre-pequim-e-washington\/0677c2ed-d2b4-409b-856c-e0020a80c828\/\" data-orig-file=\"https:\/\/i0.wp.com\/blogdalucianaoliveira.com.br\/blog\/wp-content\/uploads\/2018\/11\/0677C2ED-D2B4-409B-856C-E0020A80C828.jpeg?fit=768%2C512\" data-orig-size=\"768,512\" data-comments-opened=\"0\" data-image-meta=\"{&quot;aperture&quot;:&quot;0&quot;,&quot;credit&quot;:&quot;&quot;,&quot;camera&quot;:&quot;&quot;,&quot;caption&quot;:&quot;&quot;,&quot;created_timestamp&quot;:&quot;0&quot;,&quot;copyright&quot;:&quot;&quot;,&quot;focal_length&quot;:&quot;0&quot;,&quot;iso&quot;:&quot;0&quot;,&quot;shutter_speed&quot;:&quot;0&quot;,&quot;title&quot;:&quot;&quot;,&quot;orientation&quot;:&quot;0&quot;}\" data-image-title=\"0677C2ED-D2B4-409B-856C-E0020A80C828\" data-image-description=\"\" data-image-caption=\"\" data-medium-file=\"https:\/\/i0.wp.com\/blogdalucianaoliveira.com.br\/blog\/wp-content\/uploads\/2018\/11\/0677C2ED-D2B4-409B-856C-E0020A80C828.jpeg?fit=300%2C200\" data-large-file=\"https:\/\/i0.wp.com\/blogdalucianaoliveira.com.br\/blog\/wp-content\/uploads\/2018\/11\/0677C2ED-D2B4-409B-856C-E0020A80C828.jpeg?fit=600%2C400\" src=\"https:\/\/i0.wp.com\/blogdalucianaoliveira.com.br\/blog\/wp-content\/uploads\/2018\/11\/0677C2ED-D2B4-409B-856C-E0020A80C828.jpeg?resize=600%2C400\" alt=\"0677C2ED-D2B4-409B-856C-E0020A80C828\" width=\"600\" height=\"400\" class=\"alignnone size-full wp-image-19544\" srcset=\"https:\/\/i0.wp.com\/blogdalucianaoliveira.com.br\/blog\/wp-content\/uploads\/2018\/11\/0677C2ED-D2B4-409B-856C-E0020A80C828.jpeg?w=768 768w, https:\/\/i0.wp.com\/blogdalucianaoliveira.com.br\/blog\/wp-content\/uploads\/2018\/11\/0677C2ED-D2B4-409B-856C-E0020A80C828.jpeg?resize=300%2C200 300w, https:\/\/i0.wp.com\/blogdalucianaoliveira.com.br\/blog\/wp-content\/uploads\/2018\/11\/0677C2ED-D2B4-409B-856C-E0020A80C828.jpeg?resize=450%2C300 450w\" sizes=\"auto, (max-width: 600px) 100vw, 600px\" \/><\/p>\n<p>Folha &#8211; Cl\u00f3vis Rossi &#8211; O presidente eleito, Jair Bolsonaro, perdeu uma oportunidade de ouro para definir prioridades na rela\u00e7\u00e3o com a China ao n\u00e3o aceitar o convite de Michel Temer para acompanh\u00e1-lo \u00e0 c\u00fapula do G20 na pr\u00f3xima semana em Buenos Aires. \u00c9 compreens\u00edvel que Bolsonaro n\u00e3o v\u00e1, pelo inc\u00f4modo que causa a bolsa de colostomia que tem que carregar.<!--more--><\/p>\n<p>Mas, se pudesse ir, testemunharia ao vivo e em cores o previs\u00edvel choque de trens entre Donald Trump e Xi Jinping em torno da guerra comercial em curso. O anunciado encontro entre os dois mandat\u00e1rios \u00e9 o grande assunto do G20.<\/p>\n<p>\u00c9 pouco prov\u00e1vel, no entanto, que haja um desenlace qualquer nesse tipo de reuni\u00e3o, por mais que Trump seja t\u00e3o imprevis\u00edvel e inst\u00e1vel que, de repente, abra\u00e7a e beija Xi e d\u00e1 a guerra por encerrada, claro que com vit\u00f3ria dos EUA.<\/p>\n<p>O mais l\u00f3gico, no entanto, \u00e9 que a disputa continue e force o governo Bolsonaro a definir-se. Por enquanto, o que se tem \u00e9 uma frase de Bolsonaro cr\u00edtica \u00e0 China: \u201cA China n\u00e3o est\u00e1 comprando no Brasil,<br \/>\nest\u00e1 comprando o Brasil\u201d.<\/p>\n<p>N\u00e3o \u00e9 bem verdade, mas, de fato, a China investiu mais de US$ 20 bilh\u00f5es (R$ 75 bilh\u00f5es) no Brasil entre 2016 e 2017. Em contrapartida, \u00e9, desde 2009, o mais importante parceiro comercial do pa\u00eds, tendo importado em torno de US$ 47 bilh\u00f5es neste ano (R$ 178 bi), mais do que o dobro do que os EUA compraram no Brasil.<\/p>\n<p>\u201cO investimento da China e o com\u00e9rcio s\u00e3o cruciais para manter a economia brasileira \u00e0 tona\u201d, escreve para Americas Quarterly Oliver Stuenkel, professor de Rela\u00e7\u00f5es Internacionais na FGV-SP.<\/p>\n<p>\u00c9 razo\u00e1vel supor que o vice de Bolsonaro, o general Hamilton Mour\u00e3o, tenha esses dados na cabe\u00e7a porque, em entrevista ao Financial Times, desqualificou a ret\u00f3rica do seu superior hier\u00e1rquico: \u201c\u00c0s vezes, o presidente tem uma ret\u00f3rica que n\u00e3o combina com a realidade. A China n\u00e3o est\u00e1 comprando o Brasil porque ningu\u00e9m pode comprar o Brasil\u201d.<\/p>\n<p>Mour\u00e3o defende a tradi\u00e7\u00e3o pragm\u00e1tica da pol\u00edtica externa brasileira e sugere manter o equil\u00edbrio no que toca \u00e0 rela\u00e7\u00e3o com a China.<\/p>\n<p>\u00c9 o mais sensato a fazer, at\u00e9 porque China e EUA s\u00e3o os dois mais importantes parceiros comerciais do Brasil. N\u00e3o faz sentido alinhar-se incondicionalmente a um ou ao outro.<\/p>\n<p>Que se mantenham as melhores rela\u00e7\u00f5es com os Estados Unidos \u00e9 inevit\u00e1vel. N\u00e3o seria, ali\u00e1s, nada mais do que uma continuidade do que ocorreu desde o governo Fernando Henrique Cardoso, salvo um breve intervalo quando se revelou o grampo no telefone da ent\u00e3o presidente Dilma Rousseff.<\/p>\n<p>Mais complicado \u00e9 definir o relacionamento com a China. A guerra comercial entre chineses e americanos \u00e9 apenas a parte mais vis\u00edvel de uma disputa pela lideran\u00e7a global.<\/p>\n<p>O New York Times publicou nesta quarta-feira (21) amplo levantamento sobre a chamada \u201cBelt and Road Initiative\u201d, plano chin\u00eas para criar vasta rede de com\u00e9rcio, investimento e infraestrutura \u201cque remodelar\u00e1 la\u00e7os financeiros e geopol\u00edticos \u2014e trar\u00e1 o resto do mundo para mais perto de Pequim\u201d.<\/p>\n<p>O Brasil necessita desesperadamente de investimento em infraestrutura e de vender ainda mais \u00e0 China (e a outros pa\u00edses, claro). O problema \u00e9 saber qu\u00e3o perto quer ficar de Pequim e se essa proximidade o afastar\u00e1 de Washington. <\/p>\n<p>N\u00e3o \u00e9 jogo para amadores.<\/p>\n<p>Cl\u00f3vis Rossi<br \/>\nRep\u00f3rter especial, membro do Conselho Editorial da Folha e vencedor do pr\u00eamio Maria Moors Cabot.<\/p>\n","protected":false},"excerpt":{"rendered":"<p>Folha &#8211; Cl\u00f3vis Rossi &#8211; O presidente eleito, Jair Bolsonaro, perdeu uma oportunidade de ouro para definir prioridades na rela\u00e7\u00e3o com a China ao n\u00e3o aceitar o convite de Michel Temer para acompanh\u00e1-lo \u00e0 c\u00fapula do G20 na pr\u00f3xima semana em Buenos Aires. \u00c9 compreens\u00edvel que Bolsonaro n\u00e3o v\u00e1, pelo inc\u00f4modo que causa a bolsa&#8230;<a class=\"more-link\" href=\"http:\/\/blogdalucianaoliveira.com.br\/blog\/2018\/11\/22\/o-brasil-entre-pequim-e-washington\/\">Continue a leitura <span class=\"meta-nav\">&raquo;<\/span><\/a><\/p>\n","protected":false},"author":1,"featured_media":0,"comment_status":"closed","ping_status":"open","sticky":false,"template":"","format":"standard","meta":{"_exactmetrics_skip_tracking":false,"_exactmetrics_sitenote_active":false,"_exactmetrics_sitenote_note":"","_exactmetrics_sitenote_category":0,"jetpack_post_was_ever_published":false,"_jetpack_newsletter_access":"","_jetpack_dont_email_post_to_subs":false,"_jetpack_newsletter_tier_id":0,"_jetpack_memberships_contains_paywalled_content":false,"_jetpack_memberships_contains_paid_content":false,"footnotes":"","jetpack_publicize_message":"","jetpack_publicize_feature_enabled":true,"jetpack_social_post_already_shared":true,"jetpack_social_options":{"image_generator_settings":{"template":"highway","enabled":false},"version":2}},"categories":[1],"tags":[],"class_list":["post-19543","post","type-post","status-publish","format-standard","hentry","category-notas"],"jetpack_publicize_connections":[],"jetpack_sharing_enabled":true,"jetpack_featured_media_url":"","jetpack_shortlink":"https:\/\/wp.me\/p7wKYW-55d","jetpack-related-posts":[],"_links":{"self":[{"href":"http:\/\/blogdalucianaoliveira.com.br\/blog\/wp-json\/wp\/v2\/posts\/19543","targetHints":{"allow":["GET"]}}],"collection":[{"href":"http:\/\/blogdalucianaoliveira.com.br\/blog\/wp-json\/wp\/v2\/posts"}],"about":[{"href":"http:\/\/blogdalucianaoliveira.com.br\/blog\/wp-json\/wp\/v2\/types\/post"}],"author":[{"embeddable":true,"href":"http:\/\/blogdalucianaoliveira.com.br\/blog\/wp-json\/wp\/v2\/users\/1"}],"replies":[{"embeddable":true,"href":"http:\/\/blogdalucianaoliveira.com.br\/blog\/wp-json\/wp\/v2\/comments?post=19543"}],"version-history":[{"count":1,"href":"http:\/\/blogdalucianaoliveira.com.br\/blog\/wp-json\/wp\/v2\/posts\/19543\/revisions"}],"predecessor-version":[{"id":19545,"href":"http:\/\/blogdalucianaoliveira.com.br\/blog\/wp-json\/wp\/v2\/posts\/19543\/revisions\/19545"}],"wp:attachment":[{"href":"http:\/\/blogdalucianaoliveira.com.br\/blog\/wp-json\/wp\/v2\/media?parent=19543"}],"wp:term":[{"taxonomy":"category","embeddable":true,"href":"http:\/\/blogdalucianaoliveira.com.br\/blog\/wp-json\/wp\/v2\/categories?post=19543"},{"taxonomy":"post_tag","embeddable":true,"href":"http:\/\/blogdalucianaoliveira.com.br\/blog\/wp-json\/wp\/v2\/tags?post=19543"}],"curies":[{"name":"wp","href":"https:\/\/api.w.org\/{rel}","templated":true}]}}