{"id":19546,"date":"2018-11-22T19:16:00","date_gmt":"2018-11-22T23:16:00","guid":{"rendered":"http:\/\/blogdalucianaoliveira.com.br\/blog\/?p=19546"},"modified":"2018-11-22T19:21:50","modified_gmt":"2018-11-22T23:21:50","slug":"e-cedo-para-tanto-espanto-com-bolsonaro","status":"publish","type":"post","link":"http:\/\/blogdalucianaoliveira.com.br\/blog\/2018\/11\/22\/e-cedo-para-tanto-espanto-com-bolsonaro\/","title":{"rendered":"\u00c9 cedo para tanto espanto com Bolsonaro?"},"content":{"rendered":"<p><img data-recalc-dims=\"1\" loading=\"lazy\" decoding=\"async\" data-attachment-id=\"19547\" data-permalink=\"http:\/\/blogdalucianaoliveira.com.br\/blog\/2018\/11\/22\/e-cedo-para-tanto-espanto-com-bolsonaro\/puto-3\/\" data-orig-file=\"https:\/\/i0.wp.com\/blogdalucianaoliveira.com.br\/blog\/wp-content\/uploads\/2018\/11\/puto.jpg?fit=1000%2C541\" data-orig-size=\"1000,541\" data-comments-opened=\"0\" data-image-meta=\"{&quot;aperture&quot;:&quot;0&quot;,&quot;credit&quot;:&quot;&quot;,&quot;camera&quot;:&quot;&quot;,&quot;caption&quot;:&quot;&quot;,&quot;created_timestamp&quot;:&quot;0&quot;,&quot;copyright&quot;:&quot;&quot;,&quot;focal_length&quot;:&quot;0&quot;,&quot;iso&quot;:&quot;0&quot;,&quot;shutter_speed&quot;:&quot;0&quot;,&quot;title&quot;:&quot;&quot;,&quot;orientation&quot;:&quot;0&quot;}\" data-image-title=\"puto\" data-image-description=\"\" data-image-caption=\"\" data-medium-file=\"https:\/\/i0.wp.com\/blogdalucianaoliveira.com.br\/blog\/wp-content\/uploads\/2018\/11\/puto.jpg?fit=300%2C162\" data-large-file=\"https:\/\/i0.wp.com\/blogdalucianaoliveira.com.br\/blog\/wp-content\/uploads\/2018\/11\/puto.jpg?fit=600%2C325\" src=\"https:\/\/i0.wp.com\/blogdalucianaoliveira.com.br\/blog\/wp-content\/uploads\/2018\/11\/puto.jpg?resize=600%2C325\" alt=\"puto\" width=\"600\" height=\"325\" class=\"alignnone size-full wp-image-19547\" srcset=\"https:\/\/i0.wp.com\/blogdalucianaoliveira.com.br\/blog\/wp-content\/uploads\/2018\/11\/puto.jpg?w=1000 1000w, https:\/\/i0.wp.com\/blogdalucianaoliveira.com.br\/blog\/wp-content\/uploads\/2018\/11\/puto.jpg?resize=300%2C162 300w, https:\/\/i0.wp.com\/blogdalucianaoliveira.com.br\/blog\/wp-content\/uploads\/2018\/11\/puto.jpg?resize=768%2C415 768w, https:\/\/i0.wp.com\/blogdalucianaoliveira.com.br\/blog\/wp-content\/uploads\/2018\/11\/puto.jpg?resize=555%2C300 555w\" sizes=\"auto, (max-width: 600px) 100vw, 600px\" \/><\/p>\n<p>Como bem disse Leonardo Boff, \u201ctodo ponto de vista \u00e9 a vista de um ponto\u201d e quem n\u00e3o teve por que votar no capit\u00e3o est\u00e1 com os cabelos em p\u00e9. <\/p>\n<p>N\u00e3o \u00e9 cedo para temer e planejar forte e organizada resist\u00eancia.<\/p>\n<p>Bolsonaro confirma com indica\u00e7\u00f5es por mera afinidade ideol\u00f3gica que vai fazer de tudo para transformar o Brasil numa rep\u00fablica neopentecostal fundamentalista militarizada arreganhada para o capital estrangeiro.<!--more--><\/p>\n<p>Bastou uma press\u00e3o da bancada evang\u00e9lica \u2013 sedenta para emplacar o projeto da Escola Sem Partido &#8211; para Bolsonaro descartar o ex-reitor da Universidade Federal de Pernambuco, Mozart Neves, ao minist\u00e9rio da educa\u00e7\u00e3o. <\/p>\n<p>O presidente eleito negou que o tenha cogitado, mas sabendo que Mozart \u00e9 contra a uniformiza\u00e7\u00e3o do pensamento e a censura ao debate sobre diversidade de g\u00eanero, adiantou que vai escolher um ministro que respeite a ordem de que sexo \u00e9 \u201cpapai e mam\u00e3e quem tem que ensinar\u201d.<\/p>\n<p>N\u00e3o bastasse o obscurantismo religioso, o que se sabe que vai pra frente \u00e9 a pol\u00edtica econ\u00f4mica ultraliberal e n\u00e3o pela boca do presidente.<\/p>\n<p>Vem do \u2018posto Ipiranga\u2019, o apelido carinhoso mais dif\u00edcil de esquecer que o presidente eleito deu a Paulo Guedes, o superministro da economia.<\/p>\n<p>O guru do capit\u00e3o \u00e9 quem vai decidir se os crit\u00e9rios que garantem estabilidade aos servidores p\u00fablicos devem ser flexibilizados, se a Petrobras vai ser privatizada e como, se a Reforma da Previd\u00eancia sai com \u201cprensa\u201d no Congresso, quem assume o que, enfim, tudo o que envolve pol\u00edtica macroecon\u00f4mica.<\/p>\n<p>\u201cEu t\u00f4 dando carta branca pra ele. Tudo que \u00e9 envolvido com economia \u00e9 ele quem est\u00e1 escalando o time. Eu s\u00f3 olho\u201d.<\/p>\n<p>Os sinais de desmantelo s\u00e3o percept\u00edveis e comentados \u00e0 boca gra\u00fada entre economistas, mas \u00e9 cedo para vermos at\u00e9 onde vai a obsess\u00e3o de Paulo Guedes em praticar o liberalismo que o encantou quando viveu no Chile em plena ditadura.<\/p>\n<p>S\u00f3 como governo saberemos como ele vai conseguir reduzir o tamanho do Estado, cortar gastos para n\u00e3o aumentar impostos e o mais preocupante, como far\u00e1 a promo\u00e7\u00e3o de riquezas do pa\u00eds ao capital estrangeiro.<\/p>\n<p>A secretaria de privatiza\u00e7\u00f5es j\u00e1 est\u00e1 garantida, o pegue e pague baratinho.<\/p>\n<p>O brasileiro vai ter dificuldade com a lista de desejos na virada do ano. Agora o horizonte \u00e9 de incertezas, mas com certeza de perdas.<\/p>\n<p>A expectativa de um governo qualificado, limpinho e cheiroso j\u00e1 era.<\/p>\n<p>N\u00e3o \u00e9 cedo para admitir que diferentemente do que Bolsonaro prometeu em campanha, a base de apoio ao governo est\u00e1 sendo montada com indica\u00e7\u00f5es pol\u00edticas e com nomes enrolados na justi\u00e7a.<\/p>\n<p>Paulo Guedes \u00e9 um que responde por fraudes contra fundos de pens\u00e3o e fundos de investimentos.<br \/>\nOnyx Lorenzoni, \u00e9 investigado por recebimento de doa\u00e7\u00f5es il\u00edcitas em campanha eleitoral (caixa 2).<br \/>\nMarcos Pontes \u00e9 acusado de ser s\u00f3cio oculto numa empresa quando era militar da ativa, o que \u00e9 vedado aos militares.<br \/>\nTereza Cristina \u00e9 investigada por conceder incentivos fiscais \u00e0 JBS quando era secret\u00e1ria estadual de Desenvolvimento Agr\u00e1rio e Produ\u00e7\u00e3o de Mato Grosso do Sul.<br \/>\nLuiz Henrique Mandetta \u00e9 investigado por fraude em licita\u00e7\u00e3o, tr\u00e1fico de influ\u00eancia e caixa 2 no contrato para implementar um sistema de informatiza\u00e7\u00e3o na sa\u00fade em Campo Grande, no per\u00edodo no qual foi secret\u00e1rio.<br \/>\nTem ainda o ex-juiz S\u00e9rgio Moro que esponde a v\u00e1rios processos disciplinares no Conselho Nacional de Justi\u00e7a (CNJ).<\/p>\n<p>N\u00e3o, n\u00e3o \u00e9 cedo para quem n\u00e3o votou em Bolsonaro estrebuchar de medo ou de raiva.<\/p>\n<p>Para seus eleitores sim, tudo parece caminhar como prometido t\u00e3o vagamente.<\/p>\n<p>S\u00f3 a lapada de realidade com a bravata de indica\u00e7\u00e3o por crit\u00e9rios t\u00e9cnicos e com investigados por corrup\u00e7\u00e3o, deixa a torcida bolsonarista amoitada.<\/p>\n<p>Fora isso, \u00e9 cedo para cobrar o presidente e isso tem explica\u00e7\u00e3o.<\/p>\n<p>\u00c0s v\u00e9speras do segundo turno, o Datafolha perguntou e os que declaravam voto a Jair Bolsonaro responderam por quais motivos votariam nele.<\/p>\n<p>A maioria, 30% dos entrevistados, disse que queria apenas tentar com outro.<br \/>\n25% votaria nele s\u00f3 para o PT n\u00e3o vencer a elei\u00e7\u00e3o.<br \/>\n17%, por acreditar que com ele haver\u00e1 mais seguran\u00e7a.<br \/>\nSem corpo-a-corpo, sem participar de debates e com um plano de governo mixuruca, 12% ainda citaram suas \u2018propostas\u2019 para justificar a inten\u00e7\u00e3o de voto.<br \/>\nSomavam 10% os que apostavam num combate \u00e0 corrup\u00e7\u00e3o como nunca na hist\u00f3ria deste pa\u00eds.   <\/p>\n<p>Eleitores de Bolsonaro nunca v\u00e3o poder cobrar sua experi\u00eancia e capacidade para governar. S\u00f3 5% declararam esses motivos para eleg\u00ea-lo.<\/p>\n<p>\u00c9 curioso que insistam em pedir que todos tor\u00e7am pelo presidente, porque apenas 4% disseram que votariam nele por \u201cQuerer o melhor para o desenvolvimento do Brasil\u201d.<\/p>\n<p>Ele sempre foi uma ideia destrutiva e por deveria ter sido abortada.<\/p>\n<p>Cedo ou tarde v\u00e3o admitir isso.<\/p>\n","protected":false},"excerpt":{"rendered":"<p>Como bem disse Leonardo Boff, \u201ctodo ponto de vista \u00e9 a vista de um ponto\u201d e quem n\u00e3o teve por que votar no capit\u00e3o est\u00e1 com os cabelos em p\u00e9. N\u00e3o \u00e9 cedo para temer e planejar forte e organizada resist\u00eancia. Bolsonaro confirma com indica\u00e7\u00f5es por mera afinidade ideol\u00f3gica que vai fazer de tudo para&#8230;<a class=\"more-link\" href=\"http:\/\/blogdalucianaoliveira.com.br\/blog\/2018\/11\/22\/e-cedo-para-tanto-espanto-com-bolsonaro\/\">Continue a leitura <span class=\"meta-nav\">&raquo;<\/span><\/a><\/p>\n","protected":false},"author":1,"featured_media":0,"comment_status":"closed","ping_status":"open","sticky":false,"template":"","format":"standard","meta":{"_exactmetrics_skip_tracking":false,"_exactmetrics_sitenote_active":false,"_exactmetrics_sitenote_note":"","_exactmetrics_sitenote_category":0,"jetpack_post_was_ever_published":false,"_jetpack_newsletter_access":"","_jetpack_dont_email_post_to_subs":false,"_jetpack_newsletter_tier_id":0,"_jetpack_memberships_contains_paywalled_content":false,"_jetpack_memberships_contains_paid_content":false,"footnotes":"","jetpack_publicize_message":"","jetpack_publicize_feature_enabled":true,"jetpack_social_post_already_shared":true,"jetpack_social_options":{"image_generator_settings":{"template":"highway","enabled":false},"version":2}},"categories":[1],"tags":[],"class_list":["post-19546","post","type-post","status-publish","format-standard","hentry","category-notas"],"jetpack_publicize_connections":[],"jetpack_sharing_enabled":true,"jetpack_featured_media_url":"","jetpack_shortlink":"https:\/\/wp.me\/p7wKYW-55g","jetpack-related-posts":[],"_links":{"self":[{"href":"http:\/\/blogdalucianaoliveira.com.br\/blog\/wp-json\/wp\/v2\/posts\/19546","targetHints":{"allow":["GET"]}}],"collection":[{"href":"http:\/\/blogdalucianaoliveira.com.br\/blog\/wp-json\/wp\/v2\/posts"}],"about":[{"href":"http:\/\/blogdalucianaoliveira.com.br\/blog\/wp-json\/wp\/v2\/types\/post"}],"author":[{"embeddable":true,"href":"http:\/\/blogdalucianaoliveira.com.br\/blog\/wp-json\/wp\/v2\/users\/1"}],"replies":[{"embeddable":true,"href":"http:\/\/blogdalucianaoliveira.com.br\/blog\/wp-json\/wp\/v2\/comments?post=19546"}],"version-history":[{"count":3,"href":"http:\/\/blogdalucianaoliveira.com.br\/blog\/wp-json\/wp\/v2\/posts\/19546\/revisions"}],"predecessor-version":[{"id":19550,"href":"http:\/\/blogdalucianaoliveira.com.br\/blog\/wp-json\/wp\/v2\/posts\/19546\/revisions\/19550"}],"wp:attachment":[{"href":"http:\/\/blogdalucianaoliveira.com.br\/blog\/wp-json\/wp\/v2\/media?parent=19546"}],"wp:term":[{"taxonomy":"category","embeddable":true,"href":"http:\/\/blogdalucianaoliveira.com.br\/blog\/wp-json\/wp\/v2\/categories?post=19546"},{"taxonomy":"post_tag","embeddable":true,"href":"http:\/\/blogdalucianaoliveira.com.br\/blog\/wp-json\/wp\/v2\/tags?post=19546"}],"curies":[{"name":"wp","href":"https:\/\/api.w.org\/{rel}","templated":true}]}}