{"id":19551,"date":"2018-11-23T08:06:02","date_gmt":"2018-11-23T12:06:02","guid":{"rendered":"http:\/\/blogdalucianaoliveira.com.br\/blog\/?p=19551"},"modified":"2018-11-23T08:06:02","modified_gmt":"2018-11-23T12:06:02","slug":"para-novo-ministro-da-educacao-golpe-de-1964-deve-ser-comemorado","status":"publish","type":"post","link":"http:\/\/blogdalucianaoliveira.com.br\/blog\/2018\/11\/23\/para-novo-ministro-da-educacao-golpe-de-1964-deve-ser-comemorado\/","title":{"rendered":"PARA NOVO MINISTRO DA EDUCA\u00c7\u00c3O, GOLPE DE 1964 DEVE SER COMEMORADO"},"content":{"rendered":"<p><img data-recalc-dims=\"1\" loading=\"lazy\" decoding=\"async\" data-attachment-id=\"19552\" data-permalink=\"http:\/\/blogdalucianaoliveira.com.br\/blog\/2018\/11\/23\/para-novo-ministro-da-educacao-golpe-de-1964-deve-ser-comemorado\/27b28563-f52c-4f22-b8c3-1175205f93fe\/\" data-orig-file=\"https:\/\/i0.wp.com\/blogdalucianaoliveira.com.br\/blog\/wp-content\/uploads\/2018\/11\/27B28563-F52C-4F22-B8C3-1175205F93FE.jpeg?fit=750%2C375\" data-orig-size=\"750,375\" data-comments-opened=\"0\" data-image-meta=\"{&quot;aperture&quot;:&quot;0&quot;,&quot;credit&quot;:&quot;&quot;,&quot;camera&quot;:&quot;&quot;,&quot;caption&quot;:&quot;&quot;,&quot;created_timestamp&quot;:&quot;0&quot;,&quot;copyright&quot;:&quot;&quot;,&quot;focal_length&quot;:&quot;0&quot;,&quot;iso&quot;:&quot;0&quot;,&quot;shutter_speed&quot;:&quot;0&quot;,&quot;title&quot;:&quot;&quot;,&quot;orientation&quot;:&quot;0&quot;}\" data-image-title=\"27B28563-F52C-4F22-B8C3-1175205F93FE\" data-image-description=\"\" data-image-caption=\"\" data-medium-file=\"https:\/\/i0.wp.com\/blogdalucianaoliveira.com.br\/blog\/wp-content\/uploads\/2018\/11\/27B28563-F52C-4F22-B8C3-1175205F93FE.jpeg?fit=300%2C150\" data-large-file=\"https:\/\/i0.wp.com\/blogdalucianaoliveira.com.br\/blog\/wp-content\/uploads\/2018\/11\/27B28563-F52C-4F22-B8C3-1175205F93FE.jpeg?fit=600%2C300\" src=\"https:\/\/i0.wp.com\/blogdalucianaoliveira.com.br\/blog\/wp-content\/uploads\/2018\/11\/27B28563-F52C-4F22-B8C3-1175205F93FE.jpeg?resize=600%2C300\" alt=\"27B28563-F52C-4F22-B8C3-1175205F93FE\" width=\"600\" height=\"300\" class=\"alignnone size-full wp-image-19552\" srcset=\"https:\/\/i0.wp.com\/blogdalucianaoliveira.com.br\/blog\/wp-content\/uploads\/2018\/11\/27B28563-F52C-4F22-B8C3-1175205F93FE.jpeg?w=750 750w, https:\/\/i0.wp.com\/blogdalucianaoliveira.com.br\/blog\/wp-content\/uploads\/2018\/11\/27B28563-F52C-4F22-B8C3-1175205F93FE.jpeg?resize=300%2C150 300w, https:\/\/i0.wp.com\/blogdalucianaoliveira.com.br\/blog\/wp-content\/uploads\/2018\/11\/27B28563-F52C-4F22-B8C3-1175205F93FE.jpeg?resize=600%2C300 600w\" sizes=\"auto, (max-width: 600px) 100vw, 600px\" \/><\/p>\n<p>247 &#8211; O colombiano que foi escolhido para o Minist\u00e9rio da Educa\u00e7\u00e3o, Ricardo V\u00e9lez Rodriguez, \u00e9 um entusiasta do golpe militar de 1964. Ele escreveu em seu blog um texto no qual diz que o dia 31 de mar\u00e7o de 1964 \u00e9 &#8220;uma data para lembrar e comemorar&#8221;. V\u00e9lez Rodriguez compara o golpe de 1964 a outros eventos hist\u00f3ricos, como do &#8220;dia do fico&#8221;, em que dom Pedro se nega a deixar o Brasil e voltar a Lisboa.<!--more--><\/p>\n<p>O blog tem o nome de Rocinante (o cavalo de Quixote de La Mancha universal de Miguel de Cervantes). Em outro trecho do artigo, o novo ministro ataca o PT e defende o golpe e o regime militar: &#8220;nos treze anos de desgoverno lulopetista os militantes e l\u00edderes do PT e coligados tentaram, por todos os meios, desmoralizar a mem\u00f3ria dos nossos militares e do governo por eles instaurado em 64.&#8221; -aqui o blog do novo ministro.<\/p>\n<p>E acrescenta, em outro trecho: &#8220;a malfadada &#8216;Comiss\u00e3o da Verdade&#8217; que, a meu ver, consistiu mais numa encena\u00e7\u00e3o para &#8216;omiss\u00e3o da verdade&#8217;, foi a iniciativa mais absurda que os petralhas tentaram impor.&#8221; <\/p>\n<p>Em outro artigo no blog, de 7 de novembro, o novo ministro j\u00e1 reconhecia-se candidato ao cargo. No texto, intitulado &#8220;Um roteiro para o MEC&#8221;, V\u00e9lzes Rodiguez anunciava ter sido &#8220;indicado para a poss\u00edvel escolha, pelo Senhor Presidente eleito Jair Bolsonaro, como ministro da Educa\u00e7\u00e3o&#8221; a agradecia seu padrinho, &#8220;o professor e amigo Olavo de Carvalho&#8221;.<\/p>\n<p>Trata-se de um breve programa para o Minist\u00e9rio da Educa\u00e7\u00e3o, e indica que o cen\u00e1rio \u00e9 de obscurantismo \u00e0 frente. Eis como ele apresentou a educa\u00e7\u00e3o p\u00fablica no pa\u00eds: &#8220;um sistema de ensino alheio \u00e0s suas vidas e afinado com a tentativa de impor, \u00e0 sociedade, uma doutrina\u00e7\u00e3o de \u00edndole cientificista e enquistada na ideologia marxista, travestida de &#8216;revolu\u00e7\u00e3o cultural gramsciana&#8217;, com toda a coorte de inven\u00e7\u00f5es delet\u00e9rias em mat\u00e9ria pedag\u00f3gica como a educa\u00e7\u00e3o de g\u00eanero, a dial\u00e9tica do &#8216;n\u00f3s contra eles&#8217; e uma reescrita da hist\u00f3ria em fun\u00e7\u00e3o dos interesses dos denominados &#8216;intelectuais org\u00e2nicos&#8217;, destinada a desmontar os valores tradicionais da nossa sociedade, no que tange \u00e0 preserva\u00e7\u00e3o da vida, da fam\u00edlia, da religi\u00e3o, da cidadania, em soma, do patriotismo&#8221;. Em linha com Bolsonaro, ele usou o texto para desferir pesados ataques ao Exame Nacional do Ensino M\u00e9dio (Enem).<\/p>\n<p>Em outro artigo, posicionou-se &#8220;contra o globalismo politicamente correto que adotou a maluca proposta da &#8216;educa\u00e7\u00e3o de g\u00eanero'&#8221;. E defendeu abertamente o movimento Escola sem Partido.<\/p>\n<p>H\u00e1 enorme preocupa\u00e7\u00e3o no universo da Educa\u00e7\u00e3o com a futura nomea\u00e7\u00e3o de V\u00e9lez Rodriguez. A jornalista Daniela Lima resgatou uma entrevista de 2004 na qual ele defendeu que &#8220;todas as escolas deveriam ter Conselhos de \u00c9tica que zelassem pela reta educa\u00e7\u00e3o moral dos alunos&#8221; -um projeto sem precedentes de estabelecer verdadeiros &#8220;tribunais&#8221; de moral e costumes no ambiente escolar, dando asas a todo tipo de repress\u00e3o. Leia aqui o texto de Lima na coluna Painel da Folha de S.Paulo.<\/p>\n<p>Mas n\u00e3o \u00e9 s\u00f3. Seus posts no Facebook s\u00e3o de uma agressividade \u00edmpar. Num deles, qualificou estudantes que mobilizam-se de &#8220;fascistas leninistas&#8221;. <\/p>\n","protected":false},"excerpt":{"rendered":"<p>247 &#8211; O colombiano que foi escolhido para o Minist\u00e9rio da Educa\u00e7\u00e3o, Ricardo V\u00e9lez Rodriguez, \u00e9 um entusiasta do golpe militar de 1964. Ele escreveu em seu blog um texto no qual diz que o dia 31 de mar\u00e7o de 1964 \u00e9 &#8220;uma data para lembrar e comemorar&#8221;. V\u00e9lez Rodriguez compara o golpe de 1964&#8230;<a class=\"more-link\" href=\"http:\/\/blogdalucianaoliveira.com.br\/blog\/2018\/11\/23\/para-novo-ministro-da-educacao-golpe-de-1964-deve-ser-comemorado\/\">Continue a leitura <span class=\"meta-nav\">&raquo;<\/span><\/a><\/p>\n","protected":false},"author":1,"featured_media":0,"comment_status":"closed","ping_status":"open","sticky":false,"template":"","format":"standard","meta":{"_exactmetrics_skip_tracking":false,"_exactmetrics_sitenote_active":false,"_exactmetrics_sitenote_note":"","_exactmetrics_sitenote_category":0,"jetpack_post_was_ever_published":false,"_jetpack_newsletter_access":"","_jetpack_dont_email_post_to_subs":false,"_jetpack_newsletter_tier_id":0,"_jetpack_memberships_contains_paywalled_content":false,"_jetpack_memberships_contains_paid_content":false,"footnotes":"","jetpack_publicize_message":"","jetpack_publicize_feature_enabled":true,"jetpack_social_post_already_shared":true,"jetpack_social_options":{"image_generator_settings":{"template":"highway","enabled":false},"version":2}},"categories":[1],"tags":[],"class_list":["post-19551","post","type-post","status-publish","format-standard","hentry","category-notas"],"jetpack_publicize_connections":[],"jetpack_sharing_enabled":true,"jetpack_featured_media_url":"","jetpack_shortlink":"https:\/\/wp.me\/p7wKYW-55l","jetpack-related-posts":[],"_links":{"self":[{"href":"http:\/\/blogdalucianaoliveira.com.br\/blog\/wp-json\/wp\/v2\/posts\/19551","targetHints":{"allow":["GET"]}}],"collection":[{"href":"http:\/\/blogdalucianaoliveira.com.br\/blog\/wp-json\/wp\/v2\/posts"}],"about":[{"href":"http:\/\/blogdalucianaoliveira.com.br\/blog\/wp-json\/wp\/v2\/types\/post"}],"author":[{"embeddable":true,"href":"http:\/\/blogdalucianaoliveira.com.br\/blog\/wp-json\/wp\/v2\/users\/1"}],"replies":[{"embeddable":true,"href":"http:\/\/blogdalucianaoliveira.com.br\/blog\/wp-json\/wp\/v2\/comments?post=19551"}],"version-history":[{"count":1,"href":"http:\/\/blogdalucianaoliveira.com.br\/blog\/wp-json\/wp\/v2\/posts\/19551\/revisions"}],"predecessor-version":[{"id":19553,"href":"http:\/\/blogdalucianaoliveira.com.br\/blog\/wp-json\/wp\/v2\/posts\/19551\/revisions\/19553"}],"wp:attachment":[{"href":"http:\/\/blogdalucianaoliveira.com.br\/blog\/wp-json\/wp\/v2\/media?parent=19551"}],"wp:term":[{"taxonomy":"category","embeddable":true,"href":"http:\/\/blogdalucianaoliveira.com.br\/blog\/wp-json\/wp\/v2\/categories?post=19551"},{"taxonomy":"post_tag","embeddable":true,"href":"http:\/\/blogdalucianaoliveira.com.br\/blog\/wp-json\/wp\/v2\/tags?post=19551"}],"curies":[{"name":"wp","href":"https:\/\/api.w.org\/{rel}","templated":true}]}}