{"id":19554,"date":"2018-11-23T08:17:36","date_gmt":"2018-11-23T12:17:36","guid":{"rendered":"http:\/\/blogdalucianaoliveira.com.br\/blog\/?p=19554"},"modified":"2018-11-23T08:18:05","modified_gmt":"2018-11-23T12:18:05","slug":"bancos-e-grandes-empresas-sao-quem-mais-se-beneficiarao-no-governo-bolsonaro","status":"publish","type":"post","link":"http:\/\/blogdalucianaoliveira.com.br\/blog\/2018\/11\/23\/bancos-e-grandes-empresas-sao-quem-mais-se-beneficiarao-no-governo-bolsonaro\/","title":{"rendered":"Bancos e grandes empresas s\u00e3o quem mais se beneficiar\u00e3o no governo Bolsonaro"},"content":{"rendered":"<p><img data-recalc-dims=\"1\" loading=\"lazy\" decoding=\"async\" data-attachment-id=\"19555\" data-permalink=\"http:\/\/blogdalucianaoliveira.com.br\/blog\/2018\/11\/23\/bancos-e-grandes-empresas-sao-quem-mais-se-beneficiarao-no-governo-bolsonaro\/a558065f-d016-4cc8-a228-fddcacc5f42f\/\" data-orig-file=\"https:\/\/i0.wp.com\/blogdalucianaoliveira.com.br\/blog\/wp-content\/uploads\/2018\/11\/A558065F-D016-4CC8-A228-FDDCACC5F42F.jpeg?fit=640%2C413\" data-orig-size=\"640,413\" data-comments-opened=\"0\" data-image-meta=\"{&quot;aperture&quot;:&quot;0&quot;,&quot;credit&quot;:&quot;&quot;,&quot;camera&quot;:&quot;&quot;,&quot;caption&quot;:&quot;&quot;,&quot;created_timestamp&quot;:&quot;0&quot;,&quot;copyright&quot;:&quot;&quot;,&quot;focal_length&quot;:&quot;0&quot;,&quot;iso&quot;:&quot;0&quot;,&quot;shutter_speed&quot;:&quot;0&quot;,&quot;title&quot;:&quot;&quot;,&quot;orientation&quot;:&quot;0&quot;}\" data-image-title=\"A558065F-D016-4CC8-A228-FDDCACC5F42F\" data-image-description=\"\" data-image-caption=\"\" data-medium-file=\"https:\/\/i0.wp.com\/blogdalucianaoliveira.com.br\/blog\/wp-content\/uploads\/2018\/11\/A558065F-D016-4CC8-A228-FDDCACC5F42F.jpeg?fit=300%2C194\" data-large-file=\"https:\/\/i0.wp.com\/blogdalucianaoliveira.com.br\/blog\/wp-content\/uploads\/2018\/11\/A558065F-D016-4CC8-A228-FDDCACC5F42F.jpeg?fit=600%2C387\" class=\"alignnone size-full wp-image-19555\" src=\"https:\/\/i0.wp.com\/blogdalucianaoliveira.com.br\/blog\/wp-content\/uploads\/2018\/11\/A558065F-D016-4CC8-A228-FDDCACC5F42F.jpeg?resize=600%2C387\" alt=\"A558065F-D016-4CC8-A228-FDDCACC5F42F\" width=\"600\" height=\"387\" srcset=\"https:\/\/i0.wp.com\/blogdalucianaoliveira.com.br\/blog\/wp-content\/uploads\/2018\/11\/A558065F-D016-4CC8-A228-FDDCACC5F42F.jpeg?w=640 640w, https:\/\/i0.wp.com\/blogdalucianaoliveira.com.br\/blog\/wp-content\/uploads\/2018\/11\/A558065F-D016-4CC8-A228-FDDCACC5F42F.jpeg?resize=300%2C194 300w, https:\/\/i0.wp.com\/blogdalucianaoliveira.com.br\/blog\/wp-content\/uploads\/2018\/11\/A558065F-D016-4CC8-A228-FDDCACC5F42F.jpeg?resize=465%2C300 465w\" sizes=\"auto, (max-width: 600px) 100vw, 600px\" \/><\/p>\n<p>Enquanto o pa\u00eds &#8220;quebra&#8221;, setores com maior poder econ\u00f4mico s\u00e3o capazes de manter lucros bilion\u00e1rios<!--more--><\/p>\n<p>Antonio Biondi e Napole\u00e3o de Almeida<br \/>\nBrasil de Fato<\/p>\n<p>Ainda que Brasil esteja com a economia destro\u00e7ada, especialistas ouvidos pelo <strong>Brasil de Fato <\/strong>preveem que governo Bolsonaro deve ter como principais beneficiados as institui\u00e7\u00f5es financeiras, as multinacionais e o agroneg\u00f3cio.<\/p>\n<p>De acordo com a an\u00e1lise de Jo\u00e3o Sics\u00fa, professor do Instituto de Economia da Universidade Federal do Rio de Janeiro\u00a0(UFRJ), durante o novo governo a economia brasileira ser\u00e1 comandada, de forma ainda mais direta, \u201cpor interesses ligados ao mercado financeiro e as empresas estrangeiras, sobretudo ligadas ao setor do petr\u00f3leo\u201d. Ele explica que isso n\u00e3o se dar\u00e1 mais por meio de \u201cpress\u00e3o e lobby, mas como organiza\u00e7\u00e3o de poder, como governo\u201d.<\/p>\n<p>Para Sics\u00fa, o cen\u00e1rio estipulado por Paulo Guedes \u00e0 frente da economia deve ser no sentido de se \u201cestrangular o or\u00e7amento e reduzir a carga tribut\u00e1ria. Reduzir\u00e3o de forma dr\u00e1stica os servi\u00e7os que o Estado presta \u00e0 sociedade\u201d. De todo modo, ressalta ele, \u201cgarantir\u00e3o no or\u00e7amento a fatia destinada ao setor financeiro\u201d.<\/p>\n<p>Conforme a m\u00fasica que j\u00e1 toca no Brasil h\u00e1 algum tempo, portanto, o setor financeiro ser\u00e1 prioridade \u2013 e n\u00e3o corre riscos de ver seus interesses prejudicados no novo governo. Pelo contr\u00e1rio.<\/p>\n<p>Com Joaquim Levy (que implementou uma agenda amarga \u00e0 economia como ministro de Dilma) \u00e0 frente do BNDES, Roberto Campos Neto (neto do hist\u00f3rico liberal Roberto Campos) no comando do Banco Central e Guedes no Minist\u00e9rio da Fazenda, \u201ctodos os setores ligados direta ou indiretamente ao sistema financeiro devem ser beneficiados\u201d, afirma Kliass. \u201cO pa\u00eds est\u00e1 quebrando\u201d, com desemprego e fal\u00eancias, \u201ce os bancos e institui\u00e7\u00f5es financeiras apresentando lucros bilion\u00e1rios\u201d, destaca o especialista.<\/p>\n<p><img data-recalc-dims=\"1\" decoding=\"async\" src=\"https:\/\/i0.wp.com\/farm5.staticflickr.com\/4819\/31059780637_f2e1b9daf6_o.png?w=600&#038;ssl=1\" alt=\"\" \/><\/p>\n<p>Aqui, cabe lembrar que com a economia estagnada, a infla\u00e7\u00e3o encontra-se abaixo de 5%, e a taxa b\u00e1sica dos juros da economia (a taxa Selic, definida pelo Banco Central), encontra-se em seu mais baixo patamar desde que foi institu\u00edda na d\u00e9cada de 1990. Mas os juros banc\u00e1rios seguem criminosos. O <em>spread <\/em>banc\u00e1rio no Brasil (a diferen\u00e7a entre o custo de capta\u00e7\u00e3o do dinheiro pelos bancos e os juros cobrados junto a seus clientes) \u00e9 um dos maiores do mundo.<\/p>\n<p><strong>&#8220;C\u00e9u de Brigadeiro&#8221;\u00a0para institui\u00e7\u00f5es financeiras, multinacionais e agroneg\u00f3cio<\/strong><\/p>\n<p>Com esse \u201cC\u00e9u de Brigadeiro\u201d para as institui\u00e7\u00f5es financeiras, cresce a cobi\u00e7a sobre a Previd\u00eancia Social (ler abaixo). \u201cVoc\u00ea tem um desejo muito grande do capital financeiro de abocanhar esse setor da economia\u201d, ressalta Kliass.<\/p>\n<p>As perspectivas no governo Bolsonaro para as empresas multinacionais tamb\u00e9m tendem a ser promissoras \u2013 bem como para o agroneg\u00f3cio, cuja rotina se aproxima bastante \u00e0 das multinacionais.<\/p>\n<p>Ap\u00f3s a Reforma Trabalhista e com base em novas medidas prejudiciais aos trabalhadores, o novo governo deve contribuir para que essas companhias possam \u201cdiminuir custos para aumentar a margem de lucro\u201d, conforme explica Jo\u00e3o Sics\u00fa.<\/p>\n<p class=\"ckeditor-img-caption\"><img data-recalc-dims=\"1\" decoding=\"async\" src=\"https:\/\/i0.wp.com\/farm5.staticflickr.com\/4913\/44182890320_721f6cfd80_o.jpg?w=600&#038;ssl=1\" alt=\"\" \/>Jo\u00e3o Sics\u00fa | Fotos: Ag\u00eancia Brasil<\/p>\n<p>A equipe de Paulo Guedes deve \u201creduzir o custo empresarial de forma intensa e r\u00e1pida. Resumidamente, a ideia \u00e9 reduzir o custo do trabalho, restando somente o sal\u00e1rio, sem nenhum outro direito\u201d, acrescenta Sics\u00fa. Ser\u00e1, nesse sentido, um retrocesso a um ambiente hist\u00f3rico de rela\u00e7\u00e3o entre capital e trabalho que remonta aos prim\u00f3rdios do capitalismo.<\/p>\n<p>Sics\u00fa conclui seu racioc\u00ednio nesse ponto destacando que \u201cquando se corta direitos trabalhistas, est\u00e1 se exportando consumo interno\u201d, de modo que \u201cnosso mercado de consumo interno tende a ficar muito fraco\u201d.<\/p>\n<p>No rol dos principais prejudicados na \u201cnova\u201d economia brasileira, Kliass destaca, al\u00e9m da grande maioria da popula\u00e7\u00e3o trabalhadora, os funcion\u00e1rios p\u00fablicos e os segmentos da agricultura ligados aos assentamentos e \u00e0 expectativa da Reforma Agr\u00e1ria no pa\u00eds.<\/p>\n<p><strong>Liberalismo e desmonte social<\/strong><\/p>\n<p>Se a situa\u00e7\u00e3o j\u00e1 n\u00e3o \u00e9 nada boa do ponto de vista do mercado de trabalho, um aspecto preocupante \u00e9 o de que essa popula\u00e7\u00e3o que se encontra desamparada, do ponto de vista do emprego, deve come\u00e7ar a enfrentar \u00a0dificuldades gradativas \u201cdo ponto de vista dos servi\u00e7os p\u00fablicos que o Estado tem que oferecer\u201d, explica Kliass.<\/p>\n<p class=\"ckeditor-img-caption\"><img data-recalc-dims=\"1\" decoding=\"async\" src=\"https:\/\/i0.wp.com\/farm5.staticflickr.com\/4904\/32127862668_3a8a029ed5_o.jpg?w=600&#038;ssl=1\" alt=\"\" \/><\/p>\n<p>Esther Dweck: agenda de Bolsonaro\u00a0\u201cvai combinar o liberalismo econ\u00f4mico com uma parte social de desmonte&#8221;.<\/p>\n<p>A professora da UFRJ Esther Dweck registra que isso deve representar uma diferen\u00e7a grave em rela\u00e7\u00e3o aos governos de Fernando Collor de Mello e Fernando Henrique Cardoso, que foram liberais na economia, mas que vieram logo depois da Constitui\u00e7\u00e3o Federal de 1988, e, portanto ainda traziam um respaldo importante \u00e0 popula\u00e7\u00e3o quanto aos direitos sociais.<\/p>\n<p>A agenda de Bolsonaro deve ser marcada por uma economia mais liberal e por menos direitos sociais. Com isso, \u201cvai combinar o liberalismo econ\u00f4mico com uma parte social de desmonte. Essa combina\u00e7\u00e3o \u00e9 muito perigosa\u201d, alerta a professora.<\/p>\n<p>Os cortes sociais que se delineiam no horizonte brasileiro s\u00e3o extremamente seletivos, conforme explica Pedro Rossi. Al\u00e9m disso, s\u00e3o cortes que \u201cprejudicam os mais pobres e s\u00e3o machistas, porque as mulheres se prejudicam mais quando os servi\u00e7os sociais s\u00e3o cortados\u201d. Rossi, que organizou um livro sobre o tema, explica que tais cortes s\u00e3o tamb\u00e9m racistas, \u201cporque as periferias s\u00e3o mais prejudicadas, os negros s\u00e3o mais prejudicados, tanto no mercado de trabalho, na informalidade, quanto nas estat\u00edsticas, por exemplo, de viol\u00eancia\u201d. De acordo com o docente da Unicamp, trata-se ainda de \u201cum corte de gastos que prejudica o meio ambiente, a sa\u00fade das pessoas, as gera\u00e7\u00f5es futuras e o bem-estar social do Brasil\u201d.<\/p>\n<p>O gasto social no Brasil distribui muito a renda. \u201cO Brasil \u00e9 o pa\u00eds da Am\u00e9rica Latina que mais reduz a desigualdade por meio do gasto social \u2013 em particular a sa\u00fade, educa\u00e7\u00e3o e previd\u00eancia\u201d, conforme destaca o professor Rossi. Para ele, \u201ca desconstru\u00e7\u00e3o desse gasto social vai gerar efeitos muito perversos na sociedade brasileira\u201d. Sociedade essa marcada por um n\u00edvel de desigualdade social j\u00e1 absurdo, diga-se de passagem. Uma desigualdade que, nos \u00faltimos anos, <a href=\"https:\/\/www.correiobraziliense.com.br\/app\/noticia\/brasil\/2018\/10\/14\/interna-brasil,712566\/problema-cronico-brasileiro-desigualdade-parou-de-cair-depois-de-2014.shtml\" target=\"_blank\">voltou a crescer<\/a>, ap\u00f3s anos de queda.<\/p>\n<p>Logicamente, esse liberalismo econ\u00f4mico e desmonte social dever\u00e1 vir acompanhado de privatiza\u00e7\u00f5es de importantes empresas do Estado brasileiro (leia outra mat\u00e9ria). Tal combina\u00e7\u00e3o deve representar foco sens\u00edvel de tens\u00f5es sociais e de problemas concretos para a popula\u00e7\u00e3o. \u201cEsse \u00e9 um coquetel que n\u00e3o vai conseguir dar nenhuma resposta para as necessidades e para a supera\u00e7\u00e3o da crise como o Brasil precisaria\u201d, afirma Kliass.<\/p>\n<p>Outro foco de tens\u00e3o importante deve se dar na pol\u00edtica externa e comercial brasileira, conforme j\u00e1 se visualizou a partir de declara\u00e7\u00f5es de Guedes sobre o Mercosul e de Bolsonaro sobre Israel e Jerusal\u00e9m.<\/p>\n<p><em>Esta \u00e9 a terceira e \u00faltima reportagem da s\u00e9rie produzida por Antonio Biondi e Napole\u00e3o de Almeida, que abre espa\u00e7o para alguns dos principais economistas do pa\u00eds analisarem o cen\u00e1rio pr\u00e9-Bolsonaro e projetarem os impactos do novo governo para o setor. Leia tamb\u00e9m a <a href=\"https:\/\/www.brasildefato.com.br\/2018\/11\/21\/bolsonaro-e-guedes-devem-sacrificar-trabalhadores-e-estrangular-estado\/\">primeira <\/a>e a <a href=\"https:\/\/www.brasildefato.com.br\/2018\/11\/22\/previdencia-privatizacoes-e-politica-comercial-de-bolsonaro-nao-solucionara-crise\/\">segunda <\/a>mat\u00e9rias, publicada nos dias 21 e 22 de novembro.<\/em><\/p>\n<p class=\"editor\">Edi\u00e7\u00e3o: Daniela Stefano<\/p>\n","protected":false},"excerpt":{"rendered":"<p>Enquanto o pa\u00eds &#8220;quebra&#8221;, setores com maior poder econ\u00f4mico s\u00e3o capazes de manter lucros bilion\u00e1rios<\/p>\n","protected":false},"author":1,"featured_media":0,"comment_status":"closed","ping_status":"open","sticky":false,"template":"","format":"standard","meta":{"_exactmetrics_skip_tracking":false,"_exactmetrics_sitenote_active":false,"_exactmetrics_sitenote_note":"","_exactmetrics_sitenote_category":0,"jetpack_post_was_ever_published":false,"_jetpack_newsletter_access":"","_jetpack_dont_email_post_to_subs":false,"_jetpack_newsletter_tier_id":0,"_jetpack_memberships_contains_paywalled_content":false,"_jetpack_memberships_contains_paid_content":false,"footnotes":"","jetpack_publicize_message":"","jetpack_publicize_feature_enabled":true,"jetpack_social_post_already_shared":true,"jetpack_social_options":{"image_generator_settings":{"template":"highway","enabled":false},"version":2}},"categories":[1],"tags":[],"class_list":["post-19554","post","type-post","status-publish","format-standard","hentry","category-notas"],"jetpack_publicize_connections":[],"jetpack_sharing_enabled":true,"jetpack_featured_media_url":"","jetpack_shortlink":"https:\/\/wp.me\/p7wKYW-55o","jetpack-related-posts":[],"_links":{"self":[{"href":"http:\/\/blogdalucianaoliveira.com.br\/blog\/wp-json\/wp\/v2\/posts\/19554","targetHints":{"allow":["GET"]}}],"collection":[{"href":"http:\/\/blogdalucianaoliveira.com.br\/blog\/wp-json\/wp\/v2\/posts"}],"about":[{"href":"http:\/\/blogdalucianaoliveira.com.br\/blog\/wp-json\/wp\/v2\/types\/post"}],"author":[{"embeddable":true,"href":"http:\/\/blogdalucianaoliveira.com.br\/blog\/wp-json\/wp\/v2\/users\/1"}],"replies":[{"embeddable":true,"href":"http:\/\/blogdalucianaoliveira.com.br\/blog\/wp-json\/wp\/v2\/comments?post=19554"}],"version-history":[{"count":2,"href":"http:\/\/blogdalucianaoliveira.com.br\/blog\/wp-json\/wp\/v2\/posts\/19554\/revisions"}],"predecessor-version":[{"id":19557,"href":"http:\/\/blogdalucianaoliveira.com.br\/blog\/wp-json\/wp\/v2\/posts\/19554\/revisions\/19557"}],"wp:attachment":[{"href":"http:\/\/blogdalucianaoliveira.com.br\/blog\/wp-json\/wp\/v2\/media?parent=19554"}],"wp:term":[{"taxonomy":"category","embeddable":true,"href":"http:\/\/blogdalucianaoliveira.com.br\/blog\/wp-json\/wp\/v2\/categories?post=19554"},{"taxonomy":"post_tag","embeddable":true,"href":"http:\/\/blogdalucianaoliveira.com.br\/blog\/wp-json\/wp\/v2\/tags?post=19554"}],"curies":[{"name":"wp","href":"https:\/\/api.w.org\/{rel}","templated":true}]}}