{"id":19562,"date":"2018-11-23T09:38:23","date_gmt":"2018-11-23T13:38:23","guid":{"rendered":"http:\/\/blogdalucianaoliveira.com.br\/blog\/?p=19562"},"modified":"2018-11-23T09:38:23","modified_gmt":"2018-11-23T13:38:23","slug":"e-possivel-governar-sem-ideologia-como-promete-bolsonaro","status":"publish","type":"post","link":"http:\/\/blogdalucianaoliveira.com.br\/blog\/2018\/11\/23\/e-possivel-governar-sem-ideologia-como-promete-bolsonaro\/","title":{"rendered":"\u00c9 poss\u00edvel governar sem ideologia, como promete Bolsonaro?"},"content":{"rendered":"<p><img data-recalc-dims=\"1\" loading=\"lazy\" decoding=\"async\" data-attachment-id=\"19563\" data-permalink=\"http:\/\/blogdalucianaoliveira.com.br\/blog\/2018\/11\/23\/e-possivel-governar-sem-ideologia-como-promete-bolsonaro\/bobo\/\" data-orig-file=\"https:\/\/i0.wp.com\/blogdalucianaoliveira.com.br\/blog\/wp-content\/uploads\/2018\/11\/bobo.jpg?fit=660%2C371\" data-orig-size=\"660,371\" data-comments-opened=\"0\" data-image-meta=\"{&quot;aperture&quot;:&quot;0&quot;,&quot;credit&quot;:&quot;&quot;,&quot;camera&quot;:&quot;&quot;,&quot;caption&quot;:&quot;&quot;,&quot;created_timestamp&quot;:&quot;0&quot;,&quot;copyright&quot;:&quot;&quot;,&quot;focal_length&quot;:&quot;0&quot;,&quot;iso&quot;:&quot;0&quot;,&quot;shutter_speed&quot;:&quot;0&quot;,&quot;title&quot;:&quot;&quot;,&quot;orientation&quot;:&quot;0&quot;}\" data-image-title=\"bobo\" data-image-description=\"\" data-image-caption=\"\" data-medium-file=\"https:\/\/i0.wp.com\/blogdalucianaoliveira.com.br\/blog\/wp-content\/uploads\/2018\/11\/bobo.jpg?fit=300%2C169\" data-large-file=\"https:\/\/i0.wp.com\/blogdalucianaoliveira.com.br\/blog\/wp-content\/uploads\/2018\/11\/bobo.jpg?fit=600%2C337\" class=\"alignnone size-full wp-image-19563\" src=\"https:\/\/i0.wp.com\/blogdalucianaoliveira.com.br\/blog\/wp-content\/uploads\/2018\/11\/bobo.jpg?resize=600%2C337\" alt=\"bobo\" width=\"600\" height=\"337\" srcset=\"https:\/\/i0.wp.com\/blogdalucianaoliveira.com.br\/blog\/wp-content\/uploads\/2018\/11\/bobo.jpg?w=660 660w, https:\/\/i0.wp.com\/blogdalucianaoliveira.com.br\/blog\/wp-content\/uploads\/2018\/11\/bobo.jpg?resize=300%2C169 300w, https:\/\/i0.wp.com\/blogdalucianaoliveira.com.br\/blog\/wp-content\/uploads\/2018\/11\/bobo.jpg?resize=534%2C300 534w\" sizes=\"auto, (max-width: 600px) 100vw, 600px\" \/><\/p>\n<div class=\"byline\"><\/div>\n<p class=\"story-body__introduction\">&#8220;A quest\u00e3o ideol\u00f3gica \u00e9 t\u00e3o, ou mais grave, que a corrup\u00e7\u00e3o no Brasil. S\u00e3o dois males a ser combatido (sic). O desaparelhamento do Estado, e o fim das indica\u00e7\u00f5es pol\u00edticas, \u00e9 o rem\u00e9dio que temos para salvar o Brasil&#8221;, escreveu no Twitter o presidente eleito Jair Bolsonaro (PSL) no in\u00edcio de outubro, ainda durante a campanha presidencial.<!--more--><\/p>\n<p class=\"story-body__introduction\"><span class=\"byline__name\">Mariana Schreiber <\/span><\/p>\n<div class=\"byline\"><span class=\"byline__title\">Da BBC News Brasil em Bras\u00edlia<\/span><\/div>\n<div class=\"with-extracted-share-icons\"><\/div>\n<p>De l\u00e1 pra c\u00e1, a promessa de governar &#8220;sem ideologia&#8221; aparece constantemente em falas de Bolsonaro e de seus futuros ministros. Paulo Guedes, que comandar\u00e1 a \u00e1rea econ\u00f4mica, por exemplo, j\u00e1 disse que &#8220;n\u00e3o seremos prisioneiros de rela\u00e7\u00f5es ideol\u00f3gicas&#8221;. Ele incluiu a frase em uma resposta a uma jornalista argentina sobre o Mercosul (bloco que re\u00fane Brasil, Argentina, Paraguai e Uruguai) &#8211; e acrescentou que o bloco n\u00e3o ser\u00e1 prioridade da pr\u00f3xima administra\u00e7\u00e3o.<\/p>\n<p>Tereza Cristina, ap\u00f3s ser anunciada para a pasta da Agricultura, tamb\u00e9m defendeu o fim da &#8220;ind\u00fastria da multa&#8221; e do &#8220;vi\u00e9s ideol\u00f3gico&#8221; que v\u00ea hoje na a\u00e7\u00f5es de fiscaliza\u00e7\u00e3o do Minist\u00e9rio do Meio Ambiente contra fazendeiros.<\/p>\n<p>O futuro chanceler Ernesto Ara\u00fajo, por sua vez, escreveu em seu blog o texto &#8220;Ideologia n\u00e3o, ideias sim&#8221;, em que critica o que v\u00ea como &#8220;marxismo escancarado&#8221; de governos anteriores e defende que um &#8220;saud\u00e1vel pragmatismo deve substituir a ideologia&#8221;.<\/p>\n<figure class=\"media-landscape has-caption full-width\"><span class=\"image-and-copyright-container\"><img data-recalc-dims=\"1\" loading=\"lazy\" decoding=\"async\" class=\"responsive-image__img js-image-replace\" src=\"https:\/\/i0.wp.com\/ichef.bbci.co.uk\/news\/624\/cpsprodpb\/13AC8\/production\/_104448508_screenshot2018-11-20at18.59.19.png?resize=600%2C338&#038;ssl=1\" alt=\"Tu\u00edte de Bolsonaro\" width=\"600\" height=\"338\" data-highest-encountered-width=\"624\" \/><span class=\"off-screen\">Direito de imagem<\/span><span class=\"story-image-copyright\">REPRODU\u00c7\u00c3O\/TWITTER<\/span><\/span><figcaption class=\"media-caption\"><span class=\"off-screen\">Image caption<\/span><span class=\"media-caption__text\">Em tu\u00edte, presidente eleito comparou &#8216;quest\u00e3o ideol\u00f3gica&#8217; \u00e0 corrup\u00e7\u00e3o no Brasil<\/span><\/figcaption><\/figure>\n<p>Mas, afinal, \u00e9 poss\u00edvel governar sem ideologia? Na vis\u00e3o de intelectuais estrangeiros ouvidos pela BBC News Brasil, todo governo possui alguma forma de linha ideol\u00f3gica que pauta escolhas na hora de implementar pol\u00edticas p\u00fablicas &#8211; e isso n\u00e3o \u00e9 necessariamente negativo ou positivo.<\/p>\n<p>&#8220;Algumas pessoas fantasiam que \u00e9 poss\u00edvel governar fora ou acima de ideologia, mas isso n\u00e3o \u00e9 realista. Governar \u00e9 fazer escolhas sobre resultados pol\u00edticos (a serem alcan\u00e7ados) e, portanto, deve ser guiado por alguma no\u00e7\u00e3o do que \u00e9 desej\u00e1vel politicamente. N\u00e3o h\u00e1 nada intrinsecamente errado com um governo guiado por ideologia&#8221;, afirmou o cientista pol\u00edtico Anthony Pereira, diretor do Brazil Institute, da universidade King&#8217;s College (Reino Unido).<\/p>\n<p>&#8220;Bolsonaro tem uma ideologia de direita r\u00edgida, socialmente conservadora e economicamente liberal&#8221;, avalia o professor.<\/p>\n<h2 class=\"story-body__crosshead\">O que \u00e9 ideologia?<\/h2>\n<p>&#8220;N\u00e3o h\u00e1 pol\u00edtica n\u00e3o ideol\u00f3gica&#8221;, afirmou tamb\u00e9m \u00e0 reportagem Michael Freeden, professor de ci\u00eancia pol\u00edtica na Universidade de Oxford (Reino Unido) e autor do livro Ideologia, Uma Breve Introdu\u00e7\u00e3o (sem edi\u00e7\u00e3o no Brasil).<\/p>\n<p>Ele define ideologia como &#8220;modos (padr\u00f5es) de pensar politicamente que todos temos&#8221; e que se agrupam &#8220;em fam\u00edlias de ideias&#8221;. Segundo o professor, as diferentes ideologias &#8220;competem&#8221; na pol\u00edtica com objetivo de apoiar ou criticar pol\u00edticas p\u00fablicas e formas de organiza\u00e7\u00e3o coletiva.<\/p>\n<p>Ficou confuso? Vejamos uma exemplo concreto de Freeden. &#8220;Se, digamos, quest\u00f5es sobre a austeridade ou a regulamenta\u00e7\u00e3o dos bancos est\u00e3o em evid\u00eancia, diferentes ideologias tentar\u00e3o vencer o debate apelando \u00e0s virtudes da iniciativa privada, ou \u00e0 necessidade de transpar\u00eancia p\u00fablica e presta\u00e7\u00e3o de contas, ou \u00e0 maior redistribui\u00e7\u00e3o de riqueza&#8221;, escreveu o professor em um artigo sobre o tema.<\/p>\n<figure class=\"media-landscape has-caption full-width\"><span class=\"image-and-copyright-container\"><img data-recalc-dims=\"1\" loading=\"lazy\" decoding=\"async\" class=\"responsive-image__img js-image-replace\" src=\"https:\/\/i0.wp.com\/ichef.bbci.co.uk\/news\/624\/cpsprodpb\/5450\/production\/_104448512_hi050292191.jpg?resize=600%2C338&#038;ssl=1\" alt=\"Paulo Guedes\" width=\"600\" height=\"338\" data-highest-encountered-width=\"624\" \/><span class=\"off-screen\">Direito de imagem<\/span><span class=\"story-image-copyright\">REUTERS\/SERGIO MORAES<\/span><\/span><figcaption class=\"media-caption\"><span class=\"off-screen\">Image caption<\/span><span class=\"media-caption__text\">Ao falar do Mercosul, Paulo Guedes disse que governo n\u00e3o ser\u00e1 &#8216;prisioneiro de rela\u00e7\u00f5es ideol\u00f3gicas&#8217;<\/span><\/figcaption><\/figure>\n<p>A partir desse exemplo, \u00e9 poss\u00edvel entender como uma indica\u00e7\u00e3o &#8220;t\u00e9cnica&#8221; e &#8220;n\u00e3o partid\u00e1ria&#8221; &#8211; de um economista para comandar o Minist\u00e9rio da Fazenda, por exemplo &#8211; continua sendo ideol\u00f3gica, na medida em que representa um determinado ponto de vista sobre como governar.<\/p>\n<p>O fil\u00f3sofo americano Jason Stanley, professor da Universidade de Yale (EUA) e autor do livro Como o Fascismo Funciona (com previs\u00e3o de lan\u00e7amento em dezembro no Brasil) &#8211; ressalta que h\u00e1 diferentes defini\u00e7\u00f5es para o conceito de ideologia.<\/p>\n<p>Para alguns te\u00f3ricos, ele tem um senso negativo. Nessa pespectiva, explica o professor, &#8220;uma ideologia \u00e9 um conjunto de pr\u00e1ticas que favorecem o interesse pr\u00f3prio de um partido, fato que \u00e9 mascarado de maneiras sutis ou n\u00e3o t\u00e3o sutis&#8221;.<\/p>\n<p>Essa \u00e9 a acusa\u00e7\u00e3o que Bolsonaro com frequ\u00eancia direciona aos governos petistas de Luiz In\u00e1cio Lula da Silva (2003-2010) e Dilma Rousseff (2011-2016). Em um v\u00eddeo divulgado em julho, por exemplo, quando repudiou a decis\u00e3o do desembargador do TRF-4 Rog\u00e9rio Favreto de soltar o ex-presidente, o ent\u00e3o candidato do PSL disse que &#8220;todas as institui\u00e7\u00f5es est\u00e3o aparelhadas&#8221; pelo PT.<\/p>\n<figure class=\"media-landscape has-caption full-width\"><span class=\"image-and-copyright-container\"><img data-recalc-dims=\"1\" loading=\"lazy\" decoding=\"async\" class=\"responsive-image__img js-image-replace\" src=\"https:\/\/i0.wp.com\/ichef.bbci.co.uk\/news\/624\/cpsprodpb\/F4DC\/production\/_104448626_hi049072964.jpg?resize=600%2C338&#038;ssl=1\" alt=\"Bolsonaro durante campanha presidencial\" width=\"600\" height=\"338\" data-highest-encountered-width=\"624\" \/><span class=\"off-screen\">Direito de imagem<\/span><span class=\"story-image-copyright\">REUTERS\/ADRIANO MACHADO<\/span><\/span><figcaption class=\"media-caption\"><span class=\"off-screen\">Image caption<\/span><span class=\"media-caption__text\">Bolsonaro acusa governos de Lula e Dilma de terem agido em benef\u00edcio do PT<\/span><\/figcaption><\/figure>\n<p>Uma outra defini\u00e7\u00e3o para ideologia, que Stanley prefere e se aproxima da defendida por Michael Freeden, \u00e9 &#8220;descritiva&#8221;. Ela entende ideologia como &#8220;um ponto de vista sobre o que se deve fazer&#8221; que &#8220;se associa a um conjunto de pr\u00e1ticas&#8221; para implementar essas percep\u00e7\u00f5es.<\/p>\n<p>Segundo o fil\u00f3sofo, \u00e9 &#8220;certamente poss\u00edvel&#8221; governar sem ideologia se considerarmos o senso negativo, de instrumentaliza\u00e7\u00e3o do governo para favorecer um partido. No entanto, ele diz, \u00e9 &#8220;imposs\u00edvel&#8221; governar sem ter um ponto de vista ideol\u00f3gico sobre como governar.<\/p>\n<p>&#8220;Minha preocupa\u00e7\u00e3o com aqueles que afirmam governar &#8216;n\u00e3o-ideologicamente&#8217; \u00e9 que eles tipicamente se envolvem em ideologia nesse sentido negativo. Eles promovem a pretens\u00e3o de governar n\u00e3o-ideologicamente como uma maneira de mascarar um governo que favorece seus pr\u00f3prios interesses&#8221;, afirma Stanley.<\/p>\n<h2 class=\"story-body__crosshead\">&#8216;Quanto menor o espa\u00e7o para discord\u00e2ncia, mais ideol\u00f3gico \u00e9 o governo&#8217;<\/h2>\n<p>Para Barbara Weinstein, professora de hist\u00f3ria da Am\u00e9rica Latina e do Caribe na New York University (EUA) e especializada em Brasil, o discurso adotado por Bolsonaro de que governar\u00e1 &#8220;acima da ideologia&#8221; serve como &#8220;uma tentativa extrema de naturalizar suas posi\u00e7\u00f5es ideol\u00f3gicas&#8221;.<\/p>\n<p>&#8220;E nisso ele \u00e9 auxiliado por movimentos evang\u00e9licos de direita que consideram suas posi\u00e7\u00f5es como &#8216;dadas por Deus&#8217; e, portanto, fora de quest\u00e3o, mesmo que violem a Constitui\u00e7\u00e3o Brasileira de 1988&#8221;, acrescenta.<\/p>\n<p>Na sua avalia\u00e7\u00e3o, os governos do PT foram claramente ideol\u00f3gicos, mas &#8220;mais flex\u00edveis e centristas&#8221; do que as diretrizes do partido antes de assumir a Presid\u00eancia. Nesse sentido, ela considera que a administra\u00e7\u00e3o de Bolsonaro tende a ser ainda mais ideol\u00f3gica que os governos anteriores, na medida em que parece pouco aberta a posi\u00e7\u00f5es divergentes.<\/p>\n<figure class=\"media-landscape has-caption full-width\"><span class=\"image-and-copyright-container\"><img data-recalc-dims=\"1\" loading=\"lazy\" decoding=\"async\" class=\"responsive-image__img js-image-replace\" src=\"https:\/\/i0.wp.com\/ichef.bbci.co.uk\/news\/624\/cpsprodpb\/0E64\/production\/_104448630_barbaraweinstein_.png?resize=600%2C338&#038;ssl=1\" alt=\"Barbara Weinstein\" width=\"600\" height=\"338\" data-highest-encountered-width=\"624\" \/><span class=\"off-screen\">Direito de imagem<\/span><span class=\"story-image-copyright\">REPRODU\u00c7\u00c3O\/YOUTUBE<\/span><\/span><figcaption class=\"media-caption\"><span class=\"off-screen\">Image caption<\/span><span class=\"media-caption__text\">Para professora, discurso de Bolsonaro tenta &#8216;naturalizar suas posi\u00e7\u00f5es ideol\u00f3gicas&#8217;<\/span><\/figcaption><\/figure>\n<p>Durante a campanha, Bolsonaro chegou a dizer que &#8220;esses marginais vermelhos ser\u00e3o banidos de nossa p\u00e1tria&#8221;, recorda a professora. Depois de eleito, ele afirmou que se referia \u00e0 c\u00fapula do PT e do PSOL e que a mensagem era de que &#8220;quem desrespeitar a lei sentir\u00e1 o peso da mesma contra a sua pessoa&#8221;. Justificou tamb\u00e9m a declara\u00e7\u00e3o como sendo um &#8220;desabafo&#8221; de campanha.<\/p>\n<p>&#8220;Todo governo \u00e9 ideol\u00f3gico e isso n\u00e3o \u00e9 em si algo bom ou ruim. Precisamos perguntar qu\u00e3o r\u00edgidas ou extremas s\u00e3o as posi\u00e7\u00f5es ideol\u00f3gicas do governo e, em uma democracia, at\u00e9 que ponto os cidad\u00e3os que n\u00e3o concordam com as posi\u00e7\u00f5es ideol\u00f3gicas do governo t\u00eam o direito de discordar. Quanto menor o espa\u00e7o para discord\u00e2ncia, mais ideol\u00f3gico \u00e9 o governo&#8221;, argumenta.<\/p>\n<p>Para Weinstein, o movimento Escola sem Partido, que Bolsonaro apoia contra o que ele considera doutrina\u00e7\u00e3o nas escolas, \u00e9 &#8220;extremamente ideol\u00f3gico&#8221;. Ela ressalta que todo professor parte, em algum grau, de sua pr\u00f3pria vis\u00e3o de mundo, quando decide o que vai ensinar e como.<\/p>\n<p>&#8220;\u00c9 o Escola sem Partido e seu esfor\u00e7o para policiar as salas de aula que representam uma amea\u00e7a \u00e0 liberdade acad\u00eamica e \u00e0 credibilidade das institui\u00e7\u00f5es educacionais brasileiras no pa\u00eds e no exterior&#8221;, critica.<\/p>\n<p>&#8220;H\u00e1 um n\u00famero inestim\u00e1vel de fatos hist\u00f3ricos. A pr\u00f3pria sele\u00e7\u00e3o de quais fatos apresentar (em sala de aula) \u00e9 um ato de interpreta\u00e7\u00e3o&#8221;, ressalta a historiadora.<\/p>\n<figure class=\"media-landscape has-caption full-width\"><span class=\"image-and-copyright-container\"><img data-recalc-dims=\"1\" loading=\"lazy\" decoding=\"async\" class=\"responsive-image__img js-image-replace\" src=\"https:\/\/i0.wp.com\/ichef.bbci.co.uk\/news\/624\/cpsprodpb\/AEF0\/production\/_104448744_stanley_credittoedwintse.jpg?resize=600%2C338&#038;ssl=1\" alt=\"Jason Stanley\" width=\"600\" height=\"338\" data-highest-encountered-width=\"624\" \/><span class=\"off-screen\">Direito de imagem<\/span><span class=\"story-image-copyright\">DIVULGA\u00c7\u00c3O<\/span><\/span><figcaption class=\"media-caption\"><span class=\"off-screen\">Image caption<\/span><span class=\"media-caption__text\">Fil\u00f3sofo diz que \u00e9 imposs\u00edvel liderar um pa\u00eds sem ter um ponto de vista ideol\u00f3gico sobre como governar<\/span><\/figcaption><\/figure>\n<h2 class=\"story-body__crosshead\">Virada na pol\u00edtica externa<\/h2>\n<p>Na \u00e1rea de rela\u00e7\u00f5es internacionais, Bolsonaro prometeu em seu programa de governo um &#8220;novo Itamaraty&#8221;, que se reaproximaria de pa\u00edses &#8220;preteridos por raz\u00f5es ideol\u00f3gicas&#8221; nos governos anteriores.<\/p>\n<p>&#8220;Deixaremos de louvar ditaduras assassinas e desprezar ou mesmo atacar democracias importantes como EUA, Israel e It\u00e1lia&#8221;, diz ainda o documento.<\/p>\n<p>Bolsonaro tem sido especialmente cr\u00edtico da proximidade que as gest\u00f5es do PT mantiveram com Cuba e Venezuela, dois governos autorit\u00e1rios. Na \u00faltima semana, o governo cubano decidiu encerrar sua participa\u00e7\u00e3o no programa Mais M\u00e9dicos em raz\u00e3o das novas exig\u00eancias feitas pelo presidente eleito, o que pode levar \u00e0 sa\u00edda de cerca de 8.000 m\u00e9dicos de \u00e1reas pobres do pa\u00eds.<\/p>\n<p>J\u00e1 sua promessa de transferir a embaixada de Israel de Tel-Aviv para Jerusal\u00e9m &#8211; seguindo decis\u00e3o do presidente americano, Donald Trump, e contrariando orienta\u00e7\u00e3o da ONU &#8211; j\u00e1 gerou expectativa de retalia\u00e7\u00e3o de pa\u00edses \u00e1rabes \u00e0s exporta\u00e7\u00f5es brasileiras.<\/p>\n<p>&#8220;Uma aproxima\u00e7\u00e3o com Estados Unidos (por simpatia a Trump) e Israel (por afinidade evang\u00e9lica com o pa\u00eds) \u00e9 t\u00e3o ideol\u00f3gica quanto a abordagem de Lula e Dilma sobre Cuba e Venezuela&#8221;, respondeu por email \u00e0 reportagem a argentina Claudia Zilla, diretora em Berlim do grupo de pesquisa Am\u00e9ricas na Funda\u00e7\u00e3o Ci\u00eancia e Pol\u00edtica (SWP).<\/p>\n<figure class=\"media-landscape has-caption full-width\"><span class=\"image-and-copyright-container\"><img data-recalc-dims=\"1\" loading=\"lazy\" decoding=\"async\" class=\"responsive-image__img js-image-replace\" src=\"https:\/\/i0.wp.com\/ichef.bbci.co.uk\/news\/624\/cpsprodpb\/14B30\/production\/_104448748_hi049716186.jpg?resize=600%2C338&#038;ssl=1\" alt=\"Donald Trump\" width=\"600\" height=\"338\" data-highest-encountered-width=\"624\" \/><span class=\"off-screen\">Direito de imagem<\/span><span class=\"story-image-copyright\">REUTERS\/LEAH MILLIS<\/span><\/span><figcaption class=\"media-caption\"><span class=\"off-screen\">Image caption<\/span><span class=\"media-caption__text\">Aproxima\u00e7\u00e3o de Bolsonaro com os EUA \u00e9 t\u00e3o ideol\u00f3gica quanto abordagem de Lula sobre Cuba, diz pesquisadora<\/span><\/figcaption><\/figure>\n<p>&#8220;Nenhuma parte pode reivindicar a representa\u00e7\u00e3o pura e completa do interesse nacional, isso \u00e9 sempre uma constru\u00e7\u00e3o de uma posi\u00e7\u00e3o ideol\u00f3gica. Portanto, havia conte\u00fado ideol\u00f3gico na pol\u00edtica externa de Lula e Dilma &#8211; e esse ser\u00e1, sem d\u00favida, tamb\u00e9m o caso da pol\u00edtica externa de Bolsonaro&#8221;, acrescentou.<\/p>\n<p>As estat\u00edsticas oficiais brasileiras mostram que as exporta\u00e7\u00f5es cresceram para todos os continentes durante os 13 anos do PT, embora com mais for\u00e7a para \u00c1sia (618% de alta na compara\u00e7\u00e3o entre 2015 com 2012) e Oriente M\u00e9dio e Am\u00e9rica do Sul (ambos acima de 300%).<\/p>\n<p>Para Anthony Pereira, da universidade King&#8217;s College, a pol\u00edtica externa petista adotou um mix de que vai da ideologia ao pragmatismo.<\/p>\n<p>&#8220;A ideia da diplomacia Sul-Sul (que priorizava pa\u00edses emergentes e em desenvolvimento), por exemplo, reflete o fato de que, a partir do in\u00edcio dos anos 2000, as rela\u00e7\u00f5es comerciais do Brasil com a \u00c1sia, especialmente com a China, cresceram. A diplomacia brasileira estava refletindo os padr\u00f5es do com\u00e9rcio&#8221;, ressalta.<\/p>\n","protected":false},"excerpt":{"rendered":"<p>&#8220;A quest\u00e3o ideol\u00f3gica \u00e9 t\u00e3o, ou mais grave, que a corrup\u00e7\u00e3o no Brasil. S\u00e3o dois males a ser combatido (sic). O desaparelhamento do Estado, e o fim das indica\u00e7\u00f5es pol\u00edticas, \u00e9 o rem\u00e9dio que temos para salvar o Brasil&#8221;, escreveu no Twitter o presidente eleito Jair Bolsonaro (PSL) no in\u00edcio de outubro, ainda durante a&#8230;<a class=\"more-link\" href=\"http:\/\/blogdalucianaoliveira.com.br\/blog\/2018\/11\/23\/e-possivel-governar-sem-ideologia-como-promete-bolsonaro\/\">Continue a leitura <span class=\"meta-nav\">&raquo;<\/span><\/a><\/p>\n","protected":false},"author":1,"featured_media":0,"comment_status":"closed","ping_status":"open","sticky":false,"template":"","format":"standard","meta":{"_exactmetrics_skip_tracking":false,"_exactmetrics_sitenote_active":false,"_exactmetrics_sitenote_note":"","_exactmetrics_sitenote_category":0,"jetpack_post_was_ever_published":false,"_jetpack_newsletter_access":"","_jetpack_dont_email_post_to_subs":false,"_jetpack_newsletter_tier_id":0,"_jetpack_memberships_contains_paywalled_content":false,"_jetpack_memberships_contains_paid_content":false,"footnotes":"","jetpack_publicize_message":"","jetpack_publicize_feature_enabled":true,"jetpack_social_post_already_shared":true,"jetpack_social_options":{"image_generator_settings":{"template":"highway","enabled":false},"version":2}},"categories":[1],"tags":[],"class_list":["post-19562","post","type-post","status-publish","format-standard","hentry","category-notas"],"jetpack_publicize_connections":[],"jetpack_sharing_enabled":true,"jetpack_featured_media_url":"","jetpack_shortlink":"https:\/\/wp.me\/p7wKYW-55w","jetpack-related-posts":[],"_links":{"self":[{"href":"http:\/\/blogdalucianaoliveira.com.br\/blog\/wp-json\/wp\/v2\/posts\/19562","targetHints":{"allow":["GET"]}}],"collection":[{"href":"http:\/\/blogdalucianaoliveira.com.br\/blog\/wp-json\/wp\/v2\/posts"}],"about":[{"href":"http:\/\/blogdalucianaoliveira.com.br\/blog\/wp-json\/wp\/v2\/types\/post"}],"author":[{"embeddable":true,"href":"http:\/\/blogdalucianaoliveira.com.br\/blog\/wp-json\/wp\/v2\/users\/1"}],"replies":[{"embeddable":true,"href":"http:\/\/blogdalucianaoliveira.com.br\/blog\/wp-json\/wp\/v2\/comments?post=19562"}],"version-history":[{"count":1,"href":"http:\/\/blogdalucianaoliveira.com.br\/blog\/wp-json\/wp\/v2\/posts\/19562\/revisions"}],"predecessor-version":[{"id":19564,"href":"http:\/\/blogdalucianaoliveira.com.br\/blog\/wp-json\/wp\/v2\/posts\/19562\/revisions\/19564"}],"wp:attachment":[{"href":"http:\/\/blogdalucianaoliveira.com.br\/blog\/wp-json\/wp\/v2\/media?parent=19562"}],"wp:term":[{"taxonomy":"category","embeddable":true,"href":"http:\/\/blogdalucianaoliveira.com.br\/blog\/wp-json\/wp\/v2\/categories?post=19562"},{"taxonomy":"post_tag","embeddable":true,"href":"http:\/\/blogdalucianaoliveira.com.br\/blog\/wp-json\/wp\/v2\/tags?post=19562"}],"curies":[{"name":"wp","href":"https:\/\/api.w.org\/{rel}","templated":true}]}}