{"id":19565,"date":"2018-11-23T10:37:21","date_gmt":"2018-11-23T14:37:21","guid":{"rendered":"http:\/\/blogdalucianaoliveira.com.br\/blog\/?p=19565"},"modified":"2018-11-23T10:37:21","modified_gmt":"2018-11-23T14:37:21","slug":"o-olavismo-passou-de-piada-a-doutrina-oficial-de-governo","status":"publish","type":"post","link":"http:\/\/blogdalucianaoliveira.com.br\/blog\/2018\/11\/23\/o-olavismo-passou-de-piada-a-doutrina-oficial-de-governo\/","title":{"rendered":"O olavismo passou de piada a doutrina oficial de governo"},"content":{"rendered":"<p>&nbsp;<\/p>\n<p>&nbsp;<\/p>\n<p><img data-recalc-dims=\"1\" loading=\"lazy\" decoding=\"async\" data-attachment-id=\"19566\" data-permalink=\"http:\/\/blogdalucianaoliveira.com.br\/blog\/2018\/11\/23\/o-olavismo-passou-de-piada-a-doutrina-oficial-de-governo\/ola\/\" data-orig-file=\"https:\/\/i0.wp.com\/blogdalucianaoliveira.com.br\/blog\/wp-content\/uploads\/2018\/11\/ola.png?fit=750%2C420\" data-orig-size=\"750,420\" data-comments-opened=\"0\" data-image-meta=\"{&quot;aperture&quot;:&quot;0&quot;,&quot;credit&quot;:&quot;&quot;,&quot;camera&quot;:&quot;&quot;,&quot;caption&quot;:&quot;&quot;,&quot;created_timestamp&quot;:&quot;0&quot;,&quot;copyright&quot;:&quot;&quot;,&quot;focal_length&quot;:&quot;0&quot;,&quot;iso&quot;:&quot;0&quot;,&quot;shutter_speed&quot;:&quot;0&quot;,&quot;title&quot;:&quot;&quot;,&quot;orientation&quot;:&quot;0&quot;}\" data-image-title=\"ola\" data-image-description=\"\" data-image-caption=\"\" data-medium-file=\"https:\/\/i0.wp.com\/blogdalucianaoliveira.com.br\/blog\/wp-content\/uploads\/2018\/11\/ola.png?fit=300%2C168\" data-large-file=\"https:\/\/i0.wp.com\/blogdalucianaoliveira.com.br\/blog\/wp-content\/uploads\/2018\/11\/ola.png?fit=600%2C336\" class=\"alignnone size-full wp-image-19566\" src=\"https:\/\/i0.wp.com\/blogdalucianaoliveira.com.br\/blog\/wp-content\/uploads\/2018\/11\/ola.png?resize=600%2C336\" alt=\"ola\" width=\"600\" height=\"336\" srcset=\"https:\/\/i0.wp.com\/blogdalucianaoliveira.com.br\/blog\/wp-content\/uploads\/2018\/11\/ola.png?w=750 750w, https:\/\/i0.wp.com\/blogdalucianaoliveira.com.br\/blog\/wp-content\/uploads\/2018\/11\/ola.png?resize=300%2C168 300w, https:\/\/i0.wp.com\/blogdalucianaoliveira.com.br\/blog\/wp-content\/uploads\/2018\/11\/ola.png?resize=536%2C300 536w\" sizes=\"auto, (max-width: 600px) 100vw, 600px\" \/><\/p>\n<p>No Blog da Cidadania &#8211; Jair Bolsonaro correu o risco de acertar na escolha do ministro da Educa\u00e7\u00e3o. Mozart Ramos tinha curr\u00edculo para o cargo. Ex-reitor da Universidade Federal de Pernambuco, hoje diretor do Instituto Ayrton Senna, conquistou respeito no meio privado e na academia. Sua indica\u00e7\u00e3o parecia boa demais para ser verdade. E era.<!--more--><\/p>\n<div class=\"code-block code-block-2\"><\/div>\n<p>O educador foi vetado pela bancada evang\u00e9lica, aliada do presidente eleito. \u201cSomos totalmente contra o nome dele\u201d, resumiu o deputado S\u00f3stenes Cavalcante. Ele participou da comitiva que foi do Congresso ao CCBB, quartel-general do futuro governo, para torpedear a nomea\u00e7\u00e3o que j\u00e1 era dada como certa.<\/p>\n<p>A press\u00e3o funcionou. Ontem Bolsonaro cancelou a reuni\u00e3o que selaria a escolha de Ramos. Em seu lugar, recebeu o procurador Guilherme Schelb. As credenciais do novo ministeri\u00e1vel eram desconhecidas. Em poucos minutos, o enigma se desfez: ele havia virado propagandista do projeto Escola Sem Partido.<\/p>\n<p>Sem deixar a Procuradoria, Schelb se tornou um ativista de rede social. No Facebook, sustenta que h\u00e1 um compl\u00f4 para \u201cdoutrinar\u201d e \u201cerotizar\u201d criancinhas nas escolas. Entre seus alvos, est\u00e3o a ministra C\u00e1rmen L\u00facia, a atriz Fernanda Lima e o ex-presidente Barack Obama.<\/p>\n<div class=\"code-block code-block-3\"><\/div>\n<p>\u00c9 uma milit\u00e2ncia lucrativa. Ele mant\u00e9m um site para agendar palestras e vender o curso on-line \u201cFam\u00edlia educa, escola ensina\u201d. Um lote de cartilhas sai por R$ 1.700. O pastor Silas Malafaia apoiou sua nomea\u00e7\u00e3o com entusiasmo. \u201cEsse \u00e9 o cara!\u201d, vibrou, no Twitter.<\/p>\n<p>O lobby evang\u00e9lico bateu na trave. \u00c0 noite, Bolsonaro anunciou a nomea\u00e7\u00e3o de Ricardo V\u00e9lez Rodr\u00edguez. Apresentou-o como \u201cfil\u00f3sofo autor de mais de 30 obras, atualmente professor em\u00e9rito da Escola de Comando e Estado-Maior do Ex\u00e9rcito\u201d. Esqueceu de apontar o pai da indica\u00e7\u00e3o: o ide\u00f3logo e polemista Olavo de Carvalho.<\/p>\n<p>O guru ultraconservador j\u00e1 havia emplacado o trumpista Ernesto Ara\u00fajo nas Rela\u00e7\u00f5es Exteriores. Agora apadrinha o ministro da Educa\u00e7\u00e3o, que repete suas teses reacion\u00e1rias com a vantagem de n\u00e3o usar palavr\u00f5es. O olavismo passou de piada a doutrina oficial de governo. Parece ser a hora de adaptar um lema de outros tempos: \u201cChega de intermedi\u00e1rios, Olavo para presidente!\u201d.<\/p>\n<p>Em\u00a0\u00a0<a href=\"https:\/\/blogs.oglobo.globo.com\/bernardo-mello-franco\/post\/amp\/o-olavismo-passou-de-piada-doutrina-oficial-de-governo.html?utm_source=Twitter&amp;utm_medium=Social&amp;utm_campaign=compartilhar&amp;__twitter_impression=true\" target=\"_blank\" rel=\"noopener\">O Globo<\/a><\/p>\n<div class=\"addtoany_share_save_container addtoany_content addtoany_content_bottom\"><\/div>\n","protected":false},"excerpt":{"rendered":"<p>&nbsp; &nbsp; No Blog da Cidadania &#8211; Jair Bolsonaro correu o risco de acertar na escolha do ministro da Educa\u00e7\u00e3o. Mozart Ramos tinha curr\u00edculo para o cargo. Ex-reitor da Universidade Federal de Pernambuco, hoje diretor do Instituto Ayrton Senna, conquistou respeito no meio privado e na academia. Sua indica\u00e7\u00e3o parecia boa demais para ser verdade&#8230;.<a class=\"more-link\" href=\"http:\/\/blogdalucianaoliveira.com.br\/blog\/2018\/11\/23\/o-olavismo-passou-de-piada-a-doutrina-oficial-de-governo\/\">Continue a leitura <span class=\"meta-nav\">&raquo;<\/span><\/a><\/p>\n","protected":false},"author":1,"featured_media":0,"comment_status":"closed","ping_status":"open","sticky":false,"template":"","format":"standard","meta":{"_exactmetrics_skip_tracking":false,"_exactmetrics_sitenote_active":false,"_exactmetrics_sitenote_note":"","_exactmetrics_sitenote_category":0,"jetpack_post_was_ever_published":false,"_jetpack_newsletter_access":"","_jetpack_dont_email_post_to_subs":false,"_jetpack_newsletter_tier_id":0,"_jetpack_memberships_contains_paywalled_content":false,"_jetpack_memberships_contains_paid_content":false,"footnotes":"","jetpack_publicize_message":"","jetpack_publicize_feature_enabled":true,"jetpack_social_post_already_shared":true,"jetpack_social_options":{"image_generator_settings":{"template":"highway","enabled":false},"version":2}},"categories":[1],"tags":[],"class_list":["post-19565","post","type-post","status-publish","format-standard","hentry","category-notas"],"jetpack_publicize_connections":[],"jetpack_sharing_enabled":true,"jetpack_featured_media_url":"","jetpack_shortlink":"https:\/\/wp.me\/p7wKYW-55z","jetpack-related-posts":[],"_links":{"self":[{"href":"http:\/\/blogdalucianaoliveira.com.br\/blog\/wp-json\/wp\/v2\/posts\/19565","targetHints":{"allow":["GET"]}}],"collection":[{"href":"http:\/\/blogdalucianaoliveira.com.br\/blog\/wp-json\/wp\/v2\/posts"}],"about":[{"href":"http:\/\/blogdalucianaoliveira.com.br\/blog\/wp-json\/wp\/v2\/types\/post"}],"author":[{"embeddable":true,"href":"http:\/\/blogdalucianaoliveira.com.br\/blog\/wp-json\/wp\/v2\/users\/1"}],"replies":[{"embeddable":true,"href":"http:\/\/blogdalucianaoliveira.com.br\/blog\/wp-json\/wp\/v2\/comments?post=19565"}],"version-history":[{"count":1,"href":"http:\/\/blogdalucianaoliveira.com.br\/blog\/wp-json\/wp\/v2\/posts\/19565\/revisions"}],"predecessor-version":[{"id":19567,"href":"http:\/\/blogdalucianaoliveira.com.br\/blog\/wp-json\/wp\/v2\/posts\/19565\/revisions\/19567"}],"wp:attachment":[{"href":"http:\/\/blogdalucianaoliveira.com.br\/blog\/wp-json\/wp\/v2\/media?parent=19565"}],"wp:term":[{"taxonomy":"category","embeddable":true,"href":"http:\/\/blogdalucianaoliveira.com.br\/blog\/wp-json\/wp\/v2\/categories?post=19565"},{"taxonomy":"post_tag","embeddable":true,"href":"http:\/\/blogdalucianaoliveira.com.br\/blog\/wp-json\/wp\/v2\/tags?post=19565"}],"curies":[{"name":"wp","href":"https:\/\/api.w.org\/{rel}","templated":true}]}}