{"id":19572,"date":"2018-11-23T16:07:37","date_gmt":"2018-11-23T20:07:37","guid":{"rendered":"http:\/\/blogdalucianaoliveira.com.br\/blog\/?p=19572"},"modified":"2018-11-23T16:07:37","modified_gmt":"2018-11-23T20:07:37","slug":"um-aiatola-assume-a-educacao-no-brasil","status":"publish","type":"post","link":"http:\/\/blogdalucianaoliveira.com.br\/blog\/2018\/11\/23\/um-aiatola-assume-a-educacao-no-brasil\/","title":{"rendered":"Um aiatol\u00e1 assume a educa\u00e7\u00e3o no Brasil"},"content":{"rendered":"<p><img data-recalc-dims=\"1\" loading=\"lazy\" decoding=\"async\" data-attachment-id=\"19573\" data-permalink=\"http:\/\/blogdalucianaoliveira.com.br\/blog\/2018\/11\/23\/um-aiatola-assume-a-educacao-no-brasil\/ed3f5491-af39-4755-b774-479ecf43df2e\/\" data-orig-file=\"https:\/\/i0.wp.com\/blogdalucianaoliveira.com.br\/blog\/wp-content\/uploads\/2018\/11\/ED3F5491-AF39-4755-B774-479ECF43DF2E.jpeg?fit=768%2C512\" data-orig-size=\"768,512\" data-comments-opened=\"0\" data-image-meta=\"{&quot;aperture&quot;:&quot;0&quot;,&quot;credit&quot;:&quot;&quot;,&quot;camera&quot;:&quot;&quot;,&quot;caption&quot;:&quot;&quot;,&quot;created_timestamp&quot;:&quot;0&quot;,&quot;copyright&quot;:&quot;&quot;,&quot;focal_length&quot;:&quot;0&quot;,&quot;iso&quot;:&quot;0&quot;,&quot;shutter_speed&quot;:&quot;0&quot;,&quot;title&quot;:&quot;&quot;,&quot;orientation&quot;:&quot;0&quot;}\" data-image-title=\"ED3F5491-AF39-4755-B774-479ECF43DF2E\" data-image-description=\"\" data-image-caption=\"\" data-medium-file=\"https:\/\/i0.wp.com\/blogdalucianaoliveira.com.br\/blog\/wp-content\/uploads\/2018\/11\/ED3F5491-AF39-4755-B774-479ECF43DF2E.jpeg?fit=300%2C200\" data-large-file=\"https:\/\/i0.wp.com\/blogdalucianaoliveira.com.br\/blog\/wp-content\/uploads\/2018\/11\/ED3F5491-AF39-4755-B774-479ECF43DF2E.jpeg?fit=600%2C400\" src=\"https:\/\/i0.wp.com\/blogdalucianaoliveira.com.br\/blog\/wp-content\/uploads\/2018\/11\/ED3F5491-AF39-4755-B774-479ECF43DF2E.jpeg?resize=600%2C400\" alt=\"ED3F5491-AF39-4755-B774-479ECF43DF2E\" width=\"600\" height=\"400\" class=\"alignnone size-full wp-image-19573\" srcset=\"https:\/\/i0.wp.com\/blogdalucianaoliveira.com.br\/blog\/wp-content\/uploads\/2018\/11\/ED3F5491-AF39-4755-B774-479ECF43DF2E.jpeg?w=768 768w, https:\/\/i0.wp.com\/blogdalucianaoliveira.com.br\/blog\/wp-content\/uploads\/2018\/11\/ED3F5491-AF39-4755-B774-479ECF43DF2E.jpeg?resize=300%2C200 300w, https:\/\/i0.wp.com\/blogdalucianaoliveira.com.br\/blog\/wp-content\/uploads\/2018\/11\/ED3F5491-AF39-4755-B774-479ECF43DF2E.jpeg?resize=450%2C300 450w\" sizes=\"auto, (max-width: 600px) 100vw, 600px\" \/><\/p>\n<p>Na Folha, por Cl\u00f3vis Rossi &#8211; Jair Bolsonaro tem confessada admira\u00e7\u00e3o pelo presidente Donald Trump, mas, pelo andar da carruagem na \u00e1rea dos costumes, seu governo caminha para se aproximar do Ir\u00e3 dos aiatol\u00e1s, curiosamente um dos grandes inimigos de Trump.<!--more--><\/p>\n<p>A ideia do escolhido para ministro da Educa\u00e7\u00e3o, Ricardo V\u00e9lez Rodr\u00edguez, de criar \u201cconselhos de \u00e9tica\u201d para zelar \u201cpela reta educa\u00e7\u00e3o moral dos alunos\u201d tem todo o cheiro da pol\u00edcia moral adotada no Ir\u00e3 (entre outros pa\u00edses mu\u00e7ulmanos, como a Ar\u00e1bia Saudita).<\/p>\n<p>A pol\u00edcia moral iraniana funciona assim, conforme descri\u00e7\u00e3o de Samy Adghirni, brilhante rep\u00f3rter que era \u00e0 \u00e9poca (2012) correspondente da Folha em Teer\u00e3:<\/p>\n<p>\u201cA mulher abordada [pela pol\u00edcia moral] tinha todos os \u2018v\u00edcios\u2019 da t\u00edpica infratora: maquiagem berrante, roupa colorida, casaco que bate na coxa em vez do joelho e, principalmente, um v\u00e9u cobrindo apenas a parte de tr\u00e1s da cabe\u00e7a, deixando \u00e0 mostra cabelos tingidos de loira. A mo\u00e7a, entre seus 25 e 30 anos, pediu aos policiais que ao menos a deixassem pagar o suco consumido&#8221;.<\/p>\n<p>Que perigosa criminosa essa mo\u00e7a, n\u00e3o? A pol\u00edcia moral estava apenas cumprindo o seu papel de zelar pelo \u201creto comportamento\u201d da jovem, nos moldes defendidos pelo futuro ministro da Educa\u00e7\u00e3o.<\/p>\n<p>Quem \u00e9 que vai definir o que \u00e9 \u201creta educa\u00e7\u00e3o moral&#8221;? Um ministro que acha que se deve comemorar o golpe de 1964, aquele mesmo que prendeu, sequestrou, matou, torturou, baniu e exilou milhares de pessoas, censurou a imprensa, fechou o Congresso, cassou mandatos pol\u00edticos e praticou outras barbaridades?<\/p>\n<p>Os aiatol\u00e1s, no Ir\u00e3, fazem a mesm\u00edssima coisa e tamb\u00e9m acham que est\u00e3o apenas enquadrando a popula\u00e7\u00e3o no que consideram os bons costumes.<\/p>\n<p>O problema principal para a implanta\u00e7\u00e3o da tal Escola sem Partido passa exatamente por a\u00ed: quem vigia o comportamento dos professores para assegurar que eles n\u00e3o se desviem da \u201creta educa\u00e7\u00e3o moral&#8221;?<\/p>\n<p>Ali\u00e1s, primeiro seria preciso haver um razo\u00e1vel consenso na sociedade em torno do que \u00e9 educa\u00e7\u00e3o reta.<\/p>\n<p>Para o meu gosto, por exemplo, educa\u00e7\u00e3o reta \u00e9 aquela que festeja a democracia, n\u00e3o a ditadura, como pretende o ministro indicado.<\/p>\n<p>Sem esse consenso \u2013quase imposs\u00edvel de alcan\u00e7ar dada a imensa variedade de comportamentos que se encontram habitualmente em sociedades complexas\u2013, s\u00f3 a implanta\u00e7\u00e3o de uma pol\u00edcia moral para vigiar professores (e alunos, claro).<\/p>\n<p>Pode at\u00e9 se chamar de conselho de \u00e9tica, mas n\u00e3o ser\u00e1 diferente do fundamentalismo religioso (no caso cat\u00f3lico, em vez de mu\u00e7ulmano) que caracteriza o Ir\u00e3.<\/p>\n","protected":false},"excerpt":{"rendered":"<p>Na Folha, por Cl\u00f3vis Rossi &#8211; Jair Bolsonaro tem confessada admira\u00e7\u00e3o pelo presidente Donald Trump, mas, pelo andar da carruagem na \u00e1rea dos costumes, seu governo caminha para se aproximar do Ir\u00e3 dos aiatol\u00e1s, curiosamente um dos grandes inimigos de Trump.<\/p>\n","protected":false},"author":1,"featured_media":0,"comment_status":"closed","ping_status":"open","sticky":false,"template":"","format":"standard","meta":{"_exactmetrics_skip_tracking":false,"_exactmetrics_sitenote_active":false,"_exactmetrics_sitenote_note":"","_exactmetrics_sitenote_category":0,"jetpack_post_was_ever_published":false,"_jetpack_newsletter_access":"","_jetpack_dont_email_post_to_subs":false,"_jetpack_newsletter_tier_id":0,"_jetpack_memberships_contains_paywalled_content":false,"_jetpack_memberships_contains_paid_content":false,"footnotes":"","jetpack_publicize_message":"","jetpack_publicize_feature_enabled":true,"jetpack_social_post_already_shared":true,"jetpack_social_options":{"image_generator_settings":{"template":"highway","enabled":false},"version":2}},"categories":[1],"tags":[],"class_list":["post-19572","post","type-post","status-publish","format-standard","hentry","category-notas"],"jetpack_publicize_connections":[],"jetpack_sharing_enabled":true,"jetpack_featured_media_url":"","jetpack_shortlink":"https:\/\/wp.me\/p7wKYW-55G","jetpack-related-posts":[],"_links":{"self":[{"href":"http:\/\/blogdalucianaoliveira.com.br\/blog\/wp-json\/wp\/v2\/posts\/19572","targetHints":{"allow":["GET"]}}],"collection":[{"href":"http:\/\/blogdalucianaoliveira.com.br\/blog\/wp-json\/wp\/v2\/posts"}],"about":[{"href":"http:\/\/blogdalucianaoliveira.com.br\/blog\/wp-json\/wp\/v2\/types\/post"}],"author":[{"embeddable":true,"href":"http:\/\/blogdalucianaoliveira.com.br\/blog\/wp-json\/wp\/v2\/users\/1"}],"replies":[{"embeddable":true,"href":"http:\/\/blogdalucianaoliveira.com.br\/blog\/wp-json\/wp\/v2\/comments?post=19572"}],"version-history":[{"count":1,"href":"http:\/\/blogdalucianaoliveira.com.br\/blog\/wp-json\/wp\/v2\/posts\/19572\/revisions"}],"predecessor-version":[{"id":19574,"href":"http:\/\/blogdalucianaoliveira.com.br\/blog\/wp-json\/wp\/v2\/posts\/19572\/revisions\/19574"}],"wp:attachment":[{"href":"http:\/\/blogdalucianaoliveira.com.br\/blog\/wp-json\/wp\/v2\/media?parent=19572"}],"wp:term":[{"taxonomy":"category","embeddable":true,"href":"http:\/\/blogdalucianaoliveira.com.br\/blog\/wp-json\/wp\/v2\/categories?post=19572"},{"taxonomy":"post_tag","embeddable":true,"href":"http:\/\/blogdalucianaoliveira.com.br\/blog\/wp-json\/wp\/v2\/tags?post=19572"}],"curies":[{"name":"wp","href":"https:\/\/api.w.org\/{rel}","templated":true}]}}