{"id":19579,"date":"2018-11-23T16:46:16","date_gmt":"2018-11-23T20:46:16","guid":{"rendered":"http:\/\/blogdalucianaoliveira.com.br\/blog\/?p=19579"},"modified":"2018-11-23T16:46:16","modified_gmt":"2018-11-23T20:46:16","slug":"como-sera-o-amanha","status":"publish","type":"post","link":"http:\/\/blogdalucianaoliveira.com.br\/blog\/2018\/11\/23\/como-sera-o-amanha\/","title":{"rendered":"Como ser\u00e1 o amanh\u00e3?"},"content":{"rendered":"<p><img data-recalc-dims=\"1\" loading=\"lazy\" decoding=\"async\" data-attachment-id=\"19580\" data-permalink=\"http:\/\/blogdalucianaoliveira.com.br\/blog\/2018\/11\/23\/como-sera-o-amanha\/9eea7674-c9ee-4f40-98d9-97a21503fa65\/\" data-orig-file=\"https:\/\/i0.wp.com\/blogdalucianaoliveira.com.br\/blog\/wp-content\/uploads\/2018\/11\/9EEA7674-C9EE-4F40-98D9-97A21503FA65.jpeg?fit=980%2C550\" data-orig-size=\"980,550\" data-comments-opened=\"0\" data-image-meta=\"{&quot;aperture&quot;:&quot;0&quot;,&quot;credit&quot;:&quot;&quot;,&quot;camera&quot;:&quot;&quot;,&quot;caption&quot;:&quot;&quot;,&quot;created_timestamp&quot;:&quot;0&quot;,&quot;copyright&quot;:&quot;&quot;,&quot;focal_length&quot;:&quot;0&quot;,&quot;iso&quot;:&quot;0&quot;,&quot;shutter_speed&quot;:&quot;0&quot;,&quot;title&quot;:&quot;&quot;,&quot;orientation&quot;:&quot;0&quot;}\" data-image-title=\"9EEA7674-C9EE-4F40-98D9-97A21503FA65\" data-image-description=\"\" data-image-caption=\"\" data-medium-file=\"https:\/\/i0.wp.com\/blogdalucianaoliveira.com.br\/blog\/wp-content\/uploads\/2018\/11\/9EEA7674-C9EE-4F40-98D9-97A21503FA65.jpeg?fit=300%2C168\" data-large-file=\"https:\/\/i0.wp.com\/blogdalucianaoliveira.com.br\/blog\/wp-content\/uploads\/2018\/11\/9EEA7674-C9EE-4F40-98D9-97A21503FA65.jpeg?fit=600%2C337\" src=\"https:\/\/i0.wp.com\/blogdalucianaoliveira.com.br\/blog\/wp-content\/uploads\/2018\/11\/9EEA7674-C9EE-4F40-98D9-97A21503FA65.jpeg?resize=600%2C337\" alt=\"9EEA7674-C9EE-4F40-98D9-97A21503FA65\" width=\"600\" height=\"337\" class=\"alignnone size-full wp-image-19580\" srcset=\"https:\/\/i0.wp.com\/blogdalucianaoliveira.com.br\/blog\/wp-content\/uploads\/2018\/11\/9EEA7674-C9EE-4F40-98D9-97A21503FA65.jpeg?w=980 980w, https:\/\/i0.wp.com\/blogdalucianaoliveira.com.br\/blog\/wp-content\/uploads\/2018\/11\/9EEA7674-C9EE-4F40-98D9-97A21503FA65.jpeg?resize=300%2C168 300w, https:\/\/i0.wp.com\/blogdalucianaoliveira.com.br\/blog\/wp-content\/uploads\/2018\/11\/9EEA7674-C9EE-4F40-98D9-97A21503FA65.jpeg?resize=768%2C431 768w, https:\/\/i0.wp.com\/blogdalucianaoliveira.com.br\/blog\/wp-content\/uploads\/2018\/11\/9EEA7674-C9EE-4F40-98D9-97A21503FA65.jpeg?resize=535%2C300 535w\" sizes=\"auto, (max-width: 600px) 100vw, 600px\" \/><\/p>\n<p>No El Pa\u00eds &#8211; H\u00e1 exatamente dois anos, logo ap\u00f3s as elei\u00e7\u00f5es municipais de 2016, eu afirmei em entrevista para este jornal que a elei\u00e7\u00e3o presidencial de 2018 seria ganha por um outsider da pol\u00edtica ou por uma figura anti-establishment. <\/p>\n<p>Desde ent\u00e3o, eu reafirmei o mesmo progn\u00f3stico em entrevistas para outros ve\u00edculos e tamb\u00e9m em diversos textos que escrevi para este jornal. Muitas vezes, fui questionado pelos meus clientes do mercado financeiro e por tradicionais players do mundo da pol\u00edtica por conta desta afirma\u00e7\u00e3o \u2013 questionamentos esses que eram mais fruto de um desejo que tal progn\u00f3stico n\u00e3o se concretizasse do que consequ\u00eancia de uma an\u00e1lise racional a respeito do comportamento do eleitorado brasileiro.<\/p>\n<p>Ao final do primeiro turno das elei\u00e7\u00f5es, veio a comprova\u00e7\u00e3o: as duas candidaturas mais rejeitadas pelo establishment (popularmente conhecido como O Sistema) estavam no segundo turno.<\/p>\n<p>Hoje, eleitores de cada um dos dois lados, me criticam por n\u00e3o considerar o candidato do campo oposto como parte do establishment. Essa \u00e9 uma discuss\u00e3o apaixonada, mas ela se torna irrelevante quando trazida para o campo da objetividade. Para isso, basta olharmos as mat\u00e9rias e as linhas editoriais que dominaram a grande m\u00eddia do pa\u00eds at\u00e9 dez ou quinze dias antes do primeiro turno &#8211; quando o Sistema ainda sonhava com uma vit\u00f3ria de Geraldo Alckmin. Ao fazer esse exerc\u00edcio, fica f\u00e1cil perceber que o pior pesadelo para o establishment era exatamente um segundo turno entre o candidato do PT e Jair Bolsonaro.<\/p>\n<p>De fato, para o punhado de plutocratas que comanda o Sistema, a candidatura do PT trazia diversos riscos que poderiam amea\u00e7ar sua cont\u00ednua acumula\u00e7\u00e3o de riqueza e poder: 1) a ado\u00e7\u00e3o de pol\u00edticas fiscais expansionistas; 2) o combate ao rentismo; 3) a desvaloriza\u00e7\u00e3o do c\u00e2mbio; 4) a proposi\u00e7\u00e3o de uma reforma tribut\u00e1ria ousadamente progressista; 5) a revoga\u00e7\u00e3o da reforma trabalhista; 6) o rep\u00fadio \u00e0 reforma da previd\u00eancia nos termos desejados pelo mercado; 7) a luta por uma reforma pol\u00edtica capaz de tornar o Congresso Nacional mais partid\u00e1rio, mais ideol\u00f3gico e consequentemente, menos pulverizado e menos \u201cfluido e manobr\u00e1vel\u201d; 8) o fim da concentra\u00e7\u00e3o do mercado de comunica\u00e7\u00e3o na m\u00e3o de pouqu\u00edssimos grupos familiares; 9) o enfrentamento ao poder que o judici\u00e1rio, a pol\u00edcia federal e o minist\u00e9rio p\u00fablico acumularam ao longo da \u00faltima d\u00e9cada; e por \u00faltimo, 10) a soltura do ex-presidente Lula.<\/p>\n<p>O deputado Jair Bolsonaro, por outro lado, aos olhos desse mesmo punhado de plutocratas, representa(va) outros riscos: 1) o enfrentamento \u00e0 agenda de costumes defendida por eles (relacionada \u00e0 descriminaliza\u00e7\u00e3o do aborto, ao desarmamento dos cidad\u00e3os, ao aprofundamento dos direitos dos grupos LGBTs, \u00e0 descriminaliza\u00e7\u00e3o do consumo de drogas e \u00e0 defesa do meio-ambiente e de pol\u00edticas afirmativas); 2) a promo\u00e7\u00e3o de um autogolpe durante o mandato; ou 3) a volta dos militares ao poder &#8211; menos \u201cfluidos e male\u00e1veis\u201d que os pol\u00edticos tradicionais. Al\u00e9m desses tr\u00eas riscos, a elei\u00e7\u00e3o dele tamb\u00e9m pode(ria) amea\u00e7ar o poder da grande m\u00eddia, do Congresso Nacional (historicamente comandado pelo \u201ccentr\u00e3o\u201d \u2013 um importante aliado do establishment) e do Supremo Tribunal Federal.<\/p>\n<p>Logo, por mais que ao longo do segundo turno, tenhamos visto esses plutocratas aderindo ao candidato do PSL (para eles, o bolso \u00e9 sempre mais importante que os ideais&#8230;), n\u00e3o d\u00e1 para falar que o parlamentar do Rio de Janeiro era o candidato dos sonhos desse pequeno grupo que comanda o Sistema. Da mesma forma, s\u00f3 algu\u00e9m com a cabe\u00e7a muito contaminada nessa era da p\u00f3s-verdade, poderia afirmar que esses tit\u00e3s do capitalismo tupiniquim desejavam a elei\u00e7\u00e3o do candidato do PT &#8211; por mais que na d\u00e9cada passada, eles tenham enriquecido enormemente durante o governo pelo ex-presidente Lula.<\/p>\n<p>Enfim, o grande derrotado do primeiro turno das elei\u00e7\u00f5es presidenciais foi o establishment. N\u00e3o poderia ser diferente num pa\u00eds em que a soma dos eleitores que diziam n\u00e3o confiar nada ou confiar pouco no Congresso Nacional em meados de abril, chegava a uma taxa impressionante de 89%. Similarmente, n\u00e3o poderia ser diferente num pa\u00eds em que cerca de 80% dos eleitores diziam &#8211; em questionamentos separados \u2013 confiar pouco ou n\u00e3o confiar nada na grande m\u00eddia, nos grandes bancos, nas grandes empresas e na justi\u00e7a brasileira \u2013 apesar da avalia\u00e7\u00e3o bastante positiva acerca da Opera\u00e7\u00e3o Lava Jato.<\/p>\n<p>No segundo turno, essa narrativa anti-establishment tamb\u00e9m sagrou-se vencedora. Curiosamente, apesar do mercado financeiro e desse punhado de plutocratas brasileiros terem aderido ao deputado Jair Bolsonaro no segundo turno, ele venceu a elei\u00e7\u00e3o exatamente por ter encarnado a narrativa antissistema melhor que Fernando Haddad.<\/p>\n<p>Os valores, as ideias e a base eleitoral do presidente eleito<\/p>\n<p>Mas, n\u00e3o pretendo me prolongar nesse texto sobre as raz\u00f5es que fizeram Bolsonaro vencer Haddad. Meu objetivo aqui \u00e9 tra\u00e7ar um poss\u00edvel progn\u00f3stico a respeito do futuro Governo.<\/p>\n<p>Nesse sentido, a teoria dos jogos nos ensina que quando conhecemos os valores pessoais, as rela\u00e7\u00f5es de poder e os objetivos dos jogadores, fica f\u00e1cil prever as a\u00e7\u00f5es dos mesmos e consequentemente, o resultado final do jogo. O presidente eleito defende valores morais bastante conservadores \u2013 outro fator fundamental que explica sua vit\u00f3ria sobre Fernando Haddad.<\/p>\n<p>Ele \u00e9 contra a descriminaliza\u00e7\u00e3o do aborto, contra a descriminaliza\u00e7\u00e3o do consumo de drogas e contra o aprofundamento das agendas LGBT, feminista e pr\u00f3-minorias. Por outro lado, \u00e9 a favor do direito das pessoas portarem armas de fogo para defenderem suas posses e a sua integridade f\u00edsica.<\/p>\n<p>Politicamente, o deputado e ex-capit\u00e3o do Ex\u00e9rcito tem uma ret\u00f3rica ultranacionalista e \u00e9 um grande admirador da linha dura do regime militar brasileiro (que reagiu \u00e0 abertura pol\u00edtica iniciada no governo Geisel), do Coronel Brilhante Ustra e do General Augusto Pinochet. Ele enxerga os partidos, intelectuais, pol\u00edticos, movimentos e organiza\u00e7\u00f5es de esquerda como os maiores inimigos da na\u00e7\u00e3o e dele pr\u00f3prio \u2013 em seu discurso, ele tamb\u00e9m os classifica como os maiores inimigos do povo. Dentre suas refer\u00eancias mais atuais, destacam-se o ensa\u00edsta Olavo de Carvalho, o Juiz S\u00e9rgio Moro e o Presidente Donald Trump.<\/p>\n<p>Na economia, apesar de ter defendido durante toda sua carreira parlamentar o modelo nacional-desenvolvimentista implantado pelo regime militar brasileiro, o presidente eleito foi rec\u00e9m-convertido ao liberalismo econ\u00f4mico.<\/p>\n<p>Com essa convers\u00e3o, que fez aumentar ainda mais sua admira\u00e7\u00e3o pelo regime militar chileno, o deputado Jair Bolsonaro passou a declarar-se um defensor da reforma trabalhista, da reforma da previd\u00eancia, das privatiza\u00e7\u00f5es e da redu\u00e7\u00e3o do tamanho do estado. No campo internacional, o presidente eleito defende uma rela\u00e7\u00e3o umbilical (para alguns analistas, vassalar) com os Estados Unidos e, por isso, se mostra reativo ao multilateralismo e aos la\u00e7os que o Brasil construiu ao longo das \u00faltimas d\u00e9cadas com a China, a R\u00fassia, o Mercosul e alguns pa\u00edses africanos, \u00e1rabes e at\u00e9 mesmo europeus de tradi\u00e7\u00e3o social-democrata.<\/p>\n<p>Por \u00faltimo, na quest\u00e3o do meio-ambiente, assim como o atual presidente norte-americano, o parlamentar do Rio de Janeiro tamb\u00e9m entende que h\u00e1 exageros na agenda do aquecimento global e acredita que, atualmente, ela \u00e9 prejudicial ao progresso do pa\u00eds e do mundo.<\/p>\n<p>Passemos agora, para o entendimento de sua base eleitoral &#8211; originalmente constru\u00edda a partir da defesa dos interesses dos integrantes das for\u00e7as armadas e das pol\u00edcias. Al\u00e9m das quest\u00f5es salariais e de carreira que afetam essas corpora\u00e7\u00f5es, o presidente eleito destacou-se nos \u00faltimos anos, pela sua proposta de mudan\u00e7a da legisla\u00e7\u00e3o do excludente de ilicitude. Na pr\u00e1tica, ele pretende dar mais garantias legais para policiais que s\u00e3o acusados de homic\u00eddio ou de abuso de autoridade por parte do Minist\u00e9rio P\u00fablico &#8211; com as propostas de afrouxamento das exig\u00eancias para a comercializa\u00e7\u00e3o de armas de fogo e de amplia\u00e7\u00e3o do excludente de ilicitude, \u00e9 natural que grupos parapoliciais e milicianos tenham sido fortes defensores de sua candidatura conforme j\u00e1 foi retratado por este jornal em algumas mat\u00e9rias.<\/p>\n<p>A partir das elei\u00e7\u00f5es de 2014, essa base eleitoral original foi bastante ampliada.<\/p>\n<p>Uma classe m\u00e9dia com valores conservadores, que n\u00e3o foi favorecida pelas pol\u00edticas sociais dos governos do PT, que sofre com o aumento da viol\u00eancia nas ruas, e que foi convencida pela grande m\u00eddia que a corrup\u00e7\u00e3o pol\u00edtica \u00e9 a grande respons\u00e1vel pela crise econ\u00f4mica, pelo desemprego e pela perda do seu poder aquisitivo, passou a se sentir representada pelo parlamentar do Rio de Janeiro &#8211; s\u00e3o pessoas que entre 1994 e 2014, \u201ctapavam o nariz\u201d para votar no PSDB nas elei\u00e7\u00f5es presidenciais apenas porque este tinha o PT como advers\u00e1rio.<\/p>\n<p>Essa classe m\u00e9dia \u00e9 filha e neta da mesma classe m\u00e9dia que apoiou a queda de Jo\u00e3o Goulart em 64 e que ainda carrega em suas entranhas a bipolariza\u00e7\u00e3o do p\u00f3s-guerra, isto \u00e9, a vis\u00e3o de um mundo em que patriotas defensores da fam\u00edlia, da propriedade privada e do cristianismo devem lutar continuamente contra a expans\u00e3o do comunismo ateu.<\/p>\n<p>Depois dessa classe m\u00e9dia conservadora, a base se ampliou com o rebanho evang\u00e9lico neopentecostal. Uma massa que cresce pari passu com a carestia, o desemprego e a mis\u00e9ria nos grandes centros urbanos. O forte posicionamento do presidente eleito a favor de algumas causas ligadas \u00e0 defesa da fam\u00edlia tradicional e contra as pautas comportamentais e de identidade que passaram a dominar a milit\u00e2ncia de esquerda na \u00faltima d\u00e9cada, foi fundamental para que ele conquistasse o eleitorado evang\u00e9lico \u2013 inclusive um grande n\u00famero de eleitores de baixa renda que se beneficiaram imensamente pelas pol\u00edticas p\u00fablicas dos governos do PT e que costumavam votar em candidatos apoiados pelo ex-presidente Lula.<\/p>\n<p>Simultaneamente, veio o voto \u201csertanejo\u201d &#8211; tradicionalmente mais conservador que o voto nas \u00e1reas urbanas. As propostas de 1) promover um relaxamento da legisla\u00e7\u00e3o e da fiscaliza\u00e7\u00e3o ambiental e trabalhista nas \u00e1reas rurais; 2) de permitir que os propriet\u00e1rios de terra possam se armar mais fortemente para proteger suas posses; e 3) de combater duramente (ou at\u00e9 mesmo, de criminalizar) o MST, ganharam o cora\u00e7\u00e3o das lideran\u00e7as pol\u00edticas e econ\u00f4micas do Brasil Rural. Como essas lideran\u00e7as ainda det\u00e9m forte influ\u00eancia sobre o voto popular em seus dom\u00ednios, o deputado Bolsonaro obteve larga vantagem sobre o candidato do PT no interior do pa\u00eds.<\/p>\n<p>De fato, a ret\u00f3rica nacionalista, messi\u00e2nica, de resgate de valores morais tradicionais e de criminaliza\u00e7\u00e3o da esquerda, foi fundamental para a vit\u00f3ria do parlamentar do Rio de Janeiro. Por outro lado, essa mesma ret\u00f3rica tamb\u00e9m faz com que o presidente eleito acabe sendo percebido pela imprensa internacional como mais um representante do neopopulismo de extrema direita que vem conquistando eleitores no mundo todo.<\/p>\n<p>A combina\u00e7\u00e3o dessa mesma ret\u00f3rica com a admira\u00e7\u00e3o declarada pela linha dura do regime militar (e por figuras como o Coronel Ustra), somada ao apoio recebido por militares, policiais e parapoliciais, faz com que outros analistas pol\u00edticos desconfiem das declara\u00e7\u00f5es de respeito \u00e0 democracia e \u00e0 Constitui\u00e7\u00e3o feitas pelo deputado Bolsonaro depois de eleito &#8211; s\u00e3o analistas que v\u00e3o al\u00e9m e que afirmam que seu futuro Governo representa uma amea\u00e7a fascista para o Brasil.<\/p>\n<p>Um progn\u00f3stico para o futuro governo do Presidente Bolsonaro<\/p>\n<p>Todavia, no atual contexto de p\u00f3s-verdade, todas essas express\u00f5es precisam ser relativizadas. Afinal o que seria esse neopopulismo de extrema direita? O que significa uma amea\u00e7a fascista? Ser\u00e1 que ao longo dos \u00faltimos anos, as institui\u00e7\u00f5es da nossa Rep\u00fablica t\u00eam de fato respeitado a Constitui\u00e7\u00e3o e a democracia?<\/p>\n<p>As palavras t\u00eam poder, mas \u00e0s vezes, pouco importam. Para a maior parte dos brasileiros, o importante agora \u00e9 entender o que presidente eleito vai fazer a partir de primeiro de janeiro.<\/p>\n<p>Se ele for t\u00e3o sagaz quanto tem se mostrado desde o in\u00edcio da campanha eleitoral em agosto, ele vai conseguir implantar grande parte da sua agenda. Com algumas a\u00e7\u00f5es heterodoxas e tendo o Juiz S\u00e9rgio Moro como seu ministro da Justi\u00e7a, n\u00e3o ser\u00e1 dif\u00edcil para o presidente Jair Bolsonaro conseguir criminalizar e, eventualmente, banir a esquerda da cena pol\u00edtica nacional.<\/p>\n<p>Com a cria\u00e7\u00e3o de alguns fatos, a instala\u00e7\u00e3o de novos inqu\u00e9ritos, o apoio da Procuradoria Geral da Rep\u00fablica (o presidente eleito j\u00e1 sinalizou que assim como fez o ex-presidente Fernando Henrique Cardoso, n\u00e3o vai se comprometer a seguir a lista tr\u00edplice proposta pelo Minist\u00e9rio P\u00fablico para a escolha do pr\u00f3ximo Procurador Geral da Rep\u00fablica) e a complac\u00eancia do Congresso Nacional, da grande m\u00eddia e do Judici\u00e1rio, n\u00e3o ser\u00e1 dif\u00edcil incriminar, encarcerar e calar as principais lideran\u00e7as de esquerda do pa\u00eds \u2013 tudo feito sob o manto do combate \u00e0 corrup\u00e7\u00e3o e dentro da legalidade.<\/p>\n<p>Com a escolha do pr\u00f3ximo chanceler, tamb\u00e9m n\u00e3o haver\u00e1 nenhuma dificuldade para o presidente Jair Bolsonaro implantar uma pol\u00edtica externa umbilicalmente associada \u00e0 pol\u00edtica externa norte-americana \u2013 afinal, tal movimento n\u00e3o afeta em nada os interesses daquele punhado de plutocratas a que me referi anteriormente.<\/p>\n<p>Por exemplo, \u00e9 muito prov\u00e1vel que a embaixada brasileira em Israel seja mesmo transferida para Jerusal\u00e9m. Al\u00e9m do desejo de alinhamento com os Estados Unidos, h\u00e1 tamb\u00e9m a press\u00e3o das igrejas evang\u00e9licas neopentecostais brasileiras que apoiaram o presidente eleito \u2013 elas, assim como suas coirm\u00e3s norte-americanas, associam o retorno de Jesus ao reconhecimento de Jerusal\u00e9m como a \u00fanica capital do estado judeu. Dessa forma, \u00e9 improv\u00e1vel que o lobby do agroneg\u00f3cio (que gostaria de evitar uma eventual retalia\u00e7\u00e3o dos pa\u00edses \u00e1rabes por causa dessa transfer\u00eancia) seja capaz de reverter o an\u00fancio que foi feito logo ap\u00f3s o fim das elei\u00e7\u00f5es.<\/p>\n<p>Adicionalmente, o endurecimento das rela\u00e7\u00f5es comerciais com a China e com a R\u00fassia tamb\u00e9m deve acontecer apesar dos potenciais preju\u00edzos para o agroneg\u00f3cio e para o setor de minera\u00e7\u00e3o do pa\u00eds. A agenda comportamental conservadora (relacionada a temas como aborto, drogas, maioridade penal, porte de armas de fogo e excludente de ilicitude) e o afrouxamento da legisla\u00e7\u00e3o ambiental tamb\u00e9m devem ser implantadas com sucesso. Para isso, basta atrelar a condu\u00e7\u00e3o de tais medidas no Congresso Nacional \u00e0 aprova\u00e7\u00e3o da reforma da previd\u00eancia (a grande obsess\u00e3o do establishment e do mercado financeiro) e ao programa de privatiza\u00e7\u00f5es que ser\u00e1 proposto pelo futuro Ministro da Economia.<\/p>\n<p>Na verdade, o economista Paulo Guedes ser\u00e1 muito \u00fatil ao Sistema enquanto estiver na linha de frente da reforma da previd\u00eancia, do programa de privatiza\u00e7\u00f5es, da redu\u00e7\u00e3o do tamanho do Estado, da independ\u00eancia do Banco Central e do aprofundamento da reforma trabalhista recentemente aprovada. \u201cA porca s\u00f3 vai torcer o rabo\u201d quando ele resolver acelerar sua agenda liberal na tentativa de fazer o pa\u00eds crescer de forma significativa.<\/p>\n<p>O futuro ministro da economia encontrar\u00e1 um muro intranspon\u00edvel quando quiser: 1) reduzir os juros reais e tornar o Real mais competitivo para favorecer a exporta\u00e7\u00e3o e com isso, gerar demanda para o setor produtivo brasileiro; 2) combater privil\u00e9gios fiscais e os juros subsidiados oferecidos pelos bancos estatais; e 3) enfrentar os poderosos cart\u00e9is e monop\u00f3lios privados do pa\u00eds para aumentar a produtividade da nossa economia por meio de pol\u00edticas antitruste, da redu\u00e7\u00e3o de tarifas de importa\u00e7\u00e3o e da atra\u00e7\u00e3o de investimento estrangeiro direto para aumentar a competi\u00e7\u00e3o nesses setores.<\/p>\n<p>Quando entrar nesse \u201ccap\u00edtulo\u201d, o futuro ministro deixar\u00e1 de ser visto como her\u00f3i pela grande m\u00eddia e passar\u00e1 a ser alvo dos plutocratas e de seus aliados no Congresso Nacional, no Minist\u00e9rio P\u00fablico e no Judici\u00e1rio.<\/p>\n<p>O presidente Bolsonaro ter\u00e1 ent\u00e3o tr\u00eas alternativas: 1) bancar a agenda liberal do seu \u201cPosto Ipiranga\u201d; 2) dar um \u201ccavalo de pau\u201d na economia e adotar pol\u00edticas de expansionismo fiscal e\/ou de distribui\u00e7\u00e3o de renda para tentar gerar crescimento econ\u00f4mico; e por \u00faltimo, 3) ceder \u00e0 press\u00e3o do establishment e manter o velho capitalismo de compadrio brasileiro \u2013 o mesmo que que favorece o rentismo, a concentra\u00e7\u00e3o de renda e que \u00e9 respons\u00e1vel pela estagna\u00e7\u00e3o econ\u00f4mica do pa\u00eds nos \u00faltimos 30 anos.<\/p>\n<p>As duas primeiras alternativas far\u00e3o com que o presidente eleito tamb\u00e9m se torne alvo do Congresso, do Minist\u00e9rio P\u00fablico e do poder judici\u00e1rio. Nesses casos, assim como aconteceu com J\u00e2nio Quadros e Fernando Collor, que tamb\u00e9m foram eleitos com um discurso \u201capol\u00edtico\u201d, anticorrup\u00e7\u00e3o e liberal na economia, \u00e9 poss\u00edvel que o mandato de Jair Bolsonaro fique amea\u00e7ado &#8211; tendo o General Mour\u00e3o como seu substituto direto, \u00e9 pouco prov\u00e1vel que as For\u00e7as Armadas se arrisquem a defender o presidente eleito num eventual embate contra o Congresso e o Judici\u00e1rio.<\/p>\n<p>A terceira alternativa vai lhe garantir a perman\u00eancia no cargo at\u00e9 o final do mandato, mas n\u00e3o ser\u00e1 capaz de gerar o crescimento econ\u00f4mico necess\u00e1rio para melhorar seus n\u00edveis de aprova\u00e7\u00e3o nos dois \u00faltimos anos de governo. Dessa forma, para sua pr\u00f3pria sobreviv\u00eancia pol\u00edtica, lhe restar\u00e1 \u201cca\u00e7ar e queimar novas bruxas\u201d &#8211; no que tiver sobrado na esquerda, em outro campo pol\u00edtico, ou quem sabe at\u00e9 fora do pa\u00eds. Seria o uso da velha t\u00e1tica do \u201cse voc\u00ea n\u00e3o pode dar p\u00e3o ao povo, d\u00ea a ele o sangue de um inimigo\u201d &#8211; imagin\u00e1rio ou n\u00e3o. O mundo j\u00e1 viu muitos exemplos tr\u00e1gicos dessa t\u00e1tica ao longo da hist\u00f3ria. No curto prazo, ela pode at\u00e9 dar algum resultado, mas no final, nunca acaba bem.<\/p>\n<p>Marcello Faulhaber \u00e9 consultor e estrategista pol\u00edtico. \u00c9 mestre (MSc.) em Economia Pol\u00edtica pela London School of Economics.<\/p>\n","protected":false},"excerpt":{"rendered":"<p>No El Pa\u00eds &#8211; H\u00e1 exatamente dois anos, logo ap\u00f3s as elei\u00e7\u00f5es municipais de 2016, eu afirmei em entrevista para este jornal que a elei\u00e7\u00e3o presidencial de 2018 seria ganha por um outsider da pol\u00edtica ou por uma figura anti-establishment. Desde ent\u00e3o, eu reafirmei o mesmo progn\u00f3stico em entrevistas para outros ve\u00edculos e tamb\u00e9m em&#8230;<a class=\"more-link\" href=\"http:\/\/blogdalucianaoliveira.com.br\/blog\/2018\/11\/23\/como-sera-o-amanha\/\">Continue a leitura <span class=\"meta-nav\">&raquo;<\/span><\/a><\/p>\n","protected":false},"author":1,"featured_media":0,"comment_status":"closed","ping_status":"open","sticky":false,"template":"","format":"standard","meta":{"_exactmetrics_skip_tracking":false,"_exactmetrics_sitenote_active":false,"_exactmetrics_sitenote_note":"","_exactmetrics_sitenote_category":0,"jetpack_post_was_ever_published":false,"_jetpack_newsletter_access":"","_jetpack_dont_email_post_to_subs":false,"_jetpack_newsletter_tier_id":0,"_jetpack_memberships_contains_paywalled_content":false,"_jetpack_memberships_contains_paid_content":false,"footnotes":"","jetpack_publicize_message":"","jetpack_publicize_feature_enabled":true,"jetpack_social_post_already_shared":true,"jetpack_social_options":{"image_generator_settings":{"template":"highway","enabled":false},"version":2}},"categories":[1],"tags":[],"class_list":["post-19579","post","type-post","status-publish","format-standard","hentry","category-notas"],"jetpack_publicize_connections":[],"jetpack_sharing_enabled":true,"jetpack_featured_media_url":"","jetpack_shortlink":"https:\/\/wp.me\/p7wKYW-55N","jetpack-related-posts":[],"_links":{"self":[{"href":"http:\/\/blogdalucianaoliveira.com.br\/blog\/wp-json\/wp\/v2\/posts\/19579","targetHints":{"allow":["GET"]}}],"collection":[{"href":"http:\/\/blogdalucianaoliveira.com.br\/blog\/wp-json\/wp\/v2\/posts"}],"about":[{"href":"http:\/\/blogdalucianaoliveira.com.br\/blog\/wp-json\/wp\/v2\/types\/post"}],"author":[{"embeddable":true,"href":"http:\/\/blogdalucianaoliveira.com.br\/blog\/wp-json\/wp\/v2\/users\/1"}],"replies":[{"embeddable":true,"href":"http:\/\/blogdalucianaoliveira.com.br\/blog\/wp-json\/wp\/v2\/comments?post=19579"}],"version-history":[{"count":1,"href":"http:\/\/blogdalucianaoliveira.com.br\/blog\/wp-json\/wp\/v2\/posts\/19579\/revisions"}],"predecessor-version":[{"id":19581,"href":"http:\/\/blogdalucianaoliveira.com.br\/blog\/wp-json\/wp\/v2\/posts\/19579\/revisions\/19581"}],"wp:attachment":[{"href":"http:\/\/blogdalucianaoliveira.com.br\/blog\/wp-json\/wp\/v2\/media?parent=19579"}],"wp:term":[{"taxonomy":"category","embeddable":true,"href":"http:\/\/blogdalucianaoliveira.com.br\/blog\/wp-json\/wp\/v2\/categories?post=19579"},{"taxonomy":"post_tag","embeddable":true,"href":"http:\/\/blogdalucianaoliveira.com.br\/blog\/wp-json\/wp\/v2\/tags?post=19579"}],"curies":[{"name":"wp","href":"https:\/\/api.w.org\/{rel}","templated":true}]}}