{"id":19583,"date":"2018-11-24T09:08:37","date_gmt":"2018-11-24T13:08:37","guid":{"rendered":"http:\/\/blogdalucianaoliveira.com.br\/blog\/?p=19583"},"modified":"2018-11-24T09:08:37","modified_gmt":"2018-11-24T13:08:37","slug":"entidades-de-87-paises-assinam-mocao-contra-censura-a-professores","status":"publish","type":"post","link":"http:\/\/blogdalucianaoliveira.com.br\/blog\/2018\/11\/24\/entidades-de-87-paises-assinam-mocao-contra-censura-a-professores\/","title":{"rendered":"Entidades de 87 pa\u00edses assinam mo\u00e7\u00e3o contra censura a professores"},"content":{"rendered":"<p><img data-recalc-dims=\"1\" loading=\"lazy\" decoding=\"async\" data-attachment-id=\"19584\" data-permalink=\"http:\/\/blogdalucianaoliveira.com.br\/blog\/2018\/11\/24\/entidades-de-87-paises-assinam-mocao-contra-censura-a-professores\/esco\/\" data-orig-file=\"https:\/\/i0.wp.com\/blogdalucianaoliveira.com.br\/blog\/wp-content\/uploads\/2018\/11\/esco.jpg?fit=640%2C426\" data-orig-size=\"640,426\" data-comments-opened=\"0\" data-image-meta=\"{&quot;aperture&quot;:&quot;0&quot;,&quot;credit&quot;:&quot;&quot;,&quot;camera&quot;:&quot;&quot;,&quot;caption&quot;:&quot;&quot;,&quot;created_timestamp&quot;:&quot;0&quot;,&quot;copyright&quot;:&quot;&quot;,&quot;focal_length&quot;:&quot;0&quot;,&quot;iso&quot;:&quot;0&quot;,&quot;shutter_speed&quot;:&quot;0&quot;,&quot;title&quot;:&quot;&quot;,&quot;orientation&quot;:&quot;0&quot;}\" data-image-title=\"esco\" data-image-description=\"\" data-image-caption=\"\" data-medium-file=\"https:\/\/i0.wp.com\/blogdalucianaoliveira.com.br\/blog\/wp-content\/uploads\/2018\/11\/esco.jpg?fit=300%2C200\" data-large-file=\"https:\/\/i0.wp.com\/blogdalucianaoliveira.com.br\/blog\/wp-content\/uploads\/2018\/11\/esco.jpg?fit=600%2C399\" src=\"https:\/\/i0.wp.com\/blogdalucianaoliveira.com.br\/blog\/wp-content\/uploads\/2018\/11\/esco.jpg?resize=600%2C399\" alt=\"esco\" width=\"600\" height=\"399\" class=\"alignnone size-full wp-image-19584\" srcset=\"https:\/\/i0.wp.com\/blogdalucianaoliveira.com.br\/blog\/wp-content\/uploads\/2018\/11\/esco.jpg?w=640 640w, https:\/\/i0.wp.com\/blogdalucianaoliveira.com.br\/blog\/wp-content\/uploads\/2018\/11\/esco.jpg?resize=300%2C200 300w, https:\/\/i0.wp.com\/blogdalucianaoliveira.com.br\/blog\/wp-content\/uploads\/2018\/11\/esco.jpg?resize=451%2C300 451w\" sizes=\"auto, (max-width: 600px) 100vw, 600px\" \/><\/p>\n<p>Documento cita o movimento Escola sem Partido como um dos que incentiva a restri\u00e7\u00e3o a liberdade de docentes<!--more--><\/p>\n<p>Mariana Tokamia<br \/>\nAgencia Brasil<\/p>\n<p>Representantes de entidades educacionais de 87 pa\u00edses assinaram uma mo\u00e7\u00e3o contra a censura a professores durante a 6\u00aa Assembleia Mundial da Campanha Global pela Educa\u00e7\u00e3o,  que ocorreu entre os dias 16 e 18 em Katmandu (Nepal). A assinatura do documento foi proposto pela Campanha Latinoamericana pelo Direito \u00e0 Educa\u00e7\u00e3o (Clade), com apoio, entre outras, de entidades da Noruega, da Alemanha e de Angola. <\/p>\n<p>A mo\u00e7\u00e3o cita o movimento Escola sem Partido como um dos que incentiva a censura aos docentes. Cita tamb\u00e9m, na Alemanha, a orienta\u00e7\u00e3o do partido de extrema direita Alternativa para a Alemanha. \u201cEstudantes s\u00e3o incentivados a filmar suas aulas e viralizam publica\u00e7\u00f5es nas redes sociais, acusando injustamente professoras e professores de proselitismo ideol\u00f3gico, cientificismo e est\u00edmulo \u00e0 sexualiza\u00e7\u00e3o de crian\u00e7as e jovens\u201d, dizem os signat\u00e1rios. <\/p>\n<p>As entidades pedem que os Estados \u201cresistam a estas tend\u00eancias regressivas e refutem estas pr\u00e1ticas persecut\u00f3rias e violadoras de direitos humanos, que t\u00eam o controle como princ\u00edpio e finalidade\u201d. Elas defendem ainda que a educa\u00e7\u00e3o deve ser p\u00fablica, gratuita, laica, inclusiva e de qualidade para todos, capaz de promover a cidadania e colaborar para a realiza\u00e7\u00e3o plena de todas as pessoas. <\/p>\n<p>Em discuss\u00e3o no Congresso Nacional, o projeto Escola sem Partido, tem apoio de correligion\u00e1rios do governo eleito. A proposta estabelece em ambientes educacionais o \u201crespeito \u00e0s cren\u00e7as religiosas e \u00e0s convic\u00e7\u00f5es morais, filos\u00f3ficas e pol\u00edticas\u201d de pais e alunos, ao colocar como preced\u00eancia os valores de ordem familiar sobre a educa\u00e7\u00e3o escolar nos aspectos relacionados \u00e0 educa\u00e7\u00e3o moral, sexual e religiosa.<\/p>\n<p>Edi\u00e7\u00e3o: F\u00e1bio Massalli<\/p>\n","protected":false},"excerpt":{"rendered":"<p>Documento cita o movimento Escola sem Partido como um dos que incentiva a restri\u00e7\u00e3o a liberdade de docentes<\/p>\n","protected":false},"author":1,"featured_media":0,"comment_status":"closed","ping_status":"open","sticky":false,"template":"","format":"standard","meta":{"_exactmetrics_skip_tracking":false,"_exactmetrics_sitenote_active":false,"_exactmetrics_sitenote_note":"","_exactmetrics_sitenote_category":0,"jetpack_post_was_ever_published":false,"_jetpack_newsletter_access":"","_jetpack_dont_email_post_to_subs":false,"_jetpack_newsletter_tier_id":0,"_jetpack_memberships_contains_paywalled_content":false,"_jetpack_memberships_contains_paid_content":false,"footnotes":"","jetpack_publicize_message":"","jetpack_publicize_feature_enabled":true,"jetpack_social_post_already_shared":true,"jetpack_social_options":{"image_generator_settings":{"template":"highway","enabled":false},"version":2}},"categories":[1],"tags":[],"class_list":["post-19583","post","type-post","status-publish","format-standard","hentry","category-notas"],"jetpack_publicize_connections":[],"jetpack_sharing_enabled":true,"jetpack_featured_media_url":"","jetpack_shortlink":"https:\/\/wp.me\/p7wKYW-55R","jetpack-related-posts":[],"_links":{"self":[{"href":"http:\/\/blogdalucianaoliveira.com.br\/blog\/wp-json\/wp\/v2\/posts\/19583","targetHints":{"allow":["GET"]}}],"collection":[{"href":"http:\/\/blogdalucianaoliveira.com.br\/blog\/wp-json\/wp\/v2\/posts"}],"about":[{"href":"http:\/\/blogdalucianaoliveira.com.br\/blog\/wp-json\/wp\/v2\/types\/post"}],"author":[{"embeddable":true,"href":"http:\/\/blogdalucianaoliveira.com.br\/blog\/wp-json\/wp\/v2\/users\/1"}],"replies":[{"embeddable":true,"href":"http:\/\/blogdalucianaoliveira.com.br\/blog\/wp-json\/wp\/v2\/comments?post=19583"}],"version-history":[{"count":1,"href":"http:\/\/blogdalucianaoliveira.com.br\/blog\/wp-json\/wp\/v2\/posts\/19583\/revisions"}],"predecessor-version":[{"id":19585,"href":"http:\/\/blogdalucianaoliveira.com.br\/blog\/wp-json\/wp\/v2\/posts\/19583\/revisions\/19585"}],"wp:attachment":[{"href":"http:\/\/blogdalucianaoliveira.com.br\/blog\/wp-json\/wp\/v2\/media?parent=19583"}],"wp:term":[{"taxonomy":"category","embeddable":true,"href":"http:\/\/blogdalucianaoliveira.com.br\/blog\/wp-json\/wp\/v2\/categories?post=19583"},{"taxonomy":"post_tag","embeddable":true,"href":"http:\/\/blogdalucianaoliveira.com.br\/blog\/wp-json\/wp\/v2\/tags?post=19583"}],"curies":[{"name":"wp","href":"https:\/\/api.w.org\/{rel}","templated":true}]}}