{"id":19589,"date":"2018-11-24T09:21:07","date_gmt":"2018-11-24T13:21:07","guid":{"rendered":"http:\/\/blogdalucianaoliveira.com.br\/blog\/?p=19589"},"modified":"2018-11-24T09:21:07","modified_gmt":"2018-11-24T13:21:07","slug":"olavo-de-carvalho-arremata-dois-ministerios-na-black-friday-de-bolsonaro","status":"publish","type":"post","link":"http:\/\/blogdalucianaoliveira.com.br\/blog\/2018\/11\/24\/olavo-de-carvalho-arremata-dois-ministerios-na-black-friday-de-bolsonaro\/","title":{"rendered":"Olavo de Carvalho arremata dois minist\u00e9rios na Black Friday de Bolsonaro"},"content":{"rendered":"<p><img data-recalc-dims=\"1\" loading=\"lazy\" decoding=\"async\" data-attachment-id=\"19590\" data-permalink=\"http:\/\/blogdalucianaoliveira.com.br\/blog\/2018\/11\/24\/olavo-de-carvalho-arremata-dois-ministerios-na-black-friday-de-bolsonaro\/ola-2\/\" data-orig-file=\"https:\/\/i0.wp.com\/blogdalucianaoliveira.com.br\/blog\/wp-content\/uploads\/2018\/11\/ola.jpg?fit=1200%2C793\" data-orig-size=\"1200,793\" data-comments-opened=\"0\" data-image-meta=\"{&quot;aperture&quot;:&quot;0&quot;,&quot;credit&quot;:&quot;&quot;,&quot;camera&quot;:&quot;&quot;,&quot;caption&quot;:&quot;&quot;,&quot;created_timestamp&quot;:&quot;0&quot;,&quot;copyright&quot;:&quot;&quot;,&quot;focal_length&quot;:&quot;0&quot;,&quot;iso&quot;:&quot;0&quot;,&quot;shutter_speed&quot;:&quot;0&quot;,&quot;title&quot;:&quot;&quot;,&quot;orientation&quot;:&quot;0&quot;}\" data-image-title=\"ola\" data-image-description=\"\" data-image-caption=\"\" data-medium-file=\"https:\/\/i0.wp.com\/blogdalucianaoliveira.com.br\/blog\/wp-content\/uploads\/2018\/11\/ola.jpg?fit=300%2C198\" data-large-file=\"https:\/\/i0.wp.com\/blogdalucianaoliveira.com.br\/blog\/wp-content\/uploads\/2018\/11\/ola.jpg?fit=600%2C397\" src=\"https:\/\/i0.wp.com\/blogdalucianaoliveira.com.br\/blog\/wp-content\/uploads\/2018\/11\/ola.jpg?resize=600%2C397\" alt=\"ola\" width=\"600\" height=\"397\" class=\"alignnone size-full wp-image-19590\" srcset=\"https:\/\/i0.wp.com\/blogdalucianaoliveira.com.br\/blog\/wp-content\/uploads\/2018\/11\/ola.jpg?w=1200 1200w, https:\/\/i0.wp.com\/blogdalucianaoliveira.com.br\/blog\/wp-content\/uploads\/2018\/11\/ola.jpg?resize=300%2C198 300w, https:\/\/i0.wp.com\/blogdalucianaoliveira.com.br\/blog\/wp-content\/uploads\/2018\/11\/ola.jpg?resize=768%2C508 768w, https:\/\/i0.wp.com\/blogdalucianaoliveira.com.br\/blog\/wp-content\/uploads\/2018\/11\/ola.jpg?resize=1024%2C677 1024w, https:\/\/i0.wp.com\/blogdalucianaoliveira.com.br\/blog\/wp-content\/uploads\/2018\/11\/ola.jpg?resize=454%2C300 454w\" sizes=\"auto, (max-width: 600px) 100vw, 600px\" \/><\/p>\n<p>SALD\u00c3O DO JAIR \u2013 A fila ainda se estende por quil\u00f4metros em frente ao condom\u00ednio onde mora o presidente eleito Jair Bolsonaro, no Rio de Janeiro. <!--more--><\/p>\n<p>No The Piaui Herald<\/p>\n<p>S\u00e3o milhares de brasileiros que acordaram cedo e se dirigiram ao local na esperan\u00e7a de aproveitar o Black Friday para realizar o sonho do minist\u00e9rio pr\u00f3prio. O otimismo dos consumidores aumentou ontem, quando Bolsonaro tornou p\u00fablico, durante a queima de estoque da democracia, que duas pastas em promo\u00e7\u00e3o haviam sido arrematados pelo mesmo comprador: o fil\u00f3sofo e ex-astr\u00f3logo Olavo de Carvalho.<\/p>\n<p>\u201cEssa, meus caros, \u00e9 a ess\u00eancia do capitalismo: oportunidade\u201d, gabou-se Olavo de Carvalho num longo v\u00eddeo de unboxing de seus novos mimos \u2013 os minist\u00e9rios da Educa\u00e7\u00e3o e das Rela\u00e7\u00f5es Exteriores \u2013, que ele postou nas redes sociais. \u201cDeus ajuda quem cedo madruga. Eu madruguei por anos a fio criando teorias, subindo v\u00eddeos e mandando mensagens de WhatsApp para o Bolsonaro. Adquiri pontos no programa de fidelidade e agora os troquei por esses dois bonecos incr\u00edveis, que v\u00e3o arrebentar no jogo de War que vou promover na Esplanada dos Minist\u00e9rios\u201d.<\/p>\n<p>Apesar da euforia, houve quem reclamasse, em Bras\u00edlia, de um suposto favorecimento de Olavo de Carvalho. \u201cEu t\u00f4 h\u00e1 mais de m\u00eas batalhando por qualquer minist\u00e9rio, vou na casa do Jair, como p\u00e3o com leite condensado, canto m\u00fasica rom\u00e2ntica, aben\u00e7oo o governo dele e na hora do vamo ver, que que eu ganho?\u201d, comentou um charmoso senador n\u00e3o reeleito que n\u00e3o quis ser identificado. \u201cE a\u00ed chega esse Olavo a\u00ed, que mora nos Estados Unidos, e tem acesso \u00e0 Black Friday antes por causa do fuso hor\u00e1rio. \u00c9 muito injusto.\u201d Pelo Twitter, Bolsonaro chamou o boato de fake news: \u201cE tem mais, t\u00e1 ok? Black Friday agora \u00e9 sexta verde e amarela, que aqui no meu governo n\u00e3o vai ter essa coisa de cota pra Black.\u201d<\/p>\n","protected":false},"excerpt":{"rendered":"<p>SALD\u00c3O DO JAIR \u2013 A fila ainda se estende por quil\u00f4metros em frente ao condom\u00ednio onde mora o presidente eleito Jair Bolsonaro, no Rio de Janeiro.<\/p>\n","protected":false},"author":1,"featured_media":0,"comment_status":"closed","ping_status":"open","sticky":false,"template":"","format":"standard","meta":{"_exactmetrics_skip_tracking":false,"_exactmetrics_sitenote_active":false,"_exactmetrics_sitenote_note":"","_exactmetrics_sitenote_category":0,"jetpack_post_was_ever_published":false,"_jetpack_newsletter_access":"","_jetpack_dont_email_post_to_subs":false,"_jetpack_newsletter_tier_id":0,"_jetpack_memberships_contains_paywalled_content":false,"_jetpack_memberships_contains_paid_content":false,"footnotes":"","jetpack_publicize_message":"","jetpack_publicize_feature_enabled":true,"jetpack_social_post_already_shared":true,"jetpack_social_options":{"image_generator_settings":{"template":"highway","enabled":false},"version":2}},"categories":[1],"tags":[],"class_list":["post-19589","post","type-post","status-publish","format-standard","hentry","category-notas"],"jetpack_publicize_connections":[],"jetpack_sharing_enabled":true,"jetpack_featured_media_url":"","jetpack_shortlink":"https:\/\/wp.me\/p7wKYW-55X","jetpack-related-posts":[],"_links":{"self":[{"href":"http:\/\/blogdalucianaoliveira.com.br\/blog\/wp-json\/wp\/v2\/posts\/19589","targetHints":{"allow":["GET"]}}],"collection":[{"href":"http:\/\/blogdalucianaoliveira.com.br\/blog\/wp-json\/wp\/v2\/posts"}],"about":[{"href":"http:\/\/blogdalucianaoliveira.com.br\/blog\/wp-json\/wp\/v2\/types\/post"}],"author":[{"embeddable":true,"href":"http:\/\/blogdalucianaoliveira.com.br\/blog\/wp-json\/wp\/v2\/users\/1"}],"replies":[{"embeddable":true,"href":"http:\/\/blogdalucianaoliveira.com.br\/blog\/wp-json\/wp\/v2\/comments?post=19589"}],"version-history":[{"count":1,"href":"http:\/\/blogdalucianaoliveira.com.br\/blog\/wp-json\/wp\/v2\/posts\/19589\/revisions"}],"predecessor-version":[{"id":19591,"href":"http:\/\/blogdalucianaoliveira.com.br\/blog\/wp-json\/wp\/v2\/posts\/19589\/revisions\/19591"}],"wp:attachment":[{"href":"http:\/\/blogdalucianaoliveira.com.br\/blog\/wp-json\/wp\/v2\/media?parent=19589"}],"wp:term":[{"taxonomy":"category","embeddable":true,"href":"http:\/\/blogdalucianaoliveira.com.br\/blog\/wp-json\/wp\/v2\/categories?post=19589"},{"taxonomy":"post_tag","embeddable":true,"href":"http:\/\/blogdalucianaoliveira.com.br\/blog\/wp-json\/wp\/v2\/tags?post=19589"}],"curies":[{"name":"wp","href":"https:\/\/api.w.org\/{rel}","templated":true}]}}