{"id":19595,"date":"2018-11-24T09:31:39","date_gmt":"2018-11-24T13:31:39","guid":{"rendered":"http:\/\/blogdalucianaoliveira.com.br\/blog\/?p=19595"},"modified":"2018-11-24T09:34:46","modified_gmt":"2018-11-24T13:34:46","slug":"amazonia-das-palavras-cumpre-expedicao-literaria-na-amazonia-brasileira","status":"publish","type":"post","link":"http:\/\/blogdalucianaoliveira.com.br\/blog\/2018\/11\/24\/amazonia-das-palavras-cumpre-expedicao-literaria-na-amazonia-brasileira\/","title":{"rendered":"Amaz\u00f4nia das Palavras cumpre expedi\u00e7\u00e3o liter\u00e1ria na Amaz\u00f4nia brasileira"},"content":{"rendered":"<p><img data-recalc-dims=\"1\" loading=\"lazy\" decoding=\"async\" data-attachment-id=\"19596\" data-permalink=\"http:\/\/blogdalucianaoliveira.com.br\/blog\/2018\/11\/24\/amazonia-das-palavras-cumpre-expedicao-literaria-na-amazonia-brasileira\/ama-3\/\" data-orig-file=\"https:\/\/i0.wp.com\/blogdalucianaoliveira.com.br\/blog\/wp-content\/uploads\/2018\/11\/ama.jpg?fit=768%2C512\" data-orig-size=\"768,512\" data-comments-opened=\"0\" data-image-meta=\"{&quot;aperture&quot;:&quot;0&quot;,&quot;credit&quot;:&quot;&quot;,&quot;camera&quot;:&quot;&quot;,&quot;caption&quot;:&quot;&quot;,&quot;created_timestamp&quot;:&quot;0&quot;,&quot;copyright&quot;:&quot;&quot;,&quot;focal_length&quot;:&quot;0&quot;,&quot;iso&quot;:&quot;0&quot;,&quot;shutter_speed&quot;:&quot;0&quot;,&quot;title&quot;:&quot;&quot;,&quot;orientation&quot;:&quot;0&quot;}\" data-image-title=\"ama\" data-image-description=\"\" data-image-caption=\"\" data-medium-file=\"https:\/\/i0.wp.com\/blogdalucianaoliveira.com.br\/blog\/wp-content\/uploads\/2018\/11\/ama.jpg?fit=300%2C200\" data-large-file=\"https:\/\/i0.wp.com\/blogdalucianaoliveira.com.br\/blog\/wp-content\/uploads\/2018\/11\/ama.jpg?fit=600%2C400\" class=\"alignnone size-full wp-image-19596\" src=\"https:\/\/i0.wp.com\/blogdalucianaoliveira.com.br\/blog\/wp-content\/uploads\/2018\/11\/ama.jpg?resize=600%2C400\" alt=\"ama\" width=\"600\" height=\"400\" srcset=\"https:\/\/i0.wp.com\/blogdalucianaoliveira.com.br\/blog\/wp-content\/uploads\/2018\/11\/ama.jpg?w=768 768w, https:\/\/i0.wp.com\/blogdalucianaoliveira.com.br\/blog\/wp-content\/uploads\/2018\/11\/ama.jpg?resize=300%2C200 300w, https:\/\/i0.wp.com\/blogdalucianaoliveira.com.br\/blog\/wp-content\/uploads\/2018\/11\/ama.jpg?resize=450%2C300 450w\" sizes=\"auto, (max-width: 600px) 100vw, 600px\" \/><\/p>\n<p>O projeto Amaz\u00f4nia das Palavras mostra os n\u00fameros da viagem pelas cidades ribeirinhas at\u00e9 chegar a Porto Velho<!--more--><\/p>\n<p>No AM24h<\/p>\n<article>Alguns n\u00fameros s\u00e3o interessantes destacar no projeto Amaz\u00f4nia das Palavras, que levou literatura, de barco, a oito cidades da Amaz\u00f4nia brasileira. Foram navegados mais de 1.300 Km pelos rios Negro,\u00a0<a href=\"https:\/\/pt.wikipedia.org\/wiki\/Amazonas\">Amazonas\u00a0<\/a>e Madeira. No Negro teve in\u00edcio a jornada no dia 05 de novembro, na cidade de\u00a0<a href=\"https:\/\/pt.wikipedia.org\/wiki\/Manaus\">Manaus.\u00a0<\/a>No Rio Amazonas, a cidade contemplada foi Itacoatiara no dia 07. Durante o dia 08 o barco das palavras entrou pela foz do Rio Madeira e, subindo a forte correnteza aportou a noite na cidade de Nova Olinda do Norte, onde no outro dia as atividades foram desenvolvidas.<\/article>\n<article><\/article>\n<article>\n<div><picture><img data-recalc-dims=\"1\" decoding=\"async\" class=\"imnot\" src=\"https:\/\/i0.wp.com\/www.portalam24h.com\/images\/pm1085.jpg?w=600&#038;ssl=1\" srcset=\"https:\/\/www.portalam24h.com\/images\/pg1085.jpg , https:\/\/www.portalam24h.com\/images\/pg1085.jpg 2x\" alt=\"1085\" \/><\/picture><\/div>\n<p>De l\u00e1 o trajeto da navega\u00e7\u00e3o liter\u00e1ria foi todo realizado pelo m\u00e9dio Madeira, e, mesmo apesar de subir contra a correnteza, o sucesso foi total tamb\u00e9m nas outras cidades, onde o Amaz\u00f4nia das Palavras esteve, como em Borba no dia 12, Novo Aripuan\u00e3 dia 14, Manicor\u00e9 no dia 16, Humait\u00e1 dia 19 e fechando na capital de Rond\u00f4nia, a cidade de Porto Velho no dia 21 de novembro, totalizando 20 dias entre navega\u00e7\u00e3o e visita as cidades, com uma equipe de 36 pessoas e 05 tripulantes.<\/p>\n<p>Em todas as oito cidades as atividades estiveram vinculadas a literatura, aos livros, a arte de contar hist\u00f3rias e, sobretudo, marcado pelo forte vi\u00e9s de refor\u00e7ar a import\u00e2ncia da l\u00edngua portuguesa e ind\u00edgena, j\u00e1 que o Amaz\u00f4nia das Palavras \u201csurge na perspectiva de incentivo \u00e0 leitura e no sentido de fomentar a produ\u00e7\u00e3o liter\u00e1ria\u201d, de acordo com a produtora cultural Fernanda Kopanakis, coordenadora do projeto.<\/p>\n<div><picture><source srcset=\"https:\/\/www.portalam24h.com\/images\/pg1086.jpg\" media=\"(min-width: 760px)\" \/><img data-recalc-dims=\"1\" decoding=\"async\" class=\"imnot\" src=\"https:\/\/i0.wp.com\/www.portalam24h.com\/images\/pm1086.jpg?w=600&#038;ssl=1\" srcset=\"https:\/\/www.portalam24h.com\/images\/pg1086.jpg , https:\/\/www.portalam24h.com\/images\/pg1086.jpg 2x\" alt=\"1086\" \/><\/picture><\/div>\n<p>Foram quase 100 horas de atividades desenvolvidas pelo Amaz\u00f4nia das Palavras: nas cinco Oficinas Liter\u00e1rias, com duas turmas cada pela manh\u00e3 e a tarde. As oficinas foram ofertadas para atender uma variada gama de qualifica\u00e7\u00e3o liter\u00e1ria e com renomes da literatura e da cultura contempor\u00e2nea: Jos\u00e9 Roberto Torero ministrou a \u201cOficina de Produ\u00e7\u00e3o de Contos. A \u201cOficina de Conta\u00e7\u00e3o de Hist\u00f3rias Ind\u00edgenas\u201d esteve a cargo do Professor Jos\u00e9 Bessa, enquanto a \u201cOficina Poesia: Narrativa e Escuta\u201d coordenada pela Professora Beth Bullara. Na \u201cOficina Palavra Animada\u201d o Professor Leo Ribeiro comandou as turmas e o Professor Bira Louren\u00e7o ficou respons\u00e1vel pela \u201cOficina Sons do Cotidiano\u201d. Os resultados das oficinas podem ser medidos em n\u00fameros, com 80 oficinas realizadas e 1.843 certificados para alunos e professores participantes, mas tamb\u00e9m pelo que deixou de experi\u00eancia, como cita Torero, para quem \u201cteve um resultado muito positivo, pois ir\u00e1 se espalhar, j\u00e1 que muitos professores assistiram as oficinas o que despertou neles a preocupa\u00e7\u00e3o da escrita, da reda\u00e7\u00e3o\u201d.<\/p>\n<div><picture><source srcset=\"https:\/\/www.portalam24h.com\/images\/pg1087.jpg\" media=\"(min-width: 760px)\" \/><img data-recalc-dims=\"1\" decoding=\"async\" class=\"imnot\" src=\"https:\/\/i0.wp.com\/www.portalam24h.com\/images\/pm1087.jpg?w=600&#038;ssl=1\" srcset=\"https:\/\/www.portalam24h.com\/images\/pg1087.jpg , https:\/\/www.portalam24h.com\/images\/pg1087.jpg 2x\" alt=\"1087\" \/><\/picture><\/div>\n<p>Ao final do dia, foram plantadas 08 mudas de Pau Brasil, doadas pelo Amaz\u00f4nia das Palavras, em cada escola, e uma muda na Escola Ind\u00edgena Raimundo Soares, na Aldeia Boca do Jauari, distante 09 horas de barco de Manicor\u00e9, quando os 10 jovens e 02 professoras que participaram das oficinas foram no barco do projeto para suas casas.<\/p>\n<div><picture><source srcset=\"https:\/\/www.portalam24h.com\/images\/pg1088.jpg\" media=\"(min-width: 760px)\" \/><img data-recalc-dims=\"1\" decoding=\"async\" class=\"imnot\" src=\"https:\/\/i0.wp.com\/www.portalam24h.com\/images\/pm1088.jpg?w=600&#038;ssl=1\" srcset=\"https:\/\/www.portalam24h.com\/images\/pg1088.jpg , https:\/\/www.portalam24h.com\/images\/pg1088.jpg 2x\" alt=\"1088\" \/><\/picture><\/div>\n<p>Nas atividades noturnas, com a apresenta\u00e7\u00e3o de oito Aulas Espet\u00e1culo Mem\u00f3rias da Amaz\u00f4nia, duas foram com o Professor Daniel Munduruku \u2013 \u201cCatando piolhos, contando hist\u00f3rias: minhas mem\u00f3rias da Amaz\u00f4nia\u201d e seis com o Professor Jos\u00e9 Bessa, intituladas \u201cCinco ideias equivocadas sobres os \u00edndios.\u201d Para o Professor Bessa, as Aulas Espet\u00e1culo foram fundamentais, pois \u201cgeram cultura, geram informa\u00e7\u00e3o, geram conhecimento sobre a Amaz\u00f4nia.\u201d<\/p>\n<p>No encerramento das atividades em cada cidade, 08 Espet\u00e1culos de Circo levaram para os p\u00e1tios e quadras das escolas, segundo a organiza\u00e7\u00e3o, cerca de 5.000 pessoas, entre alunos, professores, pais e pessoas das comunidades.<\/p>\n<div><picture><source srcset=\"https:\/\/www.portalam24h.com\/images\/pg1089.jpg\" media=\"(min-width: 760px)\" \/><img data-recalc-dims=\"1\" decoding=\"async\" class=\"imnot\" src=\"https:\/\/i0.wp.com\/www.portalam24h.com\/images\/pm1089.jpg?w=600&#038;ssl=1\" srcset=\"https:\/\/www.portalam24h.com\/images\/pg1089.jpg , https:\/\/www.portalam24h.com\/images\/pg1089.jpg 2x\" alt=\"1089\" \/><\/picture><\/div>\n<p>Olhando na perspectiva de n\u00fameros, os professores juntos possuem 02 Pr\u00eamios Jabuti al\u00e9m de dezenas de premia\u00e7\u00f5es liter\u00e1rias e de suas \u00e1reas culturais, gerando uma enorme ativo cultural.<\/p>\n<p>Al\u00e9m de n\u00fameros, mensur\u00e1veis, o Amaz\u00f4nia das Palavras gerou um enorme v\u00ednculo entre equipe, tripula\u00e7\u00e3o, alunos, professores e cidades visitadas, e nas palavras da coordenadora Fernanda Kopanakis \u201ca gente leva boas lembran\u00e7as, novas amizades, mas a certeza de que \u00e9 poss\u00edvel, atrav\u00e9s da literatura, dos contos e hist\u00f3rias da l\u00edngua portuguesa e ind\u00edgena, termos uma realidade diferenciada no Brasil como um todo.\u201d<\/p>\n<div><picture><source srcset=\"https:\/\/www.portalam24h.com\/images\/pg1090.jpg\" media=\"(min-width: 760px)\" \/><img data-recalc-dims=\"1\" decoding=\"async\" class=\"imnot\" src=\"https:\/\/i0.wp.com\/www.portalam24h.com\/images\/pm1090.jpg?w=600&#038;ssl=1\" srcset=\"https:\/\/www.portalam24h.com\/images\/pg1090.jpg , https:\/\/www.portalam24h.com\/images\/pg1090.jpg 2x\" alt=\"1090\" \/><\/picture><\/div>\n<p>Levamos tamb\u00e9m novas palavras, novas formas de ver a vida. Mas leva-se tamb\u00e9m algo que n\u00e3o cabe em n\u00fameros, mas em sentimentos: os brilhos nos olhos das crian\u00e7as, dos jovens, dos adultos, na descoberta de novos mundos e de novas formas de olhar e contar, em palavras e hist\u00f3rias, o velho mundo.<\/p>\n<div><picture><source srcset=\"https:\/\/www.portalam24h.com\/images\/pg1091.jpg\" media=\"(min-width: 760px)\" \/><img data-recalc-dims=\"1\" decoding=\"async\" class=\"imnot\" src=\"https:\/\/i0.wp.com\/www.portalam24h.com\/images\/pm1091.jpg?w=600&#038;ssl=1\" srcset=\"https:\/\/www.portalam24h.com\/images\/pg1091.jpg , https:\/\/www.portalam24h.com\/images\/pg1091.jpg 2x\" alt=\"1091\" \/><\/picture><\/div>\n<div><picture><source srcset=\"https:\/\/www.portalam24h.com\/images\/pg1092.jpg\" media=\"(min-width: 760px)\" \/><img data-recalc-dims=\"1\" decoding=\"async\" class=\"imnot\" src=\"https:\/\/i0.wp.com\/www.portalam24h.com\/images\/pm1092.jpg?w=600&#038;ssl=1\" srcset=\"https:\/\/www.portalam24h.com\/images\/pg1092.jpg , https:\/\/www.portalam24h.com\/images\/pg1092.jpg 2x\" alt=\"1092\" \/><\/picture><\/div>\n<p>O Amaz\u00f4nia das Palavras tem o patroc\u00ednio do BNDES, Governo Federal, Minist\u00e9rio da Cultura, Lei Rouanet.<\/p>\n<p>Apoio Cultural: Secretaria de Estado de Cultura do Amazonas, Prefeitura de Itacoatiara, Prefeitura de Nova Olinda do Norte, Prefeitura de Borba, Prefeitura de Novo Aripuan\u00e3, Prefeitura de Manicor\u00e9 e Prefeitura de Humait\u00e1<\/p>\n<\/article>\n<p>&nbsp;<\/p>\n","protected":false},"excerpt":{"rendered":"<p>O projeto Amaz\u00f4nia das Palavras mostra os n\u00fameros da viagem pelas cidades ribeirinhas at\u00e9 chegar a Porto Velho<\/p>\n","protected":false},"author":1,"featured_media":0,"comment_status":"closed","ping_status":"open","sticky":false,"template":"","format":"standard","meta":{"_exactmetrics_skip_tracking":false,"_exactmetrics_sitenote_active":false,"_exactmetrics_sitenote_note":"","_exactmetrics_sitenote_category":0,"jetpack_post_was_ever_published":false,"_jetpack_newsletter_access":"","_jetpack_dont_email_post_to_subs":false,"_jetpack_newsletter_tier_id":0,"_jetpack_memberships_contains_paywalled_content":false,"_jetpack_memberships_contains_paid_content":false,"footnotes":"","jetpack_publicize_message":"","jetpack_publicize_feature_enabled":true,"jetpack_social_post_already_shared":true,"jetpack_social_options":{"image_generator_settings":{"template":"highway","enabled":false},"version":2}},"categories":[1],"tags":[],"class_list":["post-19595","post","type-post","status-publish","format-standard","hentry","category-notas"],"jetpack_publicize_connections":[],"jetpack_sharing_enabled":true,"jetpack_featured_media_url":"","jetpack_shortlink":"https:\/\/wp.me\/p7wKYW-563","jetpack-related-posts":[],"_links":{"self":[{"href":"http:\/\/blogdalucianaoliveira.com.br\/blog\/wp-json\/wp\/v2\/posts\/19595","targetHints":{"allow":["GET"]}}],"collection":[{"href":"http:\/\/blogdalucianaoliveira.com.br\/blog\/wp-json\/wp\/v2\/posts"}],"about":[{"href":"http:\/\/blogdalucianaoliveira.com.br\/blog\/wp-json\/wp\/v2\/types\/post"}],"author":[{"embeddable":true,"href":"http:\/\/blogdalucianaoliveira.com.br\/blog\/wp-json\/wp\/v2\/users\/1"}],"replies":[{"embeddable":true,"href":"http:\/\/blogdalucianaoliveira.com.br\/blog\/wp-json\/wp\/v2\/comments?post=19595"}],"version-history":[{"count":3,"href":"http:\/\/blogdalucianaoliveira.com.br\/blog\/wp-json\/wp\/v2\/posts\/19595\/revisions"}],"predecessor-version":[{"id":19599,"href":"http:\/\/blogdalucianaoliveira.com.br\/blog\/wp-json\/wp\/v2\/posts\/19595\/revisions\/19599"}],"wp:attachment":[{"href":"http:\/\/blogdalucianaoliveira.com.br\/blog\/wp-json\/wp\/v2\/media?parent=19595"}],"wp:term":[{"taxonomy":"category","embeddable":true,"href":"http:\/\/blogdalucianaoliveira.com.br\/blog\/wp-json\/wp\/v2\/categories?post=19595"},{"taxonomy":"post_tag","embeddable":true,"href":"http:\/\/blogdalucianaoliveira.com.br\/blog\/wp-json\/wp\/v2\/tags?post=19595"}],"curies":[{"name":"wp","href":"https:\/\/api.w.org\/{rel}","templated":true}]}}