{"id":19619,"date":"2018-11-26T18:42:37","date_gmt":"2018-11-26T22:42:37","guid":{"rendered":"http:\/\/blogdalucianaoliveira.com.br\/blog\/?p=19619"},"modified":"2018-11-26T18:42:37","modified_gmt":"2018-11-26T22:42:37","slug":"kotscho-7-em-cada-10-brasileiros-acham-que-o-pais-vai-piorar-ainda-mais","status":"publish","type":"post","link":"http:\/\/blogdalucianaoliveira.com.br\/blog\/2018\/11\/26\/kotscho-7-em-cada-10-brasileiros-acham-que-o-pais-vai-piorar-ainda-mais\/","title":{"rendered":"KOTSCHO: 7 EM CADA 10 BRASILEIROS ACHAM QUE O PA\u00cdS VAI PIORAR AINDA MAIS"},"content":{"rendered":"<p><img data-recalc-dims=\"1\" loading=\"lazy\" decoding=\"async\" data-attachment-id=\"19620\" data-permalink=\"http:\/\/blogdalucianaoliveira.com.br\/blog\/2018\/11\/26\/kotscho-7-em-cada-10-brasileiros-acham-que-o-pais-vai-piorar-ainda-mais\/ca0af1f1-47aa-42cd-abeb-26009861eb2b\/\" data-orig-file=\"https:\/\/i0.wp.com\/blogdalucianaoliveira.com.br\/blog\/wp-content\/uploads\/2018\/11\/CA0AF1F1-47AA-42CD-ABEB-26009861EB2B.jpeg?fit=750%2C375\" data-orig-size=\"750,375\" data-comments-opened=\"0\" data-image-meta=\"{&quot;aperture&quot;:&quot;0&quot;,&quot;credit&quot;:&quot;&quot;,&quot;camera&quot;:&quot;&quot;,&quot;caption&quot;:&quot;&quot;,&quot;created_timestamp&quot;:&quot;0&quot;,&quot;copyright&quot;:&quot;&quot;,&quot;focal_length&quot;:&quot;0&quot;,&quot;iso&quot;:&quot;0&quot;,&quot;shutter_speed&quot;:&quot;0&quot;,&quot;title&quot;:&quot;&quot;,&quot;orientation&quot;:&quot;0&quot;}\" data-image-title=\"CA0AF1F1-47AA-42CD-ABEB-26009861EB2B\" data-image-description=\"\" data-image-caption=\"\" data-medium-file=\"https:\/\/i0.wp.com\/blogdalucianaoliveira.com.br\/blog\/wp-content\/uploads\/2018\/11\/CA0AF1F1-47AA-42CD-ABEB-26009861EB2B.jpeg?fit=300%2C150\" data-large-file=\"https:\/\/i0.wp.com\/blogdalucianaoliveira.com.br\/blog\/wp-content\/uploads\/2018\/11\/CA0AF1F1-47AA-42CD-ABEB-26009861EB2B.jpeg?fit=600%2C300\" src=\"https:\/\/i0.wp.com\/blogdalucianaoliveira.com.br\/blog\/wp-content\/uploads\/2018\/11\/CA0AF1F1-47AA-42CD-ABEB-26009861EB2B.jpeg?resize=600%2C300\" alt=\"CA0AF1F1-47AA-42CD-ABEB-26009861EB2B\" width=\"600\" height=\"300\" class=\"alignnone size-full wp-image-19620\" srcset=\"https:\/\/i0.wp.com\/blogdalucianaoliveira.com.br\/blog\/wp-content\/uploads\/2018\/11\/CA0AF1F1-47AA-42CD-ABEB-26009861EB2B.jpeg?w=750 750w, https:\/\/i0.wp.com\/blogdalucianaoliveira.com.br\/blog\/wp-content\/uploads\/2018\/11\/CA0AF1F1-47AA-42CD-ABEB-26009861EB2B.jpeg?resize=300%2C150 300w, https:\/\/i0.wp.com\/blogdalucianaoliveira.com.br\/blog\/wp-content\/uploads\/2018\/11\/CA0AF1F1-47AA-42CD-ABEB-26009861EB2B.jpeg?resize=600%2C300 600w\" sizes=\"auto, (max-width: 600px) 100vw, 600px\" \/><\/p>\n<p>Aos leitores que est\u00e3o me achando muito pessimista, trago hoje m\u00e1s not\u00edcias.<!--more--><\/p>\n<p>No Balaio do Kotscho<\/p>\n<p>N\u00e3o sou o \u00fanico, como mostra a pesquisa in\u00e9dita feita em 24 pa\u00edses pelo instituto franc\u00eas Ipsos, divulgada hoje pela BBC News Brasil, e ignorada pela grande m\u00eddia nativa at\u00e9 o momento em que comecei a escrever.<\/p>\n<p>\u201cPara praticamente sete em cada dez brasileiros (67%), o pa\u00eds est\u00e1 em decl\u00ednio, isto \u00e9, tende a se tornar um lugar pior no futuro. Os brasileiros s\u00e3o os mais pessimistas dentre os 24 pa\u00edses consultados pela pesquisa de opini\u00e3o Beyond Populism? Revisited (Al\u00e9m do populismo? Revisto, em tradu\u00e7\u00e3o livre)\u201d, informa a ag\u00eancia brit\u00e2nica.<\/p>\n<p>Depois do Brasil, os mais pessimistas s\u00e3o os sul-africanos (64%) e os argentinos (58%).<\/p>\n<p>Mais otimistas s\u00e3o os chilenos, seguidos pelos alem\u00e3es e canadenses.<\/p>\n<p>Nosso pessimismo est\u00e1 bem acima da m\u00e9dia global (44%).<\/p>\n<p>Para chegar a estes n\u00fameros, a pesquisa Ipsos ouviu 17.203 pessoas entre os dias 26 de junho e 9 de julho _ antes, portanto, das elei\u00e7\u00f5es no Brasil.<\/p>\n<p>Em entrevista \u00e0 BBC News Brasil, Danilo Cersosimo, diretor da empresa de pesquisas Ipsos, disse que esse pessimismo pode explicar a chegada ao poder de Jair Bolsonaro, o candidato que melhor soube trabalhar o descontentamento dos brasileiros, apontado tamb\u00e9m em outros n\u00fameros da pesquisa.<\/p>\n<p>64% dos brasileiros concordam com a afirma\u00e7\u00e3o \u201cpol\u00edticos tradicionais e seus partidos n\u00e3o se importam com pessoas como eu\u201d.<br \/>\n81% dos brasileiros n\u00e3o confiam em partidos pol\u00edticos.<br \/>\n67% dos entrevistados brasileiros disseram \u201cn\u00e3o confiar\u201d ou \u201cconfiar pouco\u201d no sistema de Justi\u00e7a do pa\u00eds, incluindo os tribunais.<br \/>\n67% tamb\u00e9m n\u00e3o confiam na m\u00eddia.<br \/>\n\u00c9 curioso notar que o ex-juiz Sergio Moro, s\u00edmbolo maior do Judici\u00e1rio brasileiro, um dos respons\u00e1veis pela defini\u00e7\u00e3o do cen\u00e1rio eleitoral de 2018, ser\u00e1 agora ministro da Justi\u00e7a e Seguran\u00e7a do novo governo, que foi eleito justamente pelo descontentamento dos brasileiros com as institui\u00e7\u00f5es.<\/p>\n<p>Outra curiosidade: eleito como candidato \u201cantissistema\u201d contra \u201ctudo isso que est\u00e1 a\u00ed\u201d, Jair Bolsonaro \u00e9 parlamentar h\u00e1 28 anos, tendo passado por v\u00e1rios dos partidos tradicionais investigados por Moro na Lava Jato.<\/p>\n<p>Esse resultado da nova pesquisa, que mostrou um decl\u00ednio na m\u00e9dia da taxa global de pessimismo (de 57%, em 2016, para 44% agora), tamb\u00e9m pode estar atrelado ao fato de que v\u00e1rios dos pa\u00edses pesquisados elegeram governos de direita, extrema direita ou autorit\u00e1rios.<\/p>\n<p>\u201cS\u00e3o dois anos de Trump, que perdeu apoio nas elei\u00e7\u00f5es legislativas deste ano; s\u00e3o dois anos de negocia\u00e7\u00f5es travadas no Brexit(\u2026). \u00c9 mais prudente esperar um ano ou dois para ver se essa tend\u00eancia vai se manter ou n\u00e3o\u201d, disse Danilo Carsosimo em entrevista \u00e0 BBC.<\/p>\n<p>Est\u00e1 a\u00ed uma boa pauta para os institutos brasileiros de pesquisas de opini\u00e3o, \u00e0s v\u00e9speras da posse do novo governo, para poder fazer compara\u00e7\u00f5es posteriores.<\/p>\n<p>Como j\u00e1 escrevi v\u00e1rias vezes aqui, n\u00e3o se trata de ser otimista ou pessimista, torcer a favor ou contra.<\/p>\n<p>Aos jornalistas cabe analisar fatos concretos do dia a dia e tentar mostrar para onde apontam os ventos, que podem sempre mudar de dire\u00e7\u00e3o.<\/p>\n<p>Boa semana a todos.<\/p>\n<p>Vida que segue.<\/p>\n","protected":false},"excerpt":{"rendered":"<p>Aos leitores que est\u00e3o me achando muito pessimista, trago hoje m\u00e1s not\u00edcias.<\/p>\n","protected":false},"author":1,"featured_media":0,"comment_status":"closed","ping_status":"open","sticky":false,"template":"","format":"standard","meta":{"_exactmetrics_skip_tracking":false,"_exactmetrics_sitenote_active":false,"_exactmetrics_sitenote_note":"","_exactmetrics_sitenote_category":0,"jetpack_post_was_ever_published":false,"_jetpack_newsletter_access":"","_jetpack_dont_email_post_to_subs":false,"_jetpack_newsletter_tier_id":0,"_jetpack_memberships_contains_paywalled_content":false,"_jetpack_memberships_contains_paid_content":false,"footnotes":"","jetpack_publicize_message":"","jetpack_publicize_feature_enabled":true,"jetpack_social_post_already_shared":true,"jetpack_social_options":{"image_generator_settings":{"template":"highway","enabled":false},"version":2}},"categories":[1],"tags":[],"class_list":["post-19619","post","type-post","status-publish","format-standard","hentry","category-notas"],"jetpack_publicize_connections":[],"jetpack_sharing_enabled":true,"jetpack_featured_media_url":"","jetpack_shortlink":"https:\/\/wp.me\/p7wKYW-56r","jetpack-related-posts":[],"_links":{"self":[{"href":"http:\/\/blogdalucianaoliveira.com.br\/blog\/wp-json\/wp\/v2\/posts\/19619","targetHints":{"allow":["GET"]}}],"collection":[{"href":"http:\/\/blogdalucianaoliveira.com.br\/blog\/wp-json\/wp\/v2\/posts"}],"about":[{"href":"http:\/\/blogdalucianaoliveira.com.br\/blog\/wp-json\/wp\/v2\/types\/post"}],"author":[{"embeddable":true,"href":"http:\/\/blogdalucianaoliveira.com.br\/blog\/wp-json\/wp\/v2\/users\/1"}],"replies":[{"embeddable":true,"href":"http:\/\/blogdalucianaoliveira.com.br\/blog\/wp-json\/wp\/v2\/comments?post=19619"}],"version-history":[{"count":1,"href":"http:\/\/blogdalucianaoliveira.com.br\/blog\/wp-json\/wp\/v2\/posts\/19619\/revisions"}],"predecessor-version":[{"id":19621,"href":"http:\/\/blogdalucianaoliveira.com.br\/blog\/wp-json\/wp\/v2\/posts\/19619\/revisions\/19621"}],"wp:attachment":[{"href":"http:\/\/blogdalucianaoliveira.com.br\/blog\/wp-json\/wp\/v2\/media?parent=19619"}],"wp:term":[{"taxonomy":"category","embeddable":true,"href":"http:\/\/blogdalucianaoliveira.com.br\/blog\/wp-json\/wp\/v2\/categories?post=19619"},{"taxonomy":"post_tag","embeddable":true,"href":"http:\/\/blogdalucianaoliveira.com.br\/blog\/wp-json\/wp\/v2\/tags?post=19619"}],"curies":[{"name":"wp","href":"https:\/\/api.w.org\/{rel}","templated":true}]}}