{"id":19622,"date":"2018-11-26T18:49:23","date_gmt":"2018-11-26T22:49:23","guid":{"rendered":"http:\/\/blogdalucianaoliveira.com.br\/blog\/?p=19622"},"modified":"2018-11-26T18:49:50","modified_gmt":"2018-11-26T22:49:50","slug":"30-milhoes-de-pessoas-vivem-em-desertos-de-noticia","status":"publish","type":"post","link":"http:\/\/blogdalucianaoliveira.com.br\/blog\/2018\/11\/26\/30-milhoes-de-pessoas-vivem-em-desertos-de-noticia\/","title":{"rendered":"30 milh\u00f5es de pessoas vivem em desertos de not\u00edcia"},"content":{"rendered":"<p><img data-recalc-dims=\"1\" loading=\"lazy\" decoding=\"async\" data-attachment-id=\"19623\" data-permalink=\"http:\/\/blogdalucianaoliveira.com.br\/blog\/2018\/11\/26\/30-milhoes-de-pessoas-vivem-em-desertos-de-noticia\/0e8e728f-74ec-46ec-9264-c8bfc3a12433\/\" data-orig-file=\"https:\/\/i0.wp.com\/blogdalucianaoliveira.com.br\/blog\/wp-content\/uploads\/2018\/11\/0E8E728F-74EC-46EC-9264-C8BFC3A12433.png?fit=755%2C420\" data-orig-size=\"755,420\" data-comments-opened=\"0\" data-image-meta=\"{&quot;aperture&quot;:&quot;0&quot;,&quot;credit&quot;:&quot;&quot;,&quot;camera&quot;:&quot;&quot;,&quot;caption&quot;:&quot;&quot;,&quot;created_timestamp&quot;:&quot;0&quot;,&quot;copyright&quot;:&quot;&quot;,&quot;focal_length&quot;:&quot;0&quot;,&quot;iso&quot;:&quot;0&quot;,&quot;shutter_speed&quot;:&quot;0&quot;,&quot;title&quot;:&quot;&quot;,&quot;orientation&quot;:&quot;0&quot;}\" data-image-title=\"0E8E728F-74EC-46EC-9264-C8BFC3A12433\" data-image-description=\"\" data-image-caption=\"\" data-medium-file=\"https:\/\/i0.wp.com\/blogdalucianaoliveira.com.br\/blog\/wp-content\/uploads\/2018\/11\/0E8E728F-74EC-46EC-9264-C8BFC3A12433.png?fit=300%2C167\" data-large-file=\"https:\/\/i0.wp.com\/blogdalucianaoliveira.com.br\/blog\/wp-content\/uploads\/2018\/11\/0E8E728F-74EC-46EC-9264-C8BFC3A12433.png?fit=600%2C334\" class=\"alignnone size-full wp-image-19623\" src=\"https:\/\/i0.wp.com\/blogdalucianaoliveira.com.br\/blog\/wp-content\/uploads\/2018\/11\/0E8E728F-74EC-46EC-9264-C8BFC3A12433.png?resize=600%2C334\" alt=\"0E8E728F-74EC-46EC-9264-C8BFC3A12433\" width=\"600\" height=\"334\" srcset=\"https:\/\/i0.wp.com\/blogdalucianaoliveira.com.br\/blog\/wp-content\/uploads\/2018\/11\/0E8E728F-74EC-46EC-9264-C8BFC3A12433.png?w=755 755w, https:\/\/i0.wp.com\/blogdalucianaoliveira.com.br\/blog\/wp-content\/uploads\/2018\/11\/0E8E728F-74EC-46EC-9264-C8BFC3A12433.png?resize=300%2C167 300w, https:\/\/i0.wp.com\/blogdalucianaoliveira.com.br\/blog\/wp-content\/uploads\/2018\/11\/0E8E728F-74EC-46EC-9264-C8BFC3A12433.png?resize=539%2C300 539w\" sizes=\"auto, (max-width: 600px) 100vw, 600px\" \/><\/p>\n<p>Fonte: <a href=\"http:\/\/abraji.org.br\/\">Abraji<\/a>\u00a0&#8211;\u00a0Mais da metade dos munic\u00edpios brasileiros s\u00e3o desertos de not\u00edcia, ou seja, n\u00e3o contam com meios jornal\u00edsticos locais. A conclus\u00e3o \u00e9 da segunda etapa do Atlas da Not\u00edcia, que contou com uma campanha de crowdsourcing (levantamento de dados colaborativo) e foi divulgada nesta semana.<!--more--><\/p>\n<p>O estudo concluiu que n\u00e3o h\u00e1 ve\u00edculos de comunica\u00e7\u00e3o em 51% dos 5570 munic\u00edpios brasileiros, onde vivem 30 milh\u00f5es de pessoas. Em 30% dos munic\u00edpios, onde habitam 34 milh\u00f5es de brasileiros, h\u00e1 s\u00f3 um ou dois ve\u00edculos de comunica\u00e7\u00e3o. S\u00e3o considerados \u201cquase desertos\u201d e correm o risco de se tornarem \u201cdesertos\u201d.<\/p>\n<p>Projeto in\u00e9dito de mapeamento de ve\u00edculos de jornalismo \u2014 especialmente local \u2014 no Brasil, o Atlas da Not\u00edcia \u00e9 uma realiza\u00e7\u00e3o do Projor (Instituto para o Desenvolvimento do Jornalismo) e tem a pesquisa, an\u00e1lise e publica\u00e7\u00e3o dos dados desenvolvida pela ag\u00eancia Volt Data Lab.<\/p>\n<p>Para a presidente do Projor Angela Pimenta, o \u201cdireito humano universal de receber informa\u00e7\u00f5es de interesse p\u00fablico sobre o poder local fica comprometido com a aus\u00eancia de jornalismo local\u201d, como declarou em\u00a0<a href=\"http:\/\/abraji.org.br\/noticias\/segunda-etapa-do-atlas-da-noticia-quer-ampliar-base-de-dados-com-levantamento-colaborativo\" target=\"_blank\" rel=\"noopener\">entrevista recente<\/a>.<\/p>\n<p>Segundo o Atlas da Not\u00edcia, quase 60% dos ve\u00edculos de comunica\u00e7\u00e3o brasileiros s\u00e3o de r\u00e1dio ou impresso. Foram catalogadas 4007 iniciativas de r\u00e1dio, 3368 jornais impressos, 2773 ve\u00edculos de televis\u00e3o, 2263 iniciativas on-line e 56 revistas. Os desertos de not\u00edcia s\u00e3o mais presentes nas regi\u00f5es Norte (70% dos munic\u00edpios) e Nordeste (64%). A regi\u00e3o Sudeste (38%) \u00e9 a que menos tem vazios de iniciativas jornal\u00edsticas.<\/p>\n<p>Sergio Spagnuolo, editor do Volt Data Lab, considera que ao \u201cse obter conhecimento sobre vazios de not\u00edcia e sobre a caracter\u00edstica de ve\u00edculos no interior do Brasil, fora dos grandes centros de m\u00eddia, ser\u00e1 poss\u00edvel orientar iniciativas, programas e pol\u00edticas que possam fortalecer o jornalismo local\u201d.<\/p>\n<p>O levantamento tamb\u00e9m constatou uma correla\u00e7\u00e3o entre a presen\u00e7a de ve\u00edculos jornal\u00edsticos e um maior \u00edndice de desenvolvimento humano municipal (IDHM). O estudo completo est\u00e1 dispon\u00edvel no\u00a0<a href=\"https:\/\/www.atlas.jor.br\/estatisticas\/#mapeando-os-desertos-de-not%C3%ADcia\" target=\"_blank\" rel=\"noopener\">site do Atlas da Not\u00edcia<\/a>.<\/p>\n<p>O estudo rec\u00e9m-divulgado n\u00e3o \u00e9 compar\u00e1vel com os divulgados anteriormente, j\u00e1 que leva em considera\u00e7\u00e3o informa\u00e7\u00f5es pesquisadas em 2017, enquanto os demais utilizam-se do Censo 2010. Al\u00e9m disso, \u00e9 a primeira vez que o Atlas da Not\u00edcia considera ve\u00edculos de TV, r\u00e1dio, impresso e on-line conjuntamente.<\/p>\n<p>O Atlas da Not\u00edcia se inspira no projeto\u00a0<a href=\"https:\/\/www.cjr.org\/local_news\/american-news-deserts-donuts-local.php\" target=\"_blank\" rel=\"noopener\">America\u2019s Growing News Deserts<\/a>, da Columbia Journalism Review. Com apoio do Facebook Brasil, ele conta tamb\u00e9m com a parceria institucional da Abraji.<\/p>\n","protected":false},"excerpt":{"rendered":"<p>Fonte: Abraji\u00a0&#8211;\u00a0Mais da metade dos munic\u00edpios brasileiros s\u00e3o desertos de not\u00edcia, ou seja, n\u00e3o contam com meios jornal\u00edsticos locais. A conclus\u00e3o \u00e9 da segunda etapa do Atlas da Not\u00edcia, que contou com uma campanha de crowdsourcing (levantamento de dados colaborativo) e foi divulgada nesta semana.<\/p>\n","protected":false},"author":1,"featured_media":0,"comment_status":"closed","ping_status":"open","sticky":false,"template":"","format":"standard","meta":{"_exactmetrics_skip_tracking":false,"_exactmetrics_sitenote_active":false,"_exactmetrics_sitenote_note":"","_exactmetrics_sitenote_category":0,"jetpack_post_was_ever_published":false,"_jetpack_newsletter_access":"","_jetpack_dont_email_post_to_subs":false,"_jetpack_newsletter_tier_id":0,"_jetpack_memberships_contains_paywalled_content":false,"_jetpack_memberships_contains_paid_content":false,"footnotes":"","jetpack_publicize_message":"","jetpack_publicize_feature_enabled":true,"jetpack_social_post_already_shared":true,"jetpack_social_options":{"image_generator_settings":{"template":"highway","enabled":false},"version":2}},"categories":[1],"tags":[],"class_list":["post-19622","post","type-post","status-publish","format-standard","hentry","category-notas"],"jetpack_publicize_connections":[],"jetpack_sharing_enabled":true,"jetpack_featured_media_url":"","jetpack_shortlink":"https:\/\/wp.me\/p7wKYW-56u","jetpack-related-posts":[],"_links":{"self":[{"href":"http:\/\/blogdalucianaoliveira.com.br\/blog\/wp-json\/wp\/v2\/posts\/19622","targetHints":{"allow":["GET"]}}],"collection":[{"href":"http:\/\/blogdalucianaoliveira.com.br\/blog\/wp-json\/wp\/v2\/posts"}],"about":[{"href":"http:\/\/blogdalucianaoliveira.com.br\/blog\/wp-json\/wp\/v2\/types\/post"}],"author":[{"embeddable":true,"href":"http:\/\/blogdalucianaoliveira.com.br\/blog\/wp-json\/wp\/v2\/users\/1"}],"replies":[{"embeddable":true,"href":"http:\/\/blogdalucianaoliveira.com.br\/blog\/wp-json\/wp\/v2\/comments?post=19622"}],"version-history":[{"count":2,"href":"http:\/\/blogdalucianaoliveira.com.br\/blog\/wp-json\/wp\/v2\/posts\/19622\/revisions"}],"predecessor-version":[{"id":19625,"href":"http:\/\/blogdalucianaoliveira.com.br\/blog\/wp-json\/wp\/v2\/posts\/19622\/revisions\/19625"}],"wp:attachment":[{"href":"http:\/\/blogdalucianaoliveira.com.br\/blog\/wp-json\/wp\/v2\/media?parent=19622"}],"wp:term":[{"taxonomy":"category","embeddable":true,"href":"http:\/\/blogdalucianaoliveira.com.br\/blog\/wp-json\/wp\/v2\/categories?post=19622"},{"taxonomy":"post_tag","embeddable":true,"href":"http:\/\/blogdalucianaoliveira.com.br\/blog\/wp-json\/wp\/v2\/tags?post=19622"}],"curies":[{"name":"wp","href":"https:\/\/api.w.org\/{rel}","templated":true}]}}