{"id":19626,"date":"2018-11-27T10:10:27","date_gmt":"2018-11-27T14:10:27","guid":{"rendered":"http:\/\/blogdalucianaoliveira.com.br\/blog\/?p=19626"},"modified":"2018-11-27T10:10:27","modified_gmt":"2018-11-27T14:10:27","slug":"a-sensacao-e-de-exilio-dentro-do-proprio-pais","status":"publish","type":"post","link":"http:\/\/blogdalucianaoliveira.com.br\/blog\/2018\/11\/27\/a-sensacao-e-de-exilio-dentro-do-proprio-pais\/","title":{"rendered":"A SENSA\u00c7\u00c3O \u00c9 DE EX\u00cdLIO DENTRO DO PR\u00d3PRIO PA\u00cdS"},"content":{"rendered":"<p><img data-recalc-dims=\"1\" loading=\"lazy\" decoding=\"async\" data-attachment-id=\"19627\" data-permalink=\"http:\/\/blogdalucianaoliveira.com.br\/blog\/2018\/11\/27\/a-sensacao-e-de-exilio-dentro-do-proprio-pais\/6cdc1c9c-4cd0-414b-8e00-d3295ce010cc\/\" data-orig-file=\"https:\/\/i0.wp.com\/blogdalucianaoliveira.com.br\/blog\/wp-content\/uploads\/2018\/11\/6CDC1C9C-4CD0-414B-8E00-D3295CE010CC.jpeg?fit=960%2C960\" data-orig-size=\"960,960\" data-comments-opened=\"0\" data-image-meta=\"{&quot;aperture&quot;:&quot;0&quot;,&quot;credit&quot;:&quot;&quot;,&quot;camera&quot;:&quot;&quot;,&quot;caption&quot;:&quot;&quot;,&quot;created_timestamp&quot;:&quot;0&quot;,&quot;copyright&quot;:&quot;&quot;,&quot;focal_length&quot;:&quot;0&quot;,&quot;iso&quot;:&quot;0&quot;,&quot;shutter_speed&quot;:&quot;0&quot;,&quot;title&quot;:&quot;&quot;,&quot;orientation&quot;:&quot;1&quot;}\" data-image-title=\"6CDC1C9C-4CD0-414B-8E00-D3295CE010CC\" data-image-description=\"\" data-image-caption=\"\" data-medium-file=\"https:\/\/i0.wp.com\/blogdalucianaoliveira.com.br\/blog\/wp-content\/uploads\/2018\/11\/6CDC1C9C-4CD0-414B-8E00-D3295CE010CC.jpeg?fit=300%2C300\" data-large-file=\"https:\/\/i0.wp.com\/blogdalucianaoliveira.com.br\/blog\/wp-content\/uploads\/2018\/11\/6CDC1C9C-4CD0-414B-8E00-D3295CE010CC.jpeg?fit=600%2C600\" src=\"https:\/\/i0.wp.com\/blogdalucianaoliveira.com.br\/blog\/wp-content\/uploads\/2018\/11\/6CDC1C9C-4CD0-414B-8E00-D3295CE010CC.jpeg?resize=600%2C600\" alt=\"6CDC1C9C-4CD0-414B-8E00-D3295CE010CC\" width=\"600\" height=\"600\" class=\"alignnone size-full wp-image-19627\" srcset=\"https:\/\/i0.wp.com\/blogdalucianaoliveira.com.br\/blog\/wp-content\/uploads\/2018\/11\/6CDC1C9C-4CD0-414B-8E00-D3295CE010CC.jpeg?w=960 960w, https:\/\/i0.wp.com\/blogdalucianaoliveira.com.br\/blog\/wp-content\/uploads\/2018\/11\/6CDC1C9C-4CD0-414B-8E00-D3295CE010CC.jpeg?resize=150%2C150 150w, https:\/\/i0.wp.com\/blogdalucianaoliveira.com.br\/blog\/wp-content\/uploads\/2018\/11\/6CDC1C9C-4CD0-414B-8E00-D3295CE010CC.jpeg?resize=300%2C300 300w, https:\/\/i0.wp.com\/blogdalucianaoliveira.com.br\/blog\/wp-content\/uploads\/2018\/11\/6CDC1C9C-4CD0-414B-8E00-D3295CE010CC.jpeg?resize=768%2C768 768w\" sizes=\"auto, (max-width: 600px) 100vw, 600px\" \/><\/p>\n<p>247, por Gustavo Conde &#8211; Viveremos, agora, um sentimento de ex\u00edlio dentro do pr\u00f3prio pa\u00eds. \u00c9 diferente da ditadura, pois ali o inimigo era evidente, plano e autoexplicativo.<!--more--><\/p>\n<p>Mais que Bolsonaro-Moro, o inimigo hoje \u00e9 o bolsonarismo, esse sentimento de \u00f3dio e de vingan\u00e7a que atingiu todas as classes sociais da Bahia para baixo.<\/p>\n<p>Seremos exilados dentro da nossa pr\u00f3pria p\u00e1tria, num sentimento de desterro que extrapola o medo da viol\u00eancia do Estado &#8211; a viol\u00eancia est\u00e1 dentro das pessoas desta vez.<\/p>\n<p>Ser\u00e1 preciso muita arte, muita m\u00fasica, muita cultura, muita ci\u00eancia, muita coragem para atravessarmos essa travessia do medo.<\/p>\n<p>Mas, como tudo neste mundo, se fizermos a nossa parte, se produzirmos as nossas p\u00edlulas de civiliza\u00e7\u00e3o clandestina, o reencontro soberano vai acontecer.<\/p>\n<p>Eu fa\u00e7o quest\u00e3o de dizer sempre: pessoas de car\u00e1ter crescem na adversidade. Fa\u00e7amos jus ao enunciado.<\/p>\n<p>Eu continuo sem medo e com um sorriso imenso pela vit\u00f3ria moral de sempre.<\/p>\n<p>Tamb\u00e9m celebro os amigos que fiz nessa jornada dif\u00edcil. Agregar-se em torno de uma causa \u00e9 um processo virtuoso, que emana poder de mobiliza\u00e7\u00e3o e reflex\u00e3o. A for\u00e7a espiritual e pol\u00edtica que daqui brota \u00e9 avassaladora &#8211; e digo isso sem nenhum receio de errar.<\/p>\n<p>A resposta a tudo isso est\u00e1 em curso. Somos hist\u00f3ria. O fascismo est\u00e1 do outro lado e ali a vergonha ser\u00e1 tanta que nem amizades eles ter\u00e3o para comemorar.<\/p>\n<p>Viver\u00e3o escondidos, denegando as pr\u00f3prias exist\u00eancias e identidades, auto apartados do mundo da civiliza\u00e7\u00e3o.<\/p>\n<p>N\u00e3o fico feliz com isso, pelo contr\u00e1rio. Tenho pena, comisera\u00e7\u00e3o.<\/p>\n<p>Celebro a minha vida, as minhas escolhas que me custaram e custam muito e que, por isso mesmo, s\u00e3o mais saboreadas que a simples deriva social impregnada de conven\u00e7\u00f5es e apar\u00eancias.<\/p>\n<p>O momento \u00e9 para crescer internamente. Vamos aceitar o fato de que somos uma gera\u00e7\u00e3o decisiva para o nosso pa\u00eds e que vamos recobrar a nossa democracia com amor, firmeza e autoestima.<\/p>\n<p>Se Haddad vencesse, o desafio seria o mesmo, porque o bolsonarismo estaria vivo.<\/p>\n<p>Que aceitemos esse desafio. O pa\u00eds \u00e9 do povo, n\u00e3o de um grupo de odiadores desgarrados.<\/p>\n<p>https:\/\/www.brasil247.com\/pt\/colunistas\/gustavoconde\/374295\/A-sensa%C3%A7%C3%A3o-%C3%A9-de-ex%C3%ADlio-dentro-do-pr%C3%B3prio-pa%C3%ADs.htm<\/p>\n","protected":false},"excerpt":{"rendered":"<p>247, por Gustavo Conde &#8211; Viveremos, agora, um sentimento de ex\u00edlio dentro do pr\u00f3prio pa\u00eds. \u00c9 diferente da ditadura, pois ali o inimigo era evidente, plano e autoexplicativo.<\/p>\n","protected":false},"author":1,"featured_media":0,"comment_status":"closed","ping_status":"open","sticky":false,"template":"","format":"standard","meta":{"_exactmetrics_skip_tracking":false,"_exactmetrics_sitenote_active":false,"_exactmetrics_sitenote_note":"","_exactmetrics_sitenote_category":0,"jetpack_post_was_ever_published":false,"_jetpack_newsletter_access":"","_jetpack_dont_email_post_to_subs":false,"_jetpack_newsletter_tier_id":0,"_jetpack_memberships_contains_paywalled_content":false,"_jetpack_memberships_contains_paid_content":false,"footnotes":"","jetpack_publicize_message":"","jetpack_publicize_feature_enabled":true,"jetpack_social_post_already_shared":true,"jetpack_social_options":{"image_generator_settings":{"template":"highway","enabled":false},"version":2}},"categories":[1],"tags":[],"class_list":["post-19626","post","type-post","status-publish","format-standard","hentry","category-notas"],"jetpack_publicize_connections":[],"jetpack_sharing_enabled":true,"jetpack_featured_media_url":"","jetpack_shortlink":"https:\/\/wp.me\/p7wKYW-56y","jetpack-related-posts":[],"_links":{"self":[{"href":"http:\/\/blogdalucianaoliveira.com.br\/blog\/wp-json\/wp\/v2\/posts\/19626","targetHints":{"allow":["GET"]}}],"collection":[{"href":"http:\/\/blogdalucianaoliveira.com.br\/blog\/wp-json\/wp\/v2\/posts"}],"about":[{"href":"http:\/\/blogdalucianaoliveira.com.br\/blog\/wp-json\/wp\/v2\/types\/post"}],"author":[{"embeddable":true,"href":"http:\/\/blogdalucianaoliveira.com.br\/blog\/wp-json\/wp\/v2\/users\/1"}],"replies":[{"embeddable":true,"href":"http:\/\/blogdalucianaoliveira.com.br\/blog\/wp-json\/wp\/v2\/comments?post=19626"}],"version-history":[{"count":1,"href":"http:\/\/blogdalucianaoliveira.com.br\/blog\/wp-json\/wp\/v2\/posts\/19626\/revisions"}],"predecessor-version":[{"id":19628,"href":"http:\/\/blogdalucianaoliveira.com.br\/blog\/wp-json\/wp\/v2\/posts\/19626\/revisions\/19628"}],"wp:attachment":[{"href":"http:\/\/blogdalucianaoliveira.com.br\/blog\/wp-json\/wp\/v2\/media?parent=19626"}],"wp:term":[{"taxonomy":"category","embeddable":true,"href":"http:\/\/blogdalucianaoliveira.com.br\/blog\/wp-json\/wp\/v2\/categories?post=19626"},{"taxonomy":"post_tag","embeddable":true,"href":"http:\/\/blogdalucianaoliveira.com.br\/blog\/wp-json\/wp\/v2\/tags?post=19626"}],"curies":[{"name":"wp","href":"https:\/\/api.w.org\/{rel}","templated":true}]}}