{"id":19629,"date":"2018-11-27T10:46:39","date_gmt":"2018-11-27T14:46:39","guid":{"rendered":"http:\/\/blogdalucianaoliveira.com.br\/blog\/?p=19629"},"modified":"2018-11-27T10:46:39","modified_gmt":"2018-11-27T14:46:39","slug":"processos-demorados-expoem-armacao-judicial-contra-lula","status":"publish","type":"post","link":"http:\/\/blogdalucianaoliveira.com.br\/blog\/2018\/11\/27\/processos-demorados-expoem-armacao-judicial-contra-lula\/","title":{"rendered":"Processos demorados exp\u00f5em arma\u00e7\u00e3o judicial contra Lula"},"content":{"rendered":"<p><img data-recalc-dims=\"1\" loading=\"lazy\" decoding=\"async\" data-attachment-id=\"19630\" data-permalink=\"http:\/\/blogdalucianaoliveira.com.br\/blog\/2018\/11\/27\/processos-demorados-expoem-armacao-judicial-contra-lula\/cbf8c68d-d74c-455a-9141-0c7abe2ac059\/\" data-orig-file=\"https:\/\/i0.wp.com\/blogdalucianaoliveira.com.br\/blog\/wp-content\/uploads\/2018\/11\/CBF8C68D-D74C-455A-9141-0C7ABE2AC059.png?fit=756%2C420\" data-orig-size=\"756,420\" data-comments-opened=\"0\" data-image-meta=\"{&quot;aperture&quot;:&quot;0&quot;,&quot;credit&quot;:&quot;&quot;,&quot;camera&quot;:&quot;&quot;,&quot;caption&quot;:&quot;&quot;,&quot;created_timestamp&quot;:&quot;0&quot;,&quot;copyright&quot;:&quot;&quot;,&quot;focal_length&quot;:&quot;0&quot;,&quot;iso&quot;:&quot;0&quot;,&quot;shutter_speed&quot;:&quot;0&quot;,&quot;title&quot;:&quot;&quot;,&quot;orientation&quot;:&quot;0&quot;}\" data-image-title=\"CBF8C68D-D74C-455A-9141-0C7ABE2AC059\" data-image-description=\"\" data-image-caption=\"\" data-medium-file=\"https:\/\/i0.wp.com\/blogdalucianaoliveira.com.br\/blog\/wp-content\/uploads\/2018\/11\/CBF8C68D-D74C-455A-9141-0C7ABE2AC059.png?fit=300%2C167\" data-large-file=\"https:\/\/i0.wp.com\/blogdalucianaoliveira.com.br\/blog\/wp-content\/uploads\/2018\/11\/CBF8C68D-D74C-455A-9141-0C7ABE2AC059.png?fit=600%2C333\" class=\"alignnone size-full wp-image-19630\" src=\"https:\/\/i0.wp.com\/blogdalucianaoliveira.com.br\/blog\/wp-content\/uploads\/2018\/11\/CBF8C68D-D74C-455A-9141-0C7ABE2AC059.png?resize=600%2C333\" alt=\"CBF8C68D-D74C-455A-9141-0C7ABE2AC059\" width=\"600\" height=\"333\" srcset=\"https:\/\/i0.wp.com\/blogdalucianaoliveira.com.br\/blog\/wp-content\/uploads\/2018\/11\/CBF8C68D-D74C-455A-9141-0C7ABE2AC059.png?w=756 756w, https:\/\/i0.wp.com\/blogdalucianaoliveira.com.br\/blog\/wp-content\/uploads\/2018\/11\/CBF8C68D-D74C-455A-9141-0C7ABE2AC059.png?resize=300%2C167 300w, https:\/\/i0.wp.com\/blogdalucianaoliveira.com.br\/blog\/wp-content\/uploads\/2018\/11\/CBF8C68D-D74C-455A-9141-0C7ABE2AC059.png?resize=540%2C300 540w\" sizes=\"auto, (max-width: 600px) 100vw, 600px\" \/><\/p>\n<p>No Blog da Cidadania &#8211; O corregedor nacional de Justi\u00e7a, ministro Humberto Martins, determinou que o Tribunal Regional Federal da 1\u00aa Regi\u00e3o (TRF-1) preste informa\u00e7\u00f5es atualizadas sobre a tramita\u00e7\u00e3o do processo que o bicheiro Carlinhos Cachoeira responde no \u00f3rg\u00e3o. H\u00e1 seis anos, o empres\u00e1rio foi condenado em primeira inst\u00e2ncia a 39 anos de pris\u00e3o e ao pagamento de multa de R$ 3,8 milh\u00f5es como r\u00e9u na Opera\u00e7\u00e3o Monte Carlo, da Pol\u00edcia Federal. Por\u00e9m, at\u00e9 hoje o tribunal n\u00e3o julgou o recurso de segunda inst\u00e2ncia e Carlos Augusto de Almeida Ramos permanece solto.<!--more--><\/p>\n<p>A ordem do ministro Martins, que ocupa o cargo no CNJ (Conselho Nacional de Justi\u00e7a), deve ser cumprida pela Presid\u00eancia do TRF-1 em 30 dias. O despacho foi assinado na \u00faltima quarta-feira passada (21), cinco dias ap\u00f3s a reportagem do UOL.<\/p>\n<p>Leia aqui: https:\/\/noticias.uol.com.br\/politica\/ultimas-noticias\/2018\/11\/27\/cnj-explicacoes-novela-judicial-carlinhos-cahoeira.htm?cmpid=copiaecola<\/p>\n","protected":false},"excerpt":{"rendered":"<p>No Blog da Cidadania &#8211; O corregedor nacional de Justi\u00e7a, ministro Humberto Martins, determinou que o Tribunal Regional Federal da 1\u00aa Regi\u00e3o (TRF-1) preste informa\u00e7\u00f5es atualizadas sobre a tramita\u00e7\u00e3o do processo que o bicheiro Carlinhos Cachoeira responde no \u00f3rg\u00e3o. H\u00e1 seis anos, o empres\u00e1rio foi condenado em primeira inst\u00e2ncia a 39 anos de pris\u00e3o e&#8230;<a class=\"more-link\" href=\"http:\/\/blogdalucianaoliveira.com.br\/blog\/2018\/11\/27\/processos-demorados-expoem-armacao-judicial-contra-lula\/\">Continue a leitura <span class=\"meta-nav\">&raquo;<\/span><\/a><\/p>\n","protected":false},"author":1,"featured_media":0,"comment_status":"closed","ping_status":"open","sticky":false,"template":"","format":"standard","meta":{"_exactmetrics_skip_tracking":false,"_exactmetrics_sitenote_active":false,"_exactmetrics_sitenote_note":"","_exactmetrics_sitenote_category":0,"jetpack_post_was_ever_published":false,"_jetpack_newsletter_access":"","_jetpack_dont_email_post_to_subs":false,"_jetpack_newsletter_tier_id":0,"_jetpack_memberships_contains_paywalled_content":false,"_jetpack_memberships_contains_paid_content":false,"footnotes":"","jetpack_publicize_message":"","jetpack_publicize_feature_enabled":true,"jetpack_social_post_already_shared":true,"jetpack_social_options":{"image_generator_settings":{"template":"highway","enabled":false},"version":2}},"categories":[1],"tags":[],"class_list":["post-19629","post","type-post","status-publish","format-standard","hentry","category-notas"],"jetpack_publicize_connections":[],"jetpack_sharing_enabled":true,"jetpack_featured_media_url":"","jetpack_shortlink":"https:\/\/wp.me\/p7wKYW-56B","jetpack-related-posts":[],"_links":{"self":[{"href":"http:\/\/blogdalucianaoliveira.com.br\/blog\/wp-json\/wp\/v2\/posts\/19629","targetHints":{"allow":["GET"]}}],"collection":[{"href":"http:\/\/blogdalucianaoliveira.com.br\/blog\/wp-json\/wp\/v2\/posts"}],"about":[{"href":"http:\/\/blogdalucianaoliveira.com.br\/blog\/wp-json\/wp\/v2\/types\/post"}],"author":[{"embeddable":true,"href":"http:\/\/blogdalucianaoliveira.com.br\/blog\/wp-json\/wp\/v2\/users\/1"}],"replies":[{"embeddable":true,"href":"http:\/\/blogdalucianaoliveira.com.br\/blog\/wp-json\/wp\/v2\/comments?post=19629"}],"version-history":[{"count":1,"href":"http:\/\/blogdalucianaoliveira.com.br\/blog\/wp-json\/wp\/v2\/posts\/19629\/revisions"}],"predecessor-version":[{"id":19631,"href":"http:\/\/blogdalucianaoliveira.com.br\/blog\/wp-json\/wp\/v2\/posts\/19629\/revisions\/19631"}],"wp:attachment":[{"href":"http:\/\/blogdalucianaoliveira.com.br\/blog\/wp-json\/wp\/v2\/media?parent=19629"}],"wp:term":[{"taxonomy":"category","embeddable":true,"href":"http:\/\/blogdalucianaoliveira.com.br\/blog\/wp-json\/wp\/v2\/categories?post=19629"},{"taxonomy":"post_tag","embeddable":true,"href":"http:\/\/blogdalucianaoliveira.com.br\/blog\/wp-json\/wp\/v2\/tags?post=19629"}],"curies":[{"name":"wp","href":"https:\/\/api.w.org\/{rel}","templated":true}]}}