{"id":19645,"date":"2018-11-28T18:45:03","date_gmt":"2018-11-28T22:45:03","guid":{"rendered":"http:\/\/blogdalucianaoliveira.com.br\/blog\/?p=19645"},"modified":"2018-11-28T18:45:03","modified_gmt":"2018-11-28T22:45:03","slug":"mais-medicos-menos-de-10-dos-inscritos-apareceram-para-trabalhar","status":"publish","type":"post","link":"http:\/\/blogdalucianaoliveira.com.br\/blog\/2018\/11\/28\/mais-medicos-menos-de-10-dos-inscritos-apareceram-para-trabalhar\/","title":{"rendered":"MAIS M\u00c9DICOS: MENOS DE 10% DOS INSCRITOS APARECERAM PARA TRABALHAR"},"content":{"rendered":"<p><img data-recalc-dims=\"1\" loading=\"lazy\" decoding=\"async\" data-attachment-id=\"19646\" data-permalink=\"http:\/\/blogdalucianaoliveira.com.br\/blog\/2018\/11\/28\/mais-medicos-menos-de-10-dos-inscritos-apareceram-para-trabalhar\/304b3189-f361-4051-8868-dff1bbb42ec0\/\" data-orig-file=\"https:\/\/i0.wp.com\/blogdalucianaoliveira.com.br\/blog\/wp-content\/uploads\/2018\/11\/304B3189-F361-4051-8868-DFF1BBB42EC0.jpeg?fit=750%2C375\" data-orig-size=\"750,375\" data-comments-opened=\"0\" data-image-meta=\"{&quot;aperture&quot;:&quot;0&quot;,&quot;credit&quot;:&quot;&quot;,&quot;camera&quot;:&quot;&quot;,&quot;caption&quot;:&quot;&quot;,&quot;created_timestamp&quot;:&quot;0&quot;,&quot;copyright&quot;:&quot;&quot;,&quot;focal_length&quot;:&quot;0&quot;,&quot;iso&quot;:&quot;0&quot;,&quot;shutter_speed&quot;:&quot;0&quot;,&quot;title&quot;:&quot;&quot;,&quot;orientation&quot;:&quot;0&quot;}\" data-image-title=\"304B3189-F361-4051-8868-DFF1BBB42EC0\" data-image-description=\"\" data-image-caption=\"\" data-medium-file=\"https:\/\/i0.wp.com\/blogdalucianaoliveira.com.br\/blog\/wp-content\/uploads\/2018\/11\/304B3189-F361-4051-8868-DFF1BBB42EC0.jpeg?fit=300%2C150\" data-large-file=\"https:\/\/i0.wp.com\/blogdalucianaoliveira.com.br\/blog\/wp-content\/uploads\/2018\/11\/304B3189-F361-4051-8868-DFF1BBB42EC0.jpeg?fit=600%2C300\" src=\"https:\/\/i0.wp.com\/blogdalucianaoliveira.com.br\/blog\/wp-content\/uploads\/2018\/11\/304B3189-F361-4051-8868-DFF1BBB42EC0.jpeg?resize=600%2C300\" alt=\"304B3189-F361-4051-8868-DFF1BBB42EC0\" width=\"600\" height=\"300\" class=\"alignnone size-full wp-image-19646\" srcset=\"https:\/\/i0.wp.com\/blogdalucianaoliveira.com.br\/blog\/wp-content\/uploads\/2018\/11\/304B3189-F361-4051-8868-DFF1BBB42EC0.jpeg?w=750 750w, https:\/\/i0.wp.com\/blogdalucianaoliveira.com.br\/blog\/wp-content\/uploads\/2018\/11\/304B3189-F361-4051-8868-DFF1BBB42EC0.jpeg?resize=300%2C150 300w, https:\/\/i0.wp.com\/blogdalucianaoliveira.com.br\/blog\/wp-content\/uploads\/2018\/11\/304B3189-F361-4051-8868-DFF1BBB42EC0.jpeg?resize=600%2C300 600w\" sizes=\"auto, (max-width: 600px) 100vw, 600px\" \/><\/p>\n<p>247 &#8211; Dados divulgados pelo minist\u00e9rio da Sa\u00fade nesta quarta-feira (28) informam que somente 8,9% dos aprovados no novo edital do Mais M\u00e9dicos, aberto ap\u00f3s Cuba deixar o programa, se apresentaram para trabalhar nos postos de sa\u00fade. <!--more--><\/p>\n<p>Tanto o atual governo quanto o presidente eleito, Jair Bolsonaro, haviam comemorado o fato de 97,8% das vagas abertas terem sido preenchidas (8.319 de 8.500), por\u00e9m, somente 738 profissionais apareceram para trabalhar. O prazo para se apresentarem \u00e9 14 de dezembro.<\/p>\n<p><img data-recalc-dims=\"1\" loading=\"lazy\" decoding=\"async\" data-attachment-id=\"19647\" data-permalink=\"http:\/\/blogdalucianaoliveira.com.br\/blog\/2018\/11\/28\/mais-medicos-menos-de-10-dos-inscritos-apareceram-para-trabalhar\/78bdd02e-d9ce-4b1b-bed8-7164ede25c70\/\" data-orig-file=\"https:\/\/i0.wp.com\/blogdalucianaoliveira.com.br\/blog\/wp-content\/uploads\/2018\/11\/78BDD02E-D9CE-4B1B-BED8-7164EDE25C70.jpeg?fit=747%2C454\" data-orig-size=\"747,454\" data-comments-opened=\"0\" data-image-meta=\"{&quot;aperture&quot;:&quot;0&quot;,&quot;credit&quot;:&quot;&quot;,&quot;camera&quot;:&quot;&quot;,&quot;caption&quot;:&quot;&quot;,&quot;created_timestamp&quot;:&quot;0&quot;,&quot;copyright&quot;:&quot;&quot;,&quot;focal_length&quot;:&quot;0&quot;,&quot;iso&quot;:&quot;0&quot;,&quot;shutter_speed&quot;:&quot;0&quot;,&quot;title&quot;:&quot;&quot;,&quot;orientation&quot;:&quot;0&quot;}\" data-image-title=\"78BDD02E-D9CE-4B1B-BED8-7164EDE25C70\" data-image-description=\"\" data-image-caption=\"\" data-medium-file=\"https:\/\/i0.wp.com\/blogdalucianaoliveira.com.br\/blog\/wp-content\/uploads\/2018\/11\/78BDD02E-D9CE-4B1B-BED8-7164EDE25C70.jpeg?fit=300%2C182\" data-large-file=\"https:\/\/i0.wp.com\/blogdalucianaoliveira.com.br\/blog\/wp-content\/uploads\/2018\/11\/78BDD02E-D9CE-4B1B-BED8-7164EDE25C70.jpeg?fit=600%2C365\" src=\"https:\/\/i0.wp.com\/blogdalucianaoliveira.com.br\/blog\/wp-content\/uploads\/2018\/11\/78BDD02E-D9CE-4B1B-BED8-7164EDE25C70.jpeg?resize=600%2C365\" alt=\"78BDD02E-D9CE-4B1B-BED8-7164EDE25C70\" width=\"600\" height=\"365\" class=\"alignnone size-full wp-image-19647\" srcset=\"https:\/\/i0.wp.com\/blogdalucianaoliveira.com.br\/blog\/wp-content\/uploads\/2018\/11\/78BDD02E-D9CE-4B1B-BED8-7164EDE25C70.jpeg?w=747 747w, https:\/\/i0.wp.com\/blogdalucianaoliveira.com.br\/blog\/wp-content\/uploads\/2018\/11\/78BDD02E-D9CE-4B1B-BED8-7164EDE25C70.jpeg?resize=300%2C182 300w, https:\/\/i0.wp.com\/blogdalucianaoliveira.com.br\/blog\/wp-content\/uploads\/2018\/11\/78BDD02E-D9CE-4B1B-BED8-7164EDE25C70.jpeg?resize=494%2C300 494w\" sizes=\"auto, (max-width: 600px) 100vw, 600px\" \/><\/p>\n<p>A reportagem traz o caso da cidade de Cosm\u00f3polis, interior de S\u00e3o Paulo, que teve sete m\u00e9dicos aprovados no novo edital, mas somente tr\u00eas est\u00e3o dispon\u00edveis. Segundo a prefeitura, tr\u00eas desistiram antes de &#8216;tomar posse&#8217; e um n\u00e3o se apresentou. &#8220;L\u00e1 havia oito m\u00e9dicos cubanos &#8211; sete sa\u00edram. O outro fez o Revalida, exame de valida\u00e7\u00e3o do diploma obtido no exterior, e foi aprovado&#8221;, informa o Uol.<\/p>\n<p>Os gestores de Sa\u00fade est\u00e3o preocupados. &#8220;Se houver dificuldade em repor os cubanos, o minist\u00e9rio estuda deslocar profissionais que j\u00e1 atuam no programa para essas regi\u00f5es. Em edital de novembro de 2017, o \u00edndice de desist\u00eancia entre profissionais com registro havia sido de 20%&#8221;, diz a mat\u00e9ria.<\/p>\n<p>J\u00e1 em Contagem, Grande Belo Horizonte, dos cinco m\u00e9dicos inscritos, dois desistiram. No posto de Nova Contagem, bairro pobre da cidade, o \u00fanico m\u00e9dico que havia, um cubano, j\u00e1 deixou o posto. Com isso, a prefeitura estima que 22 pacientes deixam de ser atendidos diariamente no local.<\/p>\n","protected":false},"excerpt":{"rendered":"<p>247 &#8211; Dados divulgados pelo minist\u00e9rio da Sa\u00fade nesta quarta-feira (28) informam que somente 8,9% dos aprovados no novo edital do Mais M\u00e9dicos, aberto ap\u00f3s Cuba deixar o programa, se apresentaram para trabalhar nos postos de sa\u00fade.<\/p>\n","protected":false},"author":1,"featured_media":0,"comment_status":"closed","ping_status":"open","sticky":false,"template":"","format":"standard","meta":{"_exactmetrics_skip_tracking":false,"_exactmetrics_sitenote_active":false,"_exactmetrics_sitenote_note":"","_exactmetrics_sitenote_category":0,"jetpack_post_was_ever_published":false,"_jetpack_newsletter_access":"","_jetpack_dont_email_post_to_subs":false,"_jetpack_newsletter_tier_id":0,"_jetpack_memberships_contains_paywalled_content":false,"_jetpack_memberships_contains_paid_content":false,"footnotes":"","jetpack_publicize_message":"","jetpack_publicize_feature_enabled":true,"jetpack_social_post_already_shared":true,"jetpack_social_options":{"image_generator_settings":{"template":"highway","enabled":false},"version":2}},"categories":[1],"tags":[],"class_list":["post-19645","post","type-post","status-publish","format-standard","hentry","category-notas"],"jetpack_publicize_connections":[],"jetpack_sharing_enabled":true,"jetpack_featured_media_url":"","jetpack_shortlink":"https:\/\/wp.me\/p7wKYW-56R","jetpack-related-posts":[],"_links":{"self":[{"href":"http:\/\/blogdalucianaoliveira.com.br\/blog\/wp-json\/wp\/v2\/posts\/19645","targetHints":{"allow":["GET"]}}],"collection":[{"href":"http:\/\/blogdalucianaoliveira.com.br\/blog\/wp-json\/wp\/v2\/posts"}],"about":[{"href":"http:\/\/blogdalucianaoliveira.com.br\/blog\/wp-json\/wp\/v2\/types\/post"}],"author":[{"embeddable":true,"href":"http:\/\/blogdalucianaoliveira.com.br\/blog\/wp-json\/wp\/v2\/users\/1"}],"replies":[{"embeddable":true,"href":"http:\/\/blogdalucianaoliveira.com.br\/blog\/wp-json\/wp\/v2\/comments?post=19645"}],"version-history":[{"count":1,"href":"http:\/\/blogdalucianaoliveira.com.br\/blog\/wp-json\/wp\/v2\/posts\/19645\/revisions"}],"predecessor-version":[{"id":19648,"href":"http:\/\/blogdalucianaoliveira.com.br\/blog\/wp-json\/wp\/v2\/posts\/19645\/revisions\/19648"}],"wp:attachment":[{"href":"http:\/\/blogdalucianaoliveira.com.br\/blog\/wp-json\/wp\/v2\/media?parent=19645"}],"wp:term":[{"taxonomy":"category","embeddable":true,"href":"http:\/\/blogdalucianaoliveira.com.br\/blog\/wp-json\/wp\/v2\/categories?post=19645"},{"taxonomy":"post_tag","embeddable":true,"href":"http:\/\/blogdalucianaoliveira.com.br\/blog\/wp-json\/wp\/v2\/tags?post=19645"}],"curies":[{"name":"wp","href":"https:\/\/api.w.org\/{rel}","templated":true}]}}