{"id":1965,"date":"2016-06-27T12:08:02","date_gmt":"2016-06-27T16:08:02","guid":{"rendered":"http:\/\/blogdalucianaoliveira.com.br\/blog\/?p=1965"},"modified":"2016-06-27T12:09:37","modified_gmt":"2016-06-27T16:09:37","slug":"enquanto-a-vida-arde-sem-explicacao-sonda-capta-imagem-do-que-os-astronomos-dizem-se-tratar-de-jupiter","status":"publish","type":"post","link":"http:\/\/blogdalucianaoliveira.com.br\/blog\/2016\/06\/27\/enquanto-a-vida-arde-sem-explicacao-sonda-capta-imagem-do-que-os-astronomos-dizem-se-tratar-de-jupiter\/","title":{"rendered":"Enquanto a vida arde sem explica\u00e7\u00e3o, sonda capta imagem do que os astr\u00f4nomos dizem se tratar de J\u00fapiter"},"content":{"rendered":"<p><img data-recalc-dims=\"1\" loading=\"lazy\" decoding=\"async\" data-attachment-id=\"1966\" data-permalink=\"http:\/\/blogdalucianaoliveira.com.br\/blog\/2016\/06\/27\/enquanto-a-vida-arde-sem-explicacao-sonda-capta-imagem-do-que-os-astronomos-dizem-se-tratar-de-jupiter\/attachment\/1617972\/\" data-orig-file=\"https:\/\/i0.wp.com\/blogdalucianaoliveira.com.br\/blog\/wp-content\/uploads\/2016\/06\/1617972.jpeg?fit=620%2C510\" data-orig-size=\"620,510\" data-comments-opened=\"0\" data-image-meta=\"{&quot;aperture&quot;:&quot;0&quot;,&quot;credit&quot;:&quot;&quot;,&quot;camera&quot;:&quot;&quot;,&quot;caption&quot;:&quot;&quot;,&quot;created_timestamp&quot;:&quot;0&quot;,&quot;copyright&quot;:&quot;&quot;,&quot;focal_length&quot;:&quot;0&quot;,&quot;iso&quot;:&quot;0&quot;,&quot;shutter_speed&quot;:&quot;0&quot;,&quot;title&quot;:&quot;&quot;,&quot;orientation&quot;:&quot;0&quot;}\" data-image-title=\"1617972\" data-image-description=\"\" data-image-caption=\"\" data-medium-file=\"https:\/\/i0.wp.com\/blogdalucianaoliveira.com.br\/blog\/wp-content\/uploads\/2016\/06\/1617972.jpeg?fit=300%2C247\" data-large-file=\"https:\/\/i0.wp.com\/blogdalucianaoliveira.com.br\/blog\/wp-content\/uploads\/2016\/06\/1617972.jpeg?fit=600%2C494\" src=\"https:\/\/i0.wp.com\/blogdalucianaoliveira.com.br\/blog\/wp-content\/uploads\/2016\/06\/1617972.jpeg?resize=600%2C494\" alt=\"1617972\" width=\"600\" height=\"494\" class=\"alignnone size-full wp-image-1966\" srcset=\"https:\/\/i0.wp.com\/blogdalucianaoliveira.com.br\/blog\/wp-content\/uploads\/2016\/06\/1617972.jpeg?w=620 620w, https:\/\/i0.wp.com\/blogdalucianaoliveira.com.br\/blog\/wp-content\/uploads\/2016\/06\/1617972.jpeg?resize=300%2C247 300w, https:\/\/i0.wp.com\/blogdalucianaoliveira.com.br\/blog\/wp-content\/uploads\/2016\/06\/1617972.jpeg?resize=365%2C300 365w\" sizes=\"auto, (max-width: 600px) 100vw, 600px\" \/><\/p>\n<p>Imagem in\u00e9dita de J\u00fapiter \u00e9 divulgada por astr\u00f4nomos<\/p>\n<p>Foto detalhada do planeta pode ser vista antes do in\u00edcio da chegada de sonda que vai tentar explicar Sistema Solar<!--more--><\/p>\n<p>O DIA<\/p>\n<p>Chile &#8211; Astr\u00f4nomos divulgaram uma imagem in\u00e9dita de J\u00fapiter, na reta final da chegada da sonda Jundo ao planeta, nesta segunda-feira. O registro foi feito por meio do telesc\u00f3pio VLT (Very Large Telescope), do ESO (Observat\u00f3rio Europeu do Sul), no Chile. O observat\u00f3rio reuniu seus melhores mapeamentos para a foto, que \u00e9 colorida artificialmente.<\/p>\n<p>A sonda Juno foi lan\u00e7ada pela Nasa em agosto de 2011 e no pr\u00f3ximo dia 04 de julho vai dar in\u00edcio a um projeto com dura\u00e7\u00e3o de um ano e quatro meses para explicar o Sistema Solar a partir da origem e evolu\u00e7\u00e3o de J\u00fapiter.<\/p>\n","protected":false},"excerpt":{"rendered":"<p>Imagem in\u00e9dita de J\u00fapiter \u00e9 divulgada por astr\u00f4nomos Foto detalhada do planeta pode ser vista antes do in\u00edcio da chegada de sonda que vai tentar explicar Sistema Solar<\/p>\n","protected":false},"author":1,"featured_media":0,"comment_status":"closed","ping_status":"open","sticky":false,"template":"","format":"standard","meta":{"_exactmetrics_skip_tracking":false,"_exactmetrics_sitenote_active":false,"_exactmetrics_sitenote_note":"","_exactmetrics_sitenote_category":0,"jetpack_post_was_ever_published":false,"_jetpack_newsletter_access":"","_jetpack_dont_email_post_to_subs":false,"_jetpack_newsletter_tier_id":0,"_jetpack_memberships_contains_paywalled_content":false,"_jetpack_memberships_contains_paid_content":false,"footnotes":"","jetpack_publicize_message":"","jetpack_publicize_feature_enabled":true,"jetpack_social_post_already_shared":true,"jetpack_social_options":{"image_generator_settings":{"template":"highway","enabled":false},"version":2}},"categories":[1],"tags":[],"class_list":["post-1965","post","type-post","status-publish","format-standard","hentry","category-notas"],"jetpack_publicize_connections":[],"jetpack_sharing_enabled":true,"jetpack_featured_media_url":"","jetpack_shortlink":"https:\/\/wp.me\/p7wKYW-vH","jetpack-related-posts":[],"_links":{"self":[{"href":"http:\/\/blogdalucianaoliveira.com.br\/blog\/wp-json\/wp\/v2\/posts\/1965","targetHints":{"allow":["GET"]}}],"collection":[{"href":"http:\/\/blogdalucianaoliveira.com.br\/blog\/wp-json\/wp\/v2\/posts"}],"about":[{"href":"http:\/\/blogdalucianaoliveira.com.br\/blog\/wp-json\/wp\/v2\/types\/post"}],"author":[{"embeddable":true,"href":"http:\/\/blogdalucianaoliveira.com.br\/blog\/wp-json\/wp\/v2\/users\/1"}],"replies":[{"embeddable":true,"href":"http:\/\/blogdalucianaoliveira.com.br\/blog\/wp-json\/wp\/v2\/comments?post=1965"}],"version-history":[{"count":2,"href":"http:\/\/blogdalucianaoliveira.com.br\/blog\/wp-json\/wp\/v2\/posts\/1965\/revisions"}],"predecessor-version":[{"id":1968,"href":"http:\/\/blogdalucianaoliveira.com.br\/blog\/wp-json\/wp\/v2\/posts\/1965\/revisions\/1968"}],"wp:attachment":[{"href":"http:\/\/blogdalucianaoliveira.com.br\/blog\/wp-json\/wp\/v2\/media?parent=1965"}],"wp:term":[{"taxonomy":"category","embeddable":true,"href":"http:\/\/blogdalucianaoliveira.com.br\/blog\/wp-json\/wp\/v2\/categories?post=1965"},{"taxonomy":"post_tag","embeddable":true,"href":"http:\/\/blogdalucianaoliveira.com.br\/blog\/wp-json\/wp\/v2\/tags?post=1965"}],"curies":[{"name":"wp","href":"https:\/\/api.w.org\/{rel}","templated":true}]}}