{"id":19653,"date":"2018-11-30T08:17:22","date_gmt":"2018-11-30T12:17:22","guid":{"rendered":"http:\/\/blogdalucianaoliveira.com.br\/blog\/?p=19653"},"modified":"2018-11-30T08:17:22","modified_gmt":"2018-11-30T12:17:22","slug":"macron-diz-que-politica-ambiental-de-bolsonaro-e-obstaculo-para-acordo-com-mercosul","status":"publish","type":"post","link":"http:\/\/blogdalucianaoliveira.com.br\/blog\/2018\/11\/30\/macron-diz-que-politica-ambiental-de-bolsonaro-e-obstaculo-para-acordo-com-mercosul\/","title":{"rendered":"Macron diz que pol\u00edtica ambiental de Bolsonaro \u00e9 obst\u00e1culo para acordo com Mercosul"},"content":{"rendered":"<p><img data-recalc-dims=\"1\" loading=\"lazy\" decoding=\"async\" data-attachment-id=\"19654\" data-permalink=\"http:\/\/blogdalucianaoliveira.com.br\/blog\/2018\/11\/30\/macron-diz-que-politica-ambiental-de-bolsonaro-e-obstaculo-para-acordo-com-mercosul\/de9bb309-f36b-41f2-9036-1af83990ac01\/\" data-orig-file=\"https:\/\/i0.wp.com\/blogdalucianaoliveira.com.br\/blog\/wp-content\/uploads\/2018\/11\/DE9BB309-F36B-41F2-9036-1AF83990AC01.jpeg?fit=980%2C599\" data-orig-size=\"980,599\" data-comments-opened=\"0\" data-image-meta=\"{&quot;aperture&quot;:&quot;0&quot;,&quot;credit&quot;:&quot;&quot;,&quot;camera&quot;:&quot;&quot;,&quot;caption&quot;:&quot;&quot;,&quot;created_timestamp&quot;:&quot;0&quot;,&quot;copyright&quot;:&quot;&quot;,&quot;focal_length&quot;:&quot;0&quot;,&quot;iso&quot;:&quot;0&quot;,&quot;shutter_speed&quot;:&quot;0&quot;,&quot;title&quot;:&quot;&quot;,&quot;orientation&quot;:&quot;0&quot;}\" data-image-title=\"DE9BB309-F36B-41F2-9036-1AF83990AC01\" data-image-description=\"\" data-image-caption=\"\" data-medium-file=\"https:\/\/i0.wp.com\/blogdalucianaoliveira.com.br\/blog\/wp-content\/uploads\/2018\/11\/DE9BB309-F36B-41F2-9036-1AF83990AC01.jpeg?fit=300%2C183\" data-large-file=\"https:\/\/i0.wp.com\/blogdalucianaoliveira.com.br\/blog\/wp-content\/uploads\/2018\/11\/DE9BB309-F36B-41F2-9036-1AF83990AC01.jpeg?fit=600%2C367\" class=\"alignnone size-full wp-image-19654\" src=\"https:\/\/i0.wp.com\/blogdalucianaoliveira.com.br\/blog\/wp-content\/uploads\/2018\/11\/DE9BB309-F36B-41F2-9036-1AF83990AC01.jpeg?resize=600%2C367\" alt=\"DE9BB309-F36B-41F2-9036-1AF83990AC01\" width=\"600\" height=\"367\" srcset=\"https:\/\/i0.wp.com\/blogdalucianaoliveira.com.br\/blog\/wp-content\/uploads\/2018\/11\/DE9BB309-F36B-41F2-9036-1AF83990AC01.jpeg?w=980 980w, https:\/\/i0.wp.com\/blogdalucianaoliveira.com.br\/blog\/wp-content\/uploads\/2018\/11\/DE9BB309-F36B-41F2-9036-1AF83990AC01.jpeg?resize=300%2C183 300w, https:\/\/i0.wp.com\/blogdalucianaoliveira.com.br\/blog\/wp-content\/uploads\/2018\/11\/DE9BB309-F36B-41F2-9036-1AF83990AC01.jpeg?resize=768%2C469 768w, https:\/\/i0.wp.com\/blogdalucianaoliveira.com.br\/blog\/wp-content\/uploads\/2018\/11\/DE9BB309-F36B-41F2-9036-1AF83990AC01.jpeg?resize=491%2C300 491w\" sizes=\"auto, (max-width: 600px) 100vw, 600px\" \/><\/p>\n<p>Presidente franc\u00eas chega a Buenos Aires como porta-voz da globaliza\u00e7\u00e3o e do livre com\u00e9rcio.<br \/>\nMacron tamb\u00e9m defende a luta contra o aquecimento global, entre outras coisas que Trump recusa.<!--more--><\/p>\n<p>No El Pa\u00eds<br \/>\nEmmanuel Macron se prop\u00f5e como alternativa. Em Buenos Aires, tenta se tornar um l\u00edder mundial dos defensores da globaliza\u00e7\u00e3o, do livre com\u00e9rcio, do liberalismo e, principalmente, da luta contra o aquecimento global, tudo o que Donald Trump rejeita. E n\u00e3o deixa de alertar sobre o risco de que a c\u00fapula do G-20 seja um fracasso. Antes da reuni\u00e3o dos principais l\u00edderes internacionais, na sexta-feira e no s\u00e1bado, o clima ficou um pouco mais tenso com o an\u00fancio, feito por Trump, de cancelar seu encontro previsto com Vladimir Putin por causa do grave atrito entre a R\u00fassia e a Ucr\u00e2nia.<\/p>\n<p>Macron dedicou o dia anterior \u00e0 abertura da c\u00fapula do G-20 para realizar encontros culturais, se reunir afetuosamente com o presidente Mauricio Macri e divulgar sua mensagem. O presidente franc\u00eas insistiu que tanto a Ar\u00e1bia Saudita quanto a Turquia deveriam \u201cir a fundo\u201d nas investiga\u00e7\u00f5es sobre o assassinato do jornalista Jamal Khashoggi, no qual parece estar diretamente envolvido o pr\u00edncipe herdeiro saudita Mohamed Bin Salman, presente na c\u00fapula.<\/p>\n<p>Mohamed Bin Salman permanece trancado na embaixada saudita, transformada em um bunker. Macron, por outro lado, desfruta de um contundente protagonismo antes da c\u00fapula e n\u00e3o deixa de apertar m\u00e3os na rua. No entanto, sua chegada, na noite de quarta-feira, foi infeliz. A vice-presidenta da Argentina, Gabriela Michetti, que deveria receb\u00ea-lo ao p\u00e9 da escada do avi\u00e3o ao lado do embaixador franc\u00eas, foi retida pela pol\u00edcia em uma sala do aeroporto por supostas raz\u00f5es de protocolo e de seguran\u00e7a, e Macron encontrou apenas alguns funcion\u00e1rios com coletes amarelos, a roupa que agora simboliza a revolta contra ele na Fran\u00e7a. Foram as primeiras pessoas que Macron cumprimentou em sua primeira visita \u00e0 Argentina. \u201cFoi horr\u00edvel, uma falha no protocolo, mas o presidente franc\u00eas encarou com bom humor\u201d, disse Michetti, que n\u00e3o p\u00f4de correr para a pista (sofre paraplegia por causa de um acidente) e chegou quando Macron j\u00e1 estava entrando em um carro rumo ao hotel.<\/p>\n<p>Macron retaliou no dia seguinte. Foi cedo para a livraria Ateneo Grand Splendid, a mais famosa de Buenos Aires, para conversar com o gerente e com v\u00e1rios clientes sobre literatura argentina. Em seguida foi \u00e0 Funda\u00e7\u00e3o Internacional Jorge Luis Borges e conversou com sua vi\u00fava, Mar\u00eda Kodama. \u201cBorges foi o meu acesso ao imagin\u00e1rio sul-americano\u201d, disse, \u201c\u00e9 o homem que levou a sensibilidade argentina \u00e0 universalidade\u201d. De l\u00e1 rumou \u00e0 Plaza de Mayo, que percorreu a p\u00e9 com a esposa entre uma pequena multid\u00e3o, e entrou na Casa Rosada para realizar com Macri a primeira reuni\u00e3o bilateral da c\u00fapula, seguida de um almo\u00e7o em uma ilha do delta de Tigre.<\/p>\n<p>Em uma entrevista ao jornal La Naci\u00f3n, Macron j\u00e1 havia anunciado sua inten\u00e7\u00e3o de usar a c\u00fapula do G-20 para reunir \u201caqueles que n\u00e3o apenas querem preservar o Acordo de Paris [sobre o clima], mas ir mais longe\u201d e advertiu sobre o risco de uma guerra comercial aberta entre Estados Unidos e China que seria \u201cdestrutiva para todos\u201d. \u201cSe n\u00e3o conseguirmos acordos concretos, nossas reuni\u00f5es internacionais se tornam in\u00fateis e at\u00e9 contraproducentes\u201d, afirmou. Isso continua sendo uma possibilidade nesta c\u00fapula, cujo sucesso ou fracasso se decidir\u00e1 realmente no \u00faltimo minuto, durante o jantar que reunir\u00e1 no s\u00e1bado os presidentes dos EUA, Donald Trump, e da China, Xi Jinping. H\u00e1 meses ambos est\u00e3o infligindo severas san\u00e7\u00f5es comerciais um ao outro.<\/p>\n<p>Depois da reuni\u00e3o entre Macri e Macron, abundante em gestos de cordialidade, os dois concederam uma r\u00e1pida entrevista coletiva em que o argentino enfatizou a necessidade de alcan\u00e7ar finalmente um acordo entre a Uni\u00e3o Europeia e o Mercosul, depois de duas d\u00e9cadas de negocia\u00e7\u00f5es, o que o franc\u00eas descartou por enquanto. Disse que lhe parecia imposs\u00edvel avan\u00e7ar agora por causa da mudan\u00e7a pol\u00edtica no Brasil, que nos pr\u00f3ximos anos ser\u00e1 presidido pelo ultradireitista Jair Bolsonaro \u2014 a Fran\u00e7a, contudo, \u00e9 um dos pa\u00edses com mais ressalvas ao acordo que se tenta h\u00e1 d\u00e9cadas. E recorreu a um argumento que vale tamb\u00e9m para suas discuss\u00f5es com Trump, com quem, disse, mant\u00e9m \u201cuma rela\u00e7\u00e3o f\u00e1cil, com acordos e desacordos\u201d: \u201cEu n\u00e3o posso pedir aos meus empres\u00e1rios e aos meus trabalhadores que fa\u00e7am sacrif\u00edcios em nome da transi\u00e7\u00e3o energ\u00e9tica e da luta contra a mudan\u00e7a clim\u00e1tica e, ao mesmo tempo, assinar acordos comerciais com pa\u00edses que n\u00e3o pretendem fazer o menor esfor\u00e7o nessa \u00e1rea\u201d. \u00c9 o que Macron chama de \u201ccompatibilizar os problemas do fim do mundo com os problemas do fim do m\u00eas&#8221;.<\/p>\n","protected":false},"excerpt":{"rendered":"<p>Presidente franc\u00eas chega a Buenos Aires como porta-voz da globaliza\u00e7\u00e3o e do livre com\u00e9rcio. Macron tamb\u00e9m defende a luta contra o aquecimento global, entre outras coisas que Trump recusa.<\/p>\n","protected":false},"author":1,"featured_media":0,"comment_status":"closed","ping_status":"open","sticky":false,"template":"","format":"standard","meta":{"_exactmetrics_skip_tracking":false,"_exactmetrics_sitenote_active":false,"_exactmetrics_sitenote_note":"","_exactmetrics_sitenote_category":0,"jetpack_post_was_ever_published":false,"_jetpack_newsletter_access":"","_jetpack_dont_email_post_to_subs":false,"_jetpack_newsletter_tier_id":0,"_jetpack_memberships_contains_paywalled_content":false,"_jetpack_memberships_contains_paid_content":false,"footnotes":"","jetpack_publicize_message":"","jetpack_publicize_feature_enabled":true,"jetpack_social_post_already_shared":true,"jetpack_social_options":{"image_generator_settings":{"template":"highway","enabled":false},"version":2}},"categories":[1],"tags":[],"class_list":["post-19653","post","type-post","status-publish","format-standard","hentry","category-notas"],"jetpack_publicize_connections":[],"jetpack_sharing_enabled":true,"jetpack_featured_media_url":"","jetpack_shortlink":"https:\/\/wp.me\/p7wKYW-56Z","jetpack-related-posts":[],"_links":{"self":[{"href":"http:\/\/blogdalucianaoliveira.com.br\/blog\/wp-json\/wp\/v2\/posts\/19653","targetHints":{"allow":["GET"]}}],"collection":[{"href":"http:\/\/blogdalucianaoliveira.com.br\/blog\/wp-json\/wp\/v2\/posts"}],"about":[{"href":"http:\/\/blogdalucianaoliveira.com.br\/blog\/wp-json\/wp\/v2\/types\/post"}],"author":[{"embeddable":true,"href":"http:\/\/blogdalucianaoliveira.com.br\/blog\/wp-json\/wp\/v2\/users\/1"}],"replies":[{"embeddable":true,"href":"http:\/\/blogdalucianaoliveira.com.br\/blog\/wp-json\/wp\/v2\/comments?post=19653"}],"version-history":[{"count":1,"href":"http:\/\/blogdalucianaoliveira.com.br\/blog\/wp-json\/wp\/v2\/posts\/19653\/revisions"}],"predecessor-version":[{"id":19655,"href":"http:\/\/blogdalucianaoliveira.com.br\/blog\/wp-json\/wp\/v2\/posts\/19653\/revisions\/19655"}],"wp:attachment":[{"href":"http:\/\/blogdalucianaoliveira.com.br\/blog\/wp-json\/wp\/v2\/media?parent=19653"}],"wp:term":[{"taxonomy":"category","embeddable":true,"href":"http:\/\/blogdalucianaoliveira.com.br\/blog\/wp-json\/wp\/v2\/categories?post=19653"},{"taxonomy":"post_tag","embeddable":true,"href":"http:\/\/blogdalucianaoliveira.com.br\/blog\/wp-json\/wp\/v2\/tags?post=19653"}],"curies":[{"name":"wp","href":"https:\/\/api.w.org\/{rel}","templated":true}]}}