{"id":19656,"date":"2018-11-30T17:21:48","date_gmt":"2018-11-30T21:21:48","guid":{"rendered":"http:\/\/blogdalucianaoliveira.com.br\/blog\/?p=19656"},"modified":"2018-11-30T17:21:48","modified_gmt":"2018-11-30T21:21:48","slug":"projeto-escola-sem-partido-so-ganhou-projecao-apos-debate-sobre-ideologia-de-genero","status":"publish","type":"post","link":"http:\/\/blogdalucianaoliveira.com.br\/blog\/2018\/11\/30\/projeto-escola-sem-partido-so-ganhou-projecao-apos-debate-sobre-ideologia-de-genero\/","title":{"rendered":"Projeto Escola Sem Partido s\u00f3 ganhou proje\u00e7\u00e3o ap\u00f3s debate sobre &#8216;ideologia de g\u00eanero&#8217;"},"content":{"rendered":"<p><img data-recalc-dims=\"1\" loading=\"lazy\" decoding=\"async\" data-attachment-id=\"19657\" data-permalink=\"http:\/\/blogdalucianaoliveira.com.br\/blog\/2018\/11\/30\/projeto-escola-sem-partido-so-ganhou-projecao-apos-debate-sobre-ideologia-de-genero\/00cee5f7-0287-45f0-bb77-0d126cbb0195\/\" data-orig-file=\"https:\/\/i0.wp.com\/blogdalucianaoliveira.com.br\/blog\/wp-content\/uploads\/2018\/11\/00CEE5F7-0287-45F0-BB77-0D126CBB0195.jpeg?fit=640%2C426\" data-orig-size=\"640,426\" data-comments-opened=\"0\" data-image-meta=\"{&quot;aperture&quot;:&quot;0&quot;,&quot;credit&quot;:&quot;&quot;,&quot;camera&quot;:&quot;&quot;,&quot;caption&quot;:&quot;&quot;,&quot;created_timestamp&quot;:&quot;0&quot;,&quot;copyright&quot;:&quot;&quot;,&quot;focal_length&quot;:&quot;0&quot;,&quot;iso&quot;:&quot;0&quot;,&quot;shutter_speed&quot;:&quot;0&quot;,&quot;title&quot;:&quot;&quot;,&quot;orientation&quot;:&quot;0&quot;}\" data-image-title=\"00CEE5F7-0287-45F0-BB77-0D126CBB0195\" data-image-description=\"\" data-image-caption=\"\" data-medium-file=\"https:\/\/i0.wp.com\/blogdalucianaoliveira.com.br\/blog\/wp-content\/uploads\/2018\/11\/00CEE5F7-0287-45F0-BB77-0D126CBB0195.jpeg?fit=300%2C200\" data-large-file=\"https:\/\/i0.wp.com\/blogdalucianaoliveira.com.br\/blog\/wp-content\/uploads\/2018\/11\/00CEE5F7-0287-45F0-BB77-0D126CBB0195.jpeg?fit=600%2C399\" src=\"https:\/\/i0.wp.com\/blogdalucianaoliveira.com.br\/blog\/wp-content\/uploads\/2018\/11\/00CEE5F7-0287-45F0-BB77-0D126CBB0195.jpeg?resize=600%2C399\" alt=\"00CEE5F7-0287-45F0-BB77-0D126CBB0195\" width=\"600\" height=\"399\" class=\"alignnone size-full wp-image-19657\" srcset=\"https:\/\/i0.wp.com\/blogdalucianaoliveira.com.br\/blog\/wp-content\/uploads\/2018\/11\/00CEE5F7-0287-45F0-BB77-0D126CBB0195.jpeg?w=640 640w, https:\/\/i0.wp.com\/blogdalucianaoliveira.com.br\/blog\/wp-content\/uploads\/2018\/11\/00CEE5F7-0287-45F0-BB77-0D126CBB0195.jpeg?resize=300%2C200 300w, https:\/\/i0.wp.com\/blogdalucianaoliveira.com.br\/blog\/wp-content\/uploads\/2018\/11\/00CEE5F7-0287-45F0-BB77-0D126CBB0195.jpeg?resize=451%2C300 451w\" sizes=\"auto, (max-width: 600px) 100vw, 600px\" \/><\/p>\n<p>O professor Salom\u00e3o Ximenes explica que apesar de n\u00e3o aprovada no Congresso, proposta acontece em v\u00e1rias partes do pa\u00eds<!--more--><\/p>\n<p>Reda\u00e7\u00e3o<br \/>\nBrasil de Fato |<\/p>\n<p>O programa No Jardim da Pol\u00edtica, desta quinta-feira (29), teve como uma das entrevistadas a ativista e cozinheira paraense Tain\u00e1 Marajoara que, juntamente com o chef de cozinha Carlos Ruffeil, fundou o Ponto de Cultura Alimentar Iacitat\u00e1, em Bel\u00e9m (PA). Tain\u00e1 relaciona a democracia alimentar, que \u00e9 a promo\u00e7\u00e3o do acesso a diversidade de alimentos saud\u00e1veis a pre\u00e7os justos, com o processo de desapropria\u00e7\u00e3o de terras para reforma agr\u00e1ria. Ela ainda conta a hist\u00f3ria do restaurante, que busca resgatar a cultura paraense e ser um ponto de resist\u00eancia contra o agroneg\u00f3cio.<\/p>\n<p>Outro convidado no est\u00fadio da R\u00e1dio Brasil de Fato foi o professor e coordenador do curso de Pol\u00edticas P\u00fablicas da Universidade Federal do ABC (UFABC), Salom\u00e3o Ximenes. A conversa teve como pano de fundo o pol\u00eamico projeto Escola Sem Partido. O especialista conta que a origem do projeto n\u00e3o \u00e9 de agora, mas s\u00f3 recentemente tomou as propor\u00e7\u00f5es e moldes atuais, fazendo com que a censura ao professor abra\u00e7asse tamb\u00e9m as discuss\u00f5es de g\u00eanero, ra\u00e7a e classe. <\/p>\n<p>\u201cDe um lado voc\u00ea tem o projeto original chamado Movimento Escola Sem Partido, que foi criado h\u00e1 cerca de uma d\u00e9cada e n\u00e3o teve tanta visibilidade. Ele propunha que fosse distribu\u00eddo nas escolas um cartaz com os deveres do professor, incluindo a neutralidade em todas as tem\u00e1ticas. Este projeto ganha refor\u00e7o significativo e come\u00e7a a ficar vis\u00edvel quando entra a discuss\u00e3o da \u2018ideologia de g\u00eanero\u2019, que vem do campo religioso cat\u00f3lico, para fazer disputa cultural na sociedade\u201d. <\/p>\n<p>\u00c9 justamente o car\u00e1ter mais amplo que faz com que o Escola Sem Partido j\u00e1 esteja acontecendo em escolas por todo o Brasil, apesar de a Projeto de Lei n\u00e3o ter sido aprovado no Congresso. De acordo Salom\u00e3o, \u201cnem todas s\u00e3o Escolas Sem Partido completas, algumas s\u00e3o partes, itens espec\u00edficos como \u2018n\u00e3o discutir ideologia de g\u00eanero\u2019, por exemplo\u201d. <\/p>\n<p>Ele explica que h\u00e1 duas frentes, a dos projetos de lei do Escola Sem Partido espalhados pelo pa\u00eds e a dos familiares, que t\u00eam feito press\u00e3o nas escolas para colocar em pr\u00e1tica a ideologia do Escola Sem Partido. <\/p>\n<p>Ximenes ainda ressalta que \u00e9 importante o posicionamento do Supremo nestes casos, adiando e barrando os projetos, mas lamenta a situa\u00e7\u00e3o em que chegamos. \u201cO que mais me preocupa de fato \u00e9 que as vit\u00f3rias no campo institucional n\u00e3o tem impedido a dissemina\u00e7\u00e3o e a amplia\u00e7\u00e3o r\u00e1pida dos movimentos de censura nas escolas e cidades\u201d.<\/p>\n<p>A consequ\u00eancia, segundo Ximenes, \u00e9 que muitos professores t\u00eam ficado receosos e com medo de se expor, gerando uma autocensura nas escolas. Por este motivo, vem sendo feito um conjunto de iniciativas no sentido de dar suporte aos professores no aspecto da liberdade e seu dever de atua\u00e7\u00e3o nas escolas. <\/p>\n<p>A mais recente \u00e9 o Manual de Defesa Contra a Censura nas Escolas, que foi lan\u00e7ado esta semana e tem exemplos, informa\u00e7\u00f5es jur\u00eddicas e tamb\u00e9m desmistifica discursos de ideologia de g\u00eanero, entre outros. <\/p>\n<p>Retransmiss\u00e3o<\/p>\n<p>H\u00e1 mais de seis meses no ar com programa\u00e7\u00e3o ao vivo e di\u00e1ria, a R\u00e1dio Brasil de Fato permite que seus conte\u00fados sejam retransmitidos gratuitamente por r\u00e1dios comunit\u00e1rias e educativas, al\u00e9m de blogs e sites. <\/p>\n","protected":false},"excerpt":{"rendered":"<p>O professor Salom\u00e3o Ximenes explica que apesar de n\u00e3o aprovada no Congresso, proposta acontece em v\u00e1rias partes do pa\u00eds<\/p>\n","protected":false},"author":1,"featured_media":0,"comment_status":"closed","ping_status":"open","sticky":false,"template":"","format":"standard","meta":{"_exactmetrics_skip_tracking":false,"_exactmetrics_sitenote_active":false,"_exactmetrics_sitenote_note":"","_exactmetrics_sitenote_category":0,"jetpack_post_was_ever_published":false,"_jetpack_newsletter_access":"","_jetpack_dont_email_post_to_subs":false,"_jetpack_newsletter_tier_id":0,"_jetpack_memberships_contains_paywalled_content":false,"_jetpack_memberships_contains_paid_content":false,"footnotes":"","jetpack_publicize_message":"","jetpack_publicize_feature_enabled":true,"jetpack_social_post_already_shared":true,"jetpack_social_options":{"image_generator_settings":{"template":"highway","enabled":false},"version":2}},"categories":[1],"tags":[],"class_list":["post-19656","post","type-post","status-publish","format-standard","hentry","category-notas"],"jetpack_publicize_connections":[],"jetpack_sharing_enabled":true,"jetpack_featured_media_url":"","jetpack_shortlink":"https:\/\/wp.me\/p7wKYW-572","jetpack-related-posts":[],"_links":{"self":[{"href":"http:\/\/blogdalucianaoliveira.com.br\/blog\/wp-json\/wp\/v2\/posts\/19656","targetHints":{"allow":["GET"]}}],"collection":[{"href":"http:\/\/blogdalucianaoliveira.com.br\/blog\/wp-json\/wp\/v2\/posts"}],"about":[{"href":"http:\/\/blogdalucianaoliveira.com.br\/blog\/wp-json\/wp\/v2\/types\/post"}],"author":[{"embeddable":true,"href":"http:\/\/blogdalucianaoliveira.com.br\/blog\/wp-json\/wp\/v2\/users\/1"}],"replies":[{"embeddable":true,"href":"http:\/\/blogdalucianaoliveira.com.br\/blog\/wp-json\/wp\/v2\/comments?post=19656"}],"version-history":[{"count":1,"href":"http:\/\/blogdalucianaoliveira.com.br\/blog\/wp-json\/wp\/v2\/posts\/19656\/revisions"}],"predecessor-version":[{"id":19658,"href":"http:\/\/blogdalucianaoliveira.com.br\/blog\/wp-json\/wp\/v2\/posts\/19656\/revisions\/19658"}],"wp:attachment":[{"href":"http:\/\/blogdalucianaoliveira.com.br\/blog\/wp-json\/wp\/v2\/media?parent=19656"}],"wp:term":[{"taxonomy":"category","embeddable":true,"href":"http:\/\/blogdalucianaoliveira.com.br\/blog\/wp-json\/wp\/v2\/categories?post=19656"},{"taxonomy":"post_tag","embeddable":true,"href":"http:\/\/blogdalucianaoliveira.com.br\/blog\/wp-json\/wp\/v2\/tags?post=19656"}],"curies":[{"name":"wp","href":"https:\/\/api.w.org\/{rel}","templated":true}]}}