{"id":19662,"date":"2018-11-30T17:41:35","date_gmt":"2018-11-30T21:41:35","guid":{"rendered":"http:\/\/blogdalucianaoliveira.com.br\/blog\/?p=19662"},"modified":"2018-11-30T17:41:35","modified_gmt":"2018-11-30T21:41:35","slug":"bolsonaro-e-trump-preocupa-europeus","status":"publish","type":"post","link":"http:\/\/blogdalucianaoliveira.com.br\/blog\/2018\/11\/30\/bolsonaro-e-trump-preocupa-europeus\/","title":{"rendered":"BOLSONARO E TRUMP PREOCUPA EUROPEUS"},"content":{"rendered":"<p><img data-recalc-dims=\"1\" loading=\"lazy\" decoding=\"async\" data-attachment-id=\"19663\" data-permalink=\"http:\/\/blogdalucianaoliveira.com.br\/blog\/2018\/11\/30\/bolsonaro-e-trump-preocupa-europeus\/7dcabe94-4509-406f-bb50-326bc03879cf\/\" data-orig-file=\"https:\/\/i0.wp.com\/blogdalucianaoliveira.com.br\/blog\/wp-content\/uploads\/2018\/11\/7DCABE94-4509-406F-BB50-326BC03879CF.jpeg?fit=1200%2C727\" data-orig-size=\"1200,727\" data-comments-opened=\"0\" data-image-meta=\"{&quot;aperture&quot;:&quot;0&quot;,&quot;credit&quot;:&quot;&quot;,&quot;camera&quot;:&quot;&quot;,&quot;caption&quot;:&quot;&quot;,&quot;created_timestamp&quot;:&quot;0&quot;,&quot;copyright&quot;:&quot;&quot;,&quot;focal_length&quot;:&quot;0&quot;,&quot;iso&quot;:&quot;0&quot;,&quot;shutter_speed&quot;:&quot;0&quot;,&quot;title&quot;:&quot;&quot;,&quot;orientation&quot;:&quot;0&quot;}\" data-image-title=\"7DCABE94-4509-406F-BB50-326BC03879CF\" data-image-description=\"\" data-image-caption=\"\" data-medium-file=\"https:\/\/i0.wp.com\/blogdalucianaoliveira.com.br\/blog\/wp-content\/uploads\/2018\/11\/7DCABE94-4509-406F-BB50-326BC03879CF.jpeg?fit=300%2C182\" data-large-file=\"https:\/\/i0.wp.com\/blogdalucianaoliveira.com.br\/blog\/wp-content\/uploads\/2018\/11\/7DCABE94-4509-406F-BB50-326BC03879CF.jpeg?fit=600%2C363\" src=\"https:\/\/i0.wp.com\/blogdalucianaoliveira.com.br\/blog\/wp-content\/uploads\/2018\/11\/7DCABE94-4509-406F-BB50-326BC03879CF.jpeg?resize=600%2C364\" alt=\"7DCABE94-4509-406F-BB50-326BC03879CF\" width=\"600\" height=\"364\" class=\"alignnone size-full wp-image-19663\" srcset=\"https:\/\/i0.wp.com\/blogdalucianaoliveira.com.br\/blog\/wp-content\/uploads\/2018\/11\/7DCABE94-4509-406F-BB50-326BC03879CF.jpeg?w=1200 1200w, https:\/\/i0.wp.com\/blogdalucianaoliveira.com.br\/blog\/wp-content\/uploads\/2018\/11\/7DCABE94-4509-406F-BB50-326BC03879CF.jpeg?resize=300%2C182 300w, https:\/\/i0.wp.com\/blogdalucianaoliveira.com.br\/blog\/wp-content\/uploads\/2018\/11\/7DCABE94-4509-406F-BB50-326BC03879CF.jpeg?resize=768%2C465 768w, https:\/\/i0.wp.com\/blogdalucianaoliveira.com.br\/blog\/wp-content\/uploads\/2018\/11\/7DCABE94-4509-406F-BB50-326BC03879CF.jpeg?resize=1024%2C620 1024w, https:\/\/i0.wp.com\/blogdalucianaoliveira.com.br\/blog\/wp-content\/uploads\/2018\/11\/7DCABE94-4509-406F-BB50-326BC03879CF.jpeg?resize=495%2C300 495w\" sizes=\"auto, (max-width: 600px) 100vw, 600px\" \/><\/p>\n<p>Para dirigente do principal conselho de diplomacia da Europa e ex-premi\u00ea da Su\u00e9cia, converg\u00eancia com Washington aproxima Brasil das &#8220;democracias imperfeitas&#8221;, como Hungria e R\u00fassia<!--more--><\/p>\n<p>Revista Piau\u00ed<br \/>\nROBERTO LAMEIRINHAS<\/p>\n<p>x-primeiro-ministro da Su\u00e9cia (1991-1994) e co-dirigente do principal conselho pan-europeu de rela\u00e7\u00f5es exteriores, o conservador Carl Bildt teme que pa\u00edses como o Brasil, que passam por um processo de transforma\u00e7\u00e3o de sua pol\u00edtica externa, acompanhem as posi\u00e7\u00f5es mais duras de Washington sobre tratados comerciais, organismos globais e acordos sobre preserva\u00e7\u00e3o ambiental. \u201cAinda n\u00e3o sabemos como as ideias do futuro chanceler v\u00e3o se converter em pol\u00edticas efetivas\u201d, disse Bildt em entrevista exclusiva \u00e0 piau\u00ed, sobre o diplomata Ernesto Ara\u00fajo, escolhido pelo presidente eleito, Jair Bolsonaro, para o cargo. \u201cO que me deixa preocupado de fato \u00e9 Washington estar seguindo alguns conceitos que contrariam princ\u00edpios diplom\u00e1ticos importantes, com interpreta\u00e7\u00f5es pr\u00f3prias de leis internacionais, causando uma nova desordem e novos desafios para a diplomacia. E isso servir como modelo para outros pa\u00edses, como o caso do Brasil, definirem suas posi\u00e7\u00f5es.\u201d<\/p>\n<p>Bildt lembrou a tradi\u00e7\u00e3o de sobriedade da pol\u00edtica do Itamaraty, ao comentar textos de Ara\u00fajo nos quais o futuro chanceler brasileiro elogia as posi\u00e7\u00f5es de Trump em rela\u00e7\u00e3o a pol\u00edticas de imigra\u00e7\u00e3o e de combate ao avan\u00e7o do Isl\u00e3 no Ocidente, fala em libertar a pol\u00edtica externa e o Itamaraty do \u201cmarxismo cultural\u201d e atribui ao que chama de \u201cclimatismo\u201d (como ele se refere \u00e0s t\u00e1ticas de militantes da esquerda para preservar o ambiente e sequestrar liberdades individuais) as pesquisas sobre mudan\u00e7as clim\u00e1ticas. Os endossos do futuro chanceler \u00e0s ideias do presidente norte-americano est\u00e3o descritos no artigo \u201cTrump e o Ocidente\u201d, publicado no ano passado nos Cadernos de Pol\u00edtica Exterior da Funda\u00e7\u00e3o Alexandre Gusm\u00e3o, ligada ao Itamaraty. Ara\u00fajo escreveu: \u201cEssas express\u00f5es de Trump parecer\u00e3o a muitos, no m\u00ednimo, manifesta\u00e7\u00f5es de mau gosto, a outros parecer\u00e3o laivos de fascismo. Sim, vivemos em um mundo onde falar dos her\u00f3is, dos ancestrais, da alma e da na\u00e7\u00e3o, da fam\u00edlia e de Deus \u00e9, para grande parte da ideologia dominante, uma indica\u00e7\u00e3o de comportamento fascista. O problema estar\u00e1 com Trump ou estar\u00e1 com essa ideologia contra a qual ele se insurge?\u201d<\/p>\n<p>Co-diretor do Conselho Europeu de Rela\u00e7\u00f5es Exteriores (ECFR, na sigla em ingl\u00eas), Bildt comentou os acenos do chanceler a Trump ap\u00f3s participar em S\u00e3o Paulo de um semin\u00e1rio na Funda\u00e7\u00e3o Fernando Henrique Cardoso, nesta quinta-feira, cujo tema era \u201cDemocracias turbulentas e seus impactos no sistema internacional\u201d. Para ele, a ascens\u00e3o de Trump, apoiado por pa\u00edses que tendem ao radicalismo na defesa de interesses dom\u00e9sticos, representa riscos para o modelo de diplomacia multilateral \u2013 baseado em consenso, preferencialmente, ou decis\u00e3o de maioria. \u201cEm rela\u00e7\u00e3o ao Brasil, existe preocupa\u00e7\u00e3o especial com as medidas ambientais, por exemplo, e os compromissos assumidos internacionalmente. Sabemos que essa \u00e9 uma quest\u00e3o controvertida e houve avan\u00e7os nos \u00faltimos anos gra\u00e7as a gest\u00f5es diplom\u00e1ticas bem-sucedidas\u201d, afirmou Bildt nesta quinta-feira.<\/p>\n<p>O conceito \u201cAmerica First\u201d de Trump refor\u00e7ou um novo ordenamento, marcado pela retomada do poderio econ\u00f4mico americano por meio da hegemonia pol\u00edtica e pelo combate ao que considera \u201cexporta\u00e7\u00e3o de empregos\u201d por parte dos Estados Unidos \u2013 cujas empresas haviam migrado para mercados com m\u00e3o de obra mais barata e menos impostos.  Os principais expoentes desse pensamento atualmente s\u00e3o l\u00edderes dos movimentos radicais de direita como o Tea Party e Alt-Right. Um dos membros mais destacados do Alt-Right, Steve Bannon, dirigiu a campanha eleitoral de Trump de 2016, foi assessor pol\u00edtico da Casa Branca at\u00e9 o ano passado e manteve pelo menos um encontro com um dos filhos de Bolsonaro.<\/p>\n<p>Trump, assim como l\u00edderes conservadores populistas de outros pa\u00edses, vendem a ideia de que a ordem antiga, a da globaliza\u00e7\u00e3o, fracassou em sua tarefa de melhorar a vida das pessoas por meio do desenvolvimento econ\u00f4mico. Desde que assumiu o poder, Trump abandonou o Acordo de Paris para redu\u00e7\u00e3o de emiss\u00e3o de g\u00e1s carb\u00f4nico, mudou a sede da embaixada dos Estados Unidos em Israel para Jerusal\u00e9m e adotou o confronto como regra nos contratos comerciais com a China, al\u00e9m de recuar em negocia\u00e7\u00f5es de aproxima\u00e7\u00e3o com Cuba e Ir\u00e3, acertadas pelo antecessor, Barack Obama.<\/p>\n<p>As semelhan\u00e7as com o ide\u00e1rio defendido por Bolsonaro s\u00e3o evidentes. \u201cQuando me perguntavam, durante a campanha, se eu faria isso [levar a embaixada do Brasil para Jerusal\u00e9m], eu dizia sempre que sim. Cabe a voc\u00eas decidirem qual \u00e9 a capital de Israel, n\u00e3o a outras na\u00e7\u00f5es\u201d, declarou Bolsonaro ao jornal israelense Israel Hayom. Sobre a China, o partido de Bolsonaro, o PSL, rejeitou nesta semana um convite de Pequim para uma viagem destinada a estreitar os la\u00e7os com o pa\u00eds comunista. E, na quinta-feira, o presidente eleito conversou com o conselheiro de Seguran\u00e7a Nacional da Casa Branca, John Bolton, sobre estrat\u00e9gias para conter avan\u00e7os comerciais chineses \u2013 principais parceiros de neg\u00f3cios com o Brasil.<\/p>\n<p>Entre as principais preocupa\u00e7\u00f5es de Bildt para o pa\u00eds est\u00e3o os reflexos do ide\u00e1rio do grupo de Bolsonaro em rela\u00e7\u00e3o ao meio ambiente \u2013 como a discuss\u00e3o sobre tamb\u00e9m se retirar do Acordo de Paris, por exemplo. O acordo, aprovado em 2015 por 195 pa\u00edses, prev\u00ea a redu\u00e7\u00e3o gradual da emiss\u00e3o de carbono a partir de 2020. Nesta quarta-feira, a pedido do presidente eleito, o governo brasileiro desistiu de receber a Confer\u00eancia do Clima marcada para 2019. \u201cO Brasil \u00e9 o mais importante pa\u00eds do globo em rela\u00e7\u00e3o ao tema ambiental. Quest\u00f5es sobre como se desenvolver com impacto ambiental m\u00ednimo estiveram muito presentes quando eu estava no posto de primeiro-ministro e participei no Rio do encontro de c\u00fapula da Eco-92\u201d, disse o pol\u00edtico sueco.<\/p>\n<p>Para Bildt, que \u00e0 frente do Conselho Europeu de Rela\u00e7\u00f5es Exteriores \u00e9 respons\u00e1vel pelo estudo e planejamento das mais importantes pol\u00edticas diplom\u00e1ticas da Europa \u2013 que envolvem, por exemplo, a\u00e7\u00f5es padronizadas para restringir a chegada de imigrantes ilegais \u2013 movimentos nacionais que criaram governos populistas e ultranacionalistas em diferentes pa\u00edses tendem a gerar dificuldades em v\u00e1rios n\u00edveis, incluindo para o sistema internacional (termo usado genericamente para descrever o conjunto de organismos multilaterais como a ONU e a Uni\u00e3o Europeia). \u201cN\u00e3o h\u00e1 d\u00favida quanto a isso. Mas temos de ver esse fen\u00f4meno como uma quest\u00e3o mais profunda sobre a efici\u00eancia da pr\u00f3pria democracia como sistema pol\u00edtico, que n\u00e3o foi capaz de reduzir as insatisfa\u00e7\u00f5es causadas pela corrup\u00e7\u00e3o, pela falta de seguran\u00e7a, pela escassez de postos de trabalho\u201d, explicou. \u201cEm qualquer que seja o caso \u2013 o de Matteo Salvini [na It\u00e1lia], de Bolsonaro ou de Viktor Orb\u00e1n [na Hungria] \u2013, s\u00e3o movimentos que chegaram ao poder com vota\u00e7\u00f5es expressivas. E foram eleitos sob o impacto causado pela frustra\u00e7\u00e3o com a democracia, paradoxalmente, com um alto custo para a estabilidade do sistema democr\u00e1tico.\u201d<\/p>\n<p>H\u00e1 outros exemplos recentes dessa virada de car\u00e1ter nacionalista, como Col\u00f4mbia, Pol\u00f4nia, Filipinas e mesmo os Estados Unidos. E o avan\u00e7o dessa ideia de press\u00e3o pela frustra\u00e7\u00e3o se reflete no sistema internacional, que passou, ent\u00e3o, a ser alvo de questionamentos. Na Alemanha, por exemplo, a percep\u00e7\u00e3o de que a crescente chegada de estrangeiros est\u00e1 tirando emprego de cidad\u00e3os nacionais e afetando as pol\u00edticas de bem-estar social, levou um partido de extrema direita, a AfD, a superar a cl\u00e1usula de barreira e eleger uma bancada no Parlamento pela primeira vez desde o fim da Segunda Guerra. Na Fran\u00e7a, em rea\u00e7\u00e3o ao aumento de comunidades isl\u00e2micas e do crescimento da criminalidade e da amea\u00e7a de atentados, a Frente Nacional, de Marine Le Pen, obteve a segunda melhor vota\u00e7\u00e3o nas elei\u00e7\u00f5es de 2017. A Espanha, pa\u00eds que se recupera da brutal recess\u00e3o econ\u00f4mica do in\u00edcio da d\u00e9cada, v\u00ea o crescimento acelerado do Vox, partido de ultradireita que usa os mesmos slogans de campanha de Trump: \u201cEspanha primeiro!\u201d e \u201cVamos tornar a Espanha grande outra vez!\u201d<\/p>\n<p>Bildt acredita que o regime russo de Vladimir Putin \u00e9 o principal s\u00edmbolo de quanto governos nacionalistas populistas apresentam tend\u00eancia a atropelar regras para atender os interesses de seu Estado. A \u00faltima e mais perigosa manifesta\u00e7\u00e3o dessa tend\u00eancia \u00e9 a intimida\u00e7\u00e3o dos russos \u00e0 presen\u00e7a ucraniana no Estreito de Kerch, no Mar de Azov, com o objetivo de estrangular a rival Ucr\u00e2nia economicamente. Como resultado, a situa\u00e7\u00e3o tem escalado a um ponto que pode resultar em guerra. \u201cO que acontece ali \u00e9 que a R\u00fassia est\u00e1 tomando passos em contradi\u00e7\u00e3o \u00e0s leis internacionais e em contradi\u00e7\u00e3o a acordos internacionais. Eles tentam sentir at\u00e9 que ponto a resposta da comunidade internacional ser\u00e1 forte. O que defendemos \u00e9 que tome medidas equilibradas e calibradas e essas medidas s\u00e3o extremamente importantes para formatar um padr\u00e3o de resposta a hostilidades futuras\u201d, afirmou Bildt.<\/p>\n<p>O estreito, \u00fanico acesso para os portos ucranianos do Mar de Azov, \u00e9 ocupado militarmente pelos russos desde 2014, com a anexa\u00e7\u00e3o da Crimeia \u2013 uma \u00e1rea que passou a ser disputada por R\u00fassia e Ucr\u00e2nia ap\u00f3s a dissolu\u00e7\u00e3o da Uni\u00e3o Sovi\u00e9tica, em 1991. Um tratado de 2003 d\u00e1 aos dois pa\u00edses direito de navega\u00e7\u00e3o no Estreito de Kerch, mas, ap\u00f3s incorporar a Crimeia, Moscou assumiu as tarefas de vigil\u00e2ncia e seguran\u00e7a da via mar\u00edtima. Com isso, passou a fazer inspe\u00e7\u00f5es em navios que se dirigem do Mar Negro para os portos no Mar de Azov. Kiev queixa-se que essas inspe\u00e7\u00f5es s\u00e3o demoradas e causam atrasos e outros preju\u00edzos \u00e0 sua Marinha Mercante.<\/p>\n<p>No \u00faltimo domingo, tr\u00eas embarca\u00e7\u00f5es militares da Ucr\u00e2nia que estavam a caminho de um exerc\u00edcio no Mar de Azov foram alvo de disparos da Marinha russa, que deteve 23 tripulantes ucranianos. Kiev alega ter informado Moscou previamente da movimenta\u00e7\u00e3o de seus navios. A R\u00fassia nega. A situa\u00e7\u00e3o de confronto se agravou nesta quinta-feira, com o an\u00fancio russo de que estava deslocando m\u00edsseis para bases na Crimeia, enquanto pa\u00edses europeus, como a Gr\u00e3-Bretanha se dispunham a enviar uma frota para a regi\u00e3o.<\/p>\n<p>Na frente diplom\u00e1tica, Trump cancelou na quinta-feira \u2013 na \u00faltima hora e por meio de um post na sua conta no Twitter \u2013 uma reuni\u00e3o com Putin que deveria ser o ponto alto do encontro do G-20, que se realiza nesta sexta-feira e no s\u00e1bado, em Buenos Aires. Numa tentativa de minimizar o an\u00fancio, o Kremlin informou no dia seguinte que Putin ter\u00e1 um encontro \u201cbreve e improvisado\u201d com o americano.<\/p>\n<p>Sob o argumento de que a dissemina\u00e7\u00e3o de governos populistas nacionalistas \u2013 como aqueles que a ret\u00f3rica de Trump estimula \u2013 torna cada vez mais lenta a rea\u00e7\u00e3o do sistema internacional a atropelos como o de Moscou, Bildt \u00e9 um cr\u00edtico feroz do sil\u00eancio, mantido at\u00e9 agora principalmente pela Europa, em rela\u00e7\u00e3o a Moscou. \u201cA R\u00fassia j\u00e1 vinha aumentando significativamente o contingente militar no Mar de Azov e, nos \u00faltimos meses, come\u00e7ou a estrangular discretamente a liberdade de navega\u00e7\u00e3o de todos os navios que entram nos portos ucranianos. A escaramu\u00e7a do fim de semana pertence a essa nova tend\u00eancia. Os Estados Unidos e alguns pa\u00edses europeus se esfor\u00e7am para parecer assertivos sobre o apoio \u00e0 liberdade de navega\u00e7\u00e3o no Mar do Sul da China. Mas, quando se trata do Mar Negro e do Mar de Azov, todos parecem evitar contrariar Putin\u201d, escreveu Bildt num artigo que publicou, em parceria com outro diretor do ECFR, Nicu Popescu, na revista Foreign Policy. \u201cA R\u00fassia precisa receber da comunidade internacional uma mensagem forte e clara: ela n\u00e3o pode atacar nem aprisionar navios de outros pa\u00edses\u201d, afirmou.<\/p>\n","protected":false},"excerpt":{"rendered":"<p>Para dirigente do principal conselho de diplomacia da Europa e ex-premi\u00ea da Su\u00e9cia, converg\u00eancia com Washington aproxima Brasil das &#8220;democracias imperfeitas&#8221;, como Hungria e R\u00fassia<\/p>\n","protected":false},"author":1,"featured_media":0,"comment_status":"closed","ping_status":"open","sticky":false,"template":"","format":"standard","meta":{"_exactmetrics_skip_tracking":false,"_exactmetrics_sitenote_active":false,"_exactmetrics_sitenote_note":"","_exactmetrics_sitenote_category":0,"jetpack_post_was_ever_published":false,"_jetpack_newsletter_access":"","_jetpack_dont_email_post_to_subs":false,"_jetpack_newsletter_tier_id":0,"_jetpack_memberships_contains_paywalled_content":false,"_jetpack_memberships_contains_paid_content":false,"footnotes":"","jetpack_publicize_message":"","jetpack_publicize_feature_enabled":true,"jetpack_social_post_already_shared":true,"jetpack_social_options":{"image_generator_settings":{"template":"highway","enabled":false},"version":2}},"categories":[1],"tags":[],"class_list":["post-19662","post","type-post","status-publish","format-standard","hentry","category-notas"],"jetpack_publicize_connections":[],"jetpack_sharing_enabled":true,"jetpack_featured_media_url":"","jetpack_shortlink":"https:\/\/wp.me\/p7wKYW-578","jetpack-related-posts":[],"_links":{"self":[{"href":"http:\/\/blogdalucianaoliveira.com.br\/blog\/wp-json\/wp\/v2\/posts\/19662","targetHints":{"allow":["GET"]}}],"collection":[{"href":"http:\/\/blogdalucianaoliveira.com.br\/blog\/wp-json\/wp\/v2\/posts"}],"about":[{"href":"http:\/\/blogdalucianaoliveira.com.br\/blog\/wp-json\/wp\/v2\/types\/post"}],"author":[{"embeddable":true,"href":"http:\/\/blogdalucianaoliveira.com.br\/blog\/wp-json\/wp\/v2\/users\/1"}],"replies":[{"embeddable":true,"href":"http:\/\/blogdalucianaoliveira.com.br\/blog\/wp-json\/wp\/v2\/comments?post=19662"}],"version-history":[{"count":1,"href":"http:\/\/blogdalucianaoliveira.com.br\/blog\/wp-json\/wp\/v2\/posts\/19662\/revisions"}],"predecessor-version":[{"id":19664,"href":"http:\/\/blogdalucianaoliveira.com.br\/blog\/wp-json\/wp\/v2\/posts\/19662\/revisions\/19664"}],"wp:attachment":[{"href":"http:\/\/blogdalucianaoliveira.com.br\/blog\/wp-json\/wp\/v2\/media?parent=19662"}],"wp:term":[{"taxonomy":"category","embeddable":true,"href":"http:\/\/blogdalucianaoliveira.com.br\/blog\/wp-json\/wp\/v2\/categories?post=19662"},{"taxonomy":"post_tag","embeddable":true,"href":"http:\/\/blogdalucianaoliveira.com.br\/blog\/wp-json\/wp\/v2\/tags?post=19662"}],"curies":[{"name":"wp","href":"https:\/\/api.w.org\/{rel}","templated":true}]}}