{"id":19668,"date":"2018-11-30T23:49:33","date_gmt":"2018-12-01T03:49:33","guid":{"rendered":"http:\/\/blogdalucianaoliveira.com.br\/blog\/?p=19668"},"modified":"2018-11-30T23:49:33","modified_gmt":"2018-12-01T03:49:33","slug":"inauguracao-da-casa-de-direitos-do-projeto-pana-em-porto-velho","status":"publish","type":"post","link":"http:\/\/blogdalucianaoliveira.com.br\/blog\/2018\/11\/30\/inauguracao-da-casa-de-direitos-do-projeto-pana-em-porto-velho\/","title":{"rendered":"Inaugura\u00e7\u00e3o da Casa de Direitos do projeto Pana em Porto Velho"},"content":{"rendered":"<p><img data-recalc-dims=\"1\" loading=\"lazy\" decoding=\"async\" data-attachment-id=\"19669\" data-permalink=\"http:\/\/blogdalucianaoliveira.com.br\/blog\/2018\/11\/30\/inauguracao-da-casa-de-direitos-do-projeto-pana-em-porto-velho\/b83839cb-a6be-4cb1-9f66-267b1ce1d173\/\" data-orig-file=\"https:\/\/i0.wp.com\/blogdalucianaoliveira.com.br\/blog\/wp-content\/uploads\/2018\/11\/B83839CB-A6BE-4CB1-9F66-267B1CE1D173.jpeg?fit=515%2C386\" data-orig-size=\"515,386\" data-comments-opened=\"0\" data-image-meta=\"{&quot;aperture&quot;:&quot;0&quot;,&quot;credit&quot;:&quot;&quot;,&quot;camera&quot;:&quot;&quot;,&quot;caption&quot;:&quot;&quot;,&quot;created_timestamp&quot;:&quot;0&quot;,&quot;copyright&quot;:&quot;&quot;,&quot;focal_length&quot;:&quot;0&quot;,&quot;iso&quot;:&quot;0&quot;,&quot;shutter_speed&quot;:&quot;0&quot;,&quot;title&quot;:&quot;&quot;,&quot;orientation&quot;:&quot;0&quot;}\" data-image-title=\"B83839CB-A6BE-4CB1-9F66-267B1CE1D173\" data-image-description=\"\" data-image-caption=\"\" data-medium-file=\"https:\/\/i0.wp.com\/blogdalucianaoliveira.com.br\/blog\/wp-content\/uploads\/2018\/11\/B83839CB-A6BE-4CB1-9F66-267B1CE1D173.jpeg?fit=300%2C225\" data-large-file=\"https:\/\/i0.wp.com\/blogdalucianaoliveira.com.br\/blog\/wp-content\/uploads\/2018\/11\/B83839CB-A6BE-4CB1-9F66-267B1CE1D173.jpeg?fit=515%2C386\" src=\"https:\/\/i0.wp.com\/blogdalucianaoliveira.com.br\/blog\/wp-content\/uploads\/2018\/11\/B83839CB-A6BE-4CB1-9F66-267B1CE1D173.jpeg?resize=515%2C386\" alt=\"B83839CB-A6BE-4CB1-9F66-267B1CE1D173\" width=\"515\" height=\"386\" class=\"alignnone size-full wp-image-19669\" srcset=\"https:\/\/i0.wp.com\/blogdalucianaoliveira.com.br\/blog\/wp-content\/uploads\/2018\/11\/B83839CB-A6BE-4CB1-9F66-267B1CE1D173.jpeg?w=515 515w, https:\/\/i0.wp.com\/blogdalucianaoliveira.com.br\/blog\/wp-content\/uploads\/2018\/11\/B83839CB-A6BE-4CB1-9F66-267B1CE1D173.jpeg?resize=300%2C225 300w, https:\/\/i0.wp.com\/blogdalucianaoliveira.com.br\/blog\/wp-content\/uploads\/2018\/11\/B83839CB-A6BE-4CB1-9F66-267B1CE1D173.jpeg?resize=400%2C300 400w\" sizes=\"auto, (max-width: 515px) 100vw, 515px\" \/><\/p>\n<p>Nesta quinta-feira (19) foi inaugurada em Porto Velho, a Casa de Direitos do Projeto Pana. Porto Velho \u00e9 uma das capitais que recebem os migrantes atrav\u00e9s do programa Pana, al\u00e9m de Boa Vista, Recife, S\u00e3o Paulo, Curitiba, Florian\u00f3polis e Bras\u00edlia.  <!--more--><\/p>\n<p>A Casa de Direitos \u00e9 a sede das do programa Pana, espa\u00e7o voltado para dar apoio e favorecer a integra\u00e7\u00e3o de migrantes e refugiados nas cidades envolvidas, \u00e9 um espa\u00e7o aberto que propicia o acolhimento, atendimento jur\u00eddico, acompanhamento psicossocial e capacita\u00e7\u00f5es. \u00c9 na Casa de Direitos que trabalhar\u00e1 a equipe t\u00e9cnica que ajuda a desenvolver o projeto com os migrantes.<br \/>\nNa primeira semana de dezembro chegar\u00e3o a Porto Velho aproximadamente 100 migrantes venezuelanos, que ser\u00e3o distribu\u00eddos nas resid\u00eancias lares.<\/p>\n<p>Iara Davy, coordenadora do Programa Pana, agradece a participa\u00e7\u00e3o das comunidades que ajudaram com as doa\u00e7\u00f5es e participa\u00e7\u00e3o para que o projeto seja sucesso para as pessoas que necessitam.<br \/>\nA jovem Vanessa P. \u00e9 venezuelana e est\u00e1 em Porto Velho com sua fam\u00edlia h\u00e1 06 meses por migra\u00e7\u00e3o de livre demanda, e diz que teve uma acolhida muito boa e procura um melhor futuro. Aprendeu o portugu\u00eas rapidamente com seu trabalho com as crian\u00e7as e no momento procura d\u00e1 continuidade nos seus estudos.<\/p>\n<p>Estavam presentes na inaugura\u00e7\u00e3o: Claudinaldo Rocha, secret\u00e1rio municipal de assist\u00eancia social e da fam\u00edlia, Marcela, representante do secretariado da C\u00e1ritas brasileira e todos os demais da equipe t\u00e9cnica do projeto e volunt\u00e1rios da C\u00e1ritas Rond\u00f4nia.<\/p>\n<p> Na ocasi\u00e3o, dom Roque diz que a atua\u00e7\u00e3o da Igreja n\u00e3o \u00e9 para tirar a responsabilidade do Estado, mas sim unir for\u00e7as como sinal de comunh\u00e3o e disponibilidade para os migrantes, refugiados e todos os pobres.<\/p>\n<p>Fonte: PASCOM Arquidiocese de Porto Velho<\/p>\n","protected":false},"excerpt":{"rendered":"<p>Nesta quinta-feira (19) foi inaugurada em Porto Velho, a Casa de Direitos do Projeto Pana. Porto Velho \u00e9 uma das capitais que recebem os migrantes atrav\u00e9s do programa Pana, al\u00e9m de Boa Vista, Recife, S\u00e3o Paulo, Curitiba, Florian\u00f3polis e Bras\u00edlia.<\/p>\n","protected":false},"author":1,"featured_media":0,"comment_status":"closed","ping_status":"open","sticky":false,"template":"","format":"standard","meta":{"_exactmetrics_skip_tracking":false,"_exactmetrics_sitenote_active":false,"_exactmetrics_sitenote_note":"","_exactmetrics_sitenote_category":0,"jetpack_post_was_ever_published":false,"_jetpack_newsletter_access":"","_jetpack_dont_email_post_to_subs":false,"_jetpack_newsletter_tier_id":0,"_jetpack_memberships_contains_paywalled_content":false,"_jetpack_memberships_contains_paid_content":false,"footnotes":"","jetpack_publicize_message":"","jetpack_publicize_feature_enabled":true,"jetpack_social_post_already_shared":true,"jetpack_social_options":{"image_generator_settings":{"template":"highway","enabled":false},"version":2}},"categories":[1],"tags":[],"class_list":["post-19668","post","type-post","status-publish","format-standard","hentry","category-notas"],"jetpack_publicize_connections":[],"jetpack_sharing_enabled":true,"jetpack_featured_media_url":"","jetpack_shortlink":"https:\/\/wp.me\/p7wKYW-57e","jetpack-related-posts":[],"_links":{"self":[{"href":"http:\/\/blogdalucianaoliveira.com.br\/blog\/wp-json\/wp\/v2\/posts\/19668","targetHints":{"allow":["GET"]}}],"collection":[{"href":"http:\/\/blogdalucianaoliveira.com.br\/blog\/wp-json\/wp\/v2\/posts"}],"about":[{"href":"http:\/\/blogdalucianaoliveira.com.br\/blog\/wp-json\/wp\/v2\/types\/post"}],"author":[{"embeddable":true,"href":"http:\/\/blogdalucianaoliveira.com.br\/blog\/wp-json\/wp\/v2\/users\/1"}],"replies":[{"embeddable":true,"href":"http:\/\/blogdalucianaoliveira.com.br\/blog\/wp-json\/wp\/v2\/comments?post=19668"}],"version-history":[{"count":1,"href":"http:\/\/blogdalucianaoliveira.com.br\/blog\/wp-json\/wp\/v2\/posts\/19668\/revisions"}],"predecessor-version":[{"id":19670,"href":"http:\/\/blogdalucianaoliveira.com.br\/blog\/wp-json\/wp\/v2\/posts\/19668\/revisions\/19670"}],"wp:attachment":[{"href":"http:\/\/blogdalucianaoliveira.com.br\/blog\/wp-json\/wp\/v2\/media?parent=19668"}],"wp:term":[{"taxonomy":"category","embeddable":true,"href":"http:\/\/blogdalucianaoliveira.com.br\/blog\/wp-json\/wp\/v2\/categories?post=19668"},{"taxonomy":"post_tag","embeddable":true,"href":"http:\/\/blogdalucianaoliveira.com.br\/blog\/wp-json\/wp\/v2\/tags?post=19668"}],"curies":[{"name":"wp","href":"https:\/\/api.w.org\/{rel}","templated":true}]}}