{"id":19674,"date":"2018-12-01T20:18:50","date_gmt":"2018-12-02T00:18:50","guid":{"rendered":"http:\/\/blogdalucianaoliveira.com.br\/blog\/?p=19674"},"modified":"2018-12-01T20:18:50","modified_gmt":"2018-12-02T00:18:50","slug":"politica-brasileira-de-tratamento-e-combate-a-hivaids-esta-em-risco-com-novo-governo","status":"publish","type":"post","link":"http:\/\/blogdalucianaoliveira.com.br\/blog\/2018\/12\/01\/politica-brasileira-de-tratamento-e-combate-a-hivaids-esta-em-risco-com-novo-governo\/","title":{"rendered":"Pol\u00edtica brasileira de tratamento e combate a Hiv\/Aids est\u00e1 em risco com novo governo"},"content":{"rendered":"<p><img data-recalc-dims=\"1\" loading=\"lazy\" decoding=\"async\" data-attachment-id=\"19675\" data-permalink=\"http:\/\/blogdalucianaoliveira.com.br\/blog\/2018\/12\/01\/politica-brasileira-de-tratamento-e-combate-a-hivaids-esta-em-risco-com-novo-governo\/60047b58-294d-4bf2-a8eb-480e004e843d\/\" data-orig-file=\"https:\/\/i0.wp.com\/blogdalucianaoliveira.com.br\/blog\/wp-content\/uploads\/2018\/12\/60047B58-294D-4BF2-A8EB-480E004E843D.jpeg?fit=640%2C427\" data-orig-size=\"640,427\" data-comments-opened=\"0\" data-image-meta=\"{&quot;aperture&quot;:&quot;0&quot;,&quot;credit&quot;:&quot;&quot;,&quot;camera&quot;:&quot;&quot;,&quot;caption&quot;:&quot;&quot;,&quot;created_timestamp&quot;:&quot;0&quot;,&quot;copyright&quot;:&quot;&quot;,&quot;focal_length&quot;:&quot;0&quot;,&quot;iso&quot;:&quot;0&quot;,&quot;shutter_speed&quot;:&quot;0&quot;,&quot;title&quot;:&quot;&quot;,&quot;orientation&quot;:&quot;0&quot;}\" data-image-title=\"60047B58-294D-4BF2-A8EB-480E004E843D\" data-image-description=\"\" data-image-caption=\"\" data-medium-file=\"https:\/\/i0.wp.com\/blogdalucianaoliveira.com.br\/blog\/wp-content\/uploads\/2018\/12\/60047B58-294D-4BF2-A8EB-480E004E843D.jpeg?fit=300%2C200\" data-large-file=\"https:\/\/i0.wp.com\/blogdalucianaoliveira.com.br\/blog\/wp-content\/uploads\/2018\/12\/60047B58-294D-4BF2-A8EB-480E004E843D.jpeg?fit=600%2C400\" src=\"https:\/\/i0.wp.com\/blogdalucianaoliveira.com.br\/blog\/wp-content\/uploads\/2018\/12\/60047B58-294D-4BF2-A8EB-480E004E843D.jpeg?resize=600%2C400\" alt=\"60047B58-294D-4BF2-A8EB-480E004E843D\" width=\"600\" height=\"400\" class=\"alignnone size-full wp-image-19675\" srcset=\"https:\/\/i0.wp.com\/blogdalucianaoliveira.com.br\/blog\/wp-content\/uploads\/2018\/12\/60047B58-294D-4BF2-A8EB-480E004E843D.jpeg?w=640 640w, https:\/\/i0.wp.com\/blogdalucianaoliveira.com.br\/blog\/wp-content\/uploads\/2018\/12\/60047B58-294D-4BF2-A8EB-480E004E843D.jpeg?resize=300%2C200 300w, https:\/\/i0.wp.com\/blogdalucianaoliveira.com.br\/blog\/wp-content\/uploads\/2018\/12\/60047B58-294D-4BF2-A8EB-480E004E843D.jpeg?resize=450%2C300 450w\" sizes=\"auto, (max-width: 600px) 100vw, 600px\" \/><\/p>\n<p>Doen\u00e7a ainda atinge n\u00fameros preocupantes e cortes na \u00e1rea podem piorar os n\u00fameros de casos<!--more--><\/p>\n<p>Luciana Console<br \/>\nBrasil de Fato | S\u00e3o Paulo (SP)<\/p>\n<p>O Brasil completa 30 anos de luta contra o HIV no dia primeiro de dezembro com o pa\u00eds sendo refer\u00eancia mundial no tratamento da doen\u00e7a.De acordo com o Boletim Epidemiol\u00f3gico de 2018, em 2012, a taxa de detec\u00e7\u00e3o de aids era de 21,7 casos por cada 100 mil habitantes e em 2017 o n\u00famero caiu para 18,3.Tamb\u00e9m houve queda de 16,5% na taxa de mortalidade pela doen\u00e7a entre 2014 e 2017. O resultado se deve, principalmente, ao fato de o Brasil ter sido um dos primeiros pa\u00edses a incorporar a medica\u00e7\u00e3o desde que foram descobertos os chamados medicamentos antirretrovirais, em 1995. \u00c9 o que conta o m\u00e9dico infectologista Gerson Salvador.<\/p>\n<p>&#8220;Um ano ap\u00f3s a divulga\u00e7\u00e3o, a terapia antiviral combinada de alta pot\u00eancia j\u00e1 estava dispon\u00edvel no SUS. Isso \u00e9 absolutamente incomum. O Brasil foi, de fato, um pa\u00eds pioneiro na oferta de tratamento com antirretrovirais para quem vive com HIV e Aids&#8221;.<\/p>\n<p>No entanto, o congelamento de investimentos na sa\u00fade com a PEC 95 coloca em xeque um dos programas de combate a AIDS mais eficazes do mundo. O vice-presidente da Associa\u00e7\u00e3o Brasileira Interdisciplinar de AIDS (ABIA), Veriano Terto, explica que a excelente atua\u00e7\u00e3o brasileira no combate \u00e0 AIDS se deve, principalmente, \u00e0 exist\u00eancia de um sistema de sa\u00fade p\u00fablico e \u00fanico no Brasil. Ele afirma que o programa de distribui\u00e7\u00e3o de medicamentos s\u00f3 foi poss\u00edvel por conta do princ\u00edpio de universalidade e equidade no qual o SUS se baseia. <\/p>\n<p>Ele aponta ainda que os cortes em \u00e1reas como educa\u00e7\u00e3o e pesquisa s\u00e3o preocupantes e podem inviabilizar a resposta brasileira no combate ao v\u00edrus HIV. \u201cA gente precisa estar incorporando inova\u00e7\u00e3o, ou seja, precisamos n\u00e3o s\u00f3 manter as compras de medicamentos como precisamos incorporar novos medicamentos para conseguir sustentar essa resposta\u201d. <\/p>\n<p>A AIDS ainda n\u00e3o tem cura, mas o tratamento disponibilizado pelo SUS ajuda a diminuir a carga viral do HIV no sangue. Salvador, que tamb\u00e9m faz parte do Sindicado dos M\u00e9dicos de S\u00e3o Paulo, conta que no surgimento da AIDS, na d\u00e9cada de 80, o \u00edndice de letalidade era de 100%. O m\u00e9dico ainda explica que com o tratamento brasileiro o material gen\u00e9tico do HIV fica t\u00e3o pouco no sangue que algumas pessoas chegam a n\u00e3o transmitir mais a doen\u00e7a. Ou seja, tratar o soropositivo tamb\u00e9m \u00e9 uma forma de prevenir que a AIDS se espalhe. <\/p>\n<p>Neste sentido, as declara\u00e7\u00f5es de Bolsonaro que indicam que o SUS n\u00e3o deveria se responsabilizar pelo tratamento da AIDS, tratando de forma pejorativa quem \u00e9 infectado pela doen\u00e7a, preocupam o m\u00e9dico. O Ministro da Sa\u00fade indicado pelo futuro presidente tamb\u00e9m fez declara\u00e7\u00f5es pol\u00eamicas e causou apreens\u00e3o entre soropositivos, especialistas e ativistas da \u00e1rea. A Comiss\u00e3o Nacional das Infec\u00e7\u00f5es Sexualmente Transmiss\u00edveis, do HIV\/Aids e das Hepatites Virais (CNAIDS) lan\u00e7ou um manifesto no \u00faltimo dia 16. <\/p>\n<p>Para Terto, que tamb\u00e9m \u00e9 doutor em Sa\u00fade Coletiva, o contexto e os discursos conservadores do novo governo significam retrocessos e obst\u00e1culos imensos no tratamento e combate a AIDS no Brasil.<\/p>\n<p>&#8220;A gente enfrenta prevenindo, com informa\u00e7\u00e3o cient\u00edfica, com informa\u00e7\u00e3o adequada e com posi\u00e7\u00f5es de solidariedade com essas popula\u00e7\u00f5es, n\u00e3o \u00e9 condenando. Afinal, a sexualidade \u00e9 condenada por religi\u00f5es h\u00e1 mais de 2 mil anos e nem por isso as pessoas deixam de transar e ter uma vida sexual&#8221;. <\/p>\n<p>Ele ainda ressalta que apesar da resposta brasileira \u00e0 AIDS ser refer\u00eancia mundial, os casos ainda s\u00e3o altos, principalmente, entre a popula\u00e7\u00e3o jovem. A doen\u00e7a precisa precisa ser enfrentada com dados, medicamentos, preven\u00e7\u00e3o e principalmente informa\u00e7\u00e3o. <\/p>\n<p>Edi\u00e7\u00e3o: Tayguara Ribeiro<\/p>\n","protected":false},"excerpt":{"rendered":"<p>Doen\u00e7a ainda atinge n\u00fameros preocupantes e cortes na \u00e1rea podem piorar os n\u00fameros de casos<\/p>\n","protected":false},"author":1,"featured_media":0,"comment_status":"closed","ping_status":"open","sticky":false,"template":"","format":"standard","meta":{"_exactmetrics_skip_tracking":false,"_exactmetrics_sitenote_active":false,"_exactmetrics_sitenote_note":"","_exactmetrics_sitenote_category":0,"jetpack_post_was_ever_published":false,"_jetpack_newsletter_access":"","_jetpack_dont_email_post_to_subs":false,"_jetpack_newsletter_tier_id":0,"_jetpack_memberships_contains_paywalled_content":false,"_jetpack_memberships_contains_paid_content":false,"footnotes":"","jetpack_publicize_message":"","jetpack_publicize_feature_enabled":true,"jetpack_social_post_already_shared":true,"jetpack_social_options":{"image_generator_settings":{"template":"highway","enabled":false},"version":2}},"categories":[1],"tags":[],"class_list":["post-19674","post","type-post","status-publish","format-standard","hentry","category-notas"],"jetpack_publicize_connections":[],"jetpack_sharing_enabled":true,"jetpack_featured_media_url":"","jetpack_shortlink":"https:\/\/wp.me\/p7wKYW-57k","jetpack-related-posts":[],"_links":{"self":[{"href":"http:\/\/blogdalucianaoliveira.com.br\/blog\/wp-json\/wp\/v2\/posts\/19674","targetHints":{"allow":["GET"]}}],"collection":[{"href":"http:\/\/blogdalucianaoliveira.com.br\/blog\/wp-json\/wp\/v2\/posts"}],"about":[{"href":"http:\/\/blogdalucianaoliveira.com.br\/blog\/wp-json\/wp\/v2\/types\/post"}],"author":[{"embeddable":true,"href":"http:\/\/blogdalucianaoliveira.com.br\/blog\/wp-json\/wp\/v2\/users\/1"}],"replies":[{"embeddable":true,"href":"http:\/\/blogdalucianaoliveira.com.br\/blog\/wp-json\/wp\/v2\/comments?post=19674"}],"version-history":[{"count":1,"href":"http:\/\/blogdalucianaoliveira.com.br\/blog\/wp-json\/wp\/v2\/posts\/19674\/revisions"}],"predecessor-version":[{"id":19676,"href":"http:\/\/blogdalucianaoliveira.com.br\/blog\/wp-json\/wp\/v2\/posts\/19674\/revisions\/19676"}],"wp:attachment":[{"href":"http:\/\/blogdalucianaoliveira.com.br\/blog\/wp-json\/wp\/v2\/media?parent=19674"}],"wp:term":[{"taxonomy":"category","embeddable":true,"href":"http:\/\/blogdalucianaoliveira.com.br\/blog\/wp-json\/wp\/v2\/categories?post=19674"},{"taxonomy":"post_tag","embeddable":true,"href":"http:\/\/blogdalucianaoliveira.com.br\/blog\/wp-json\/wp\/v2\/tags?post=19674"}],"curies":[{"name":"wp","href":"https:\/\/api.w.org\/{rel}","templated":true}]}}