{"id":19682,"date":"2018-12-02T09:12:44","date_gmt":"2018-12-02T13:12:44","guid":{"rendered":"http:\/\/blogdalucianaoliveira.com.br\/blog\/?p=19682"},"modified":"2018-12-02T09:12:44","modified_gmt":"2018-12-02T13:12:44","slug":"brasil-torra-com-o-poder-judiciario-cerca-de-2-do-pib","status":"publish","type":"post","link":"http:\/\/blogdalucianaoliveira.com.br\/blog\/2018\/12\/02\/brasil-torra-com-o-poder-judiciario-cerca-de-2-do-pib\/","title":{"rendered":"Brasil torra com o Poder Judici\u00e1rio cerca de 2% do PIB"},"content":{"rendered":"<p><img data-recalc-dims=\"1\" loading=\"lazy\" decoding=\"async\" data-attachment-id=\"19683\" data-permalink=\"http:\/\/blogdalucianaoliveira.com.br\/blog\/2018\/12\/02\/brasil-torra-com-o-poder-judiciario-cerca-de-2-do-pib\/69bc3381-38c6-4d4b-9c6a-a734b109b362\/\" data-orig-file=\"https:\/\/i0.wp.com\/blogdalucianaoliveira.com.br\/blog\/wp-content\/uploads\/2018\/12\/69BC3381-38C6-4D4B-9C6A-A734B109B362.png?fit=756%2C420\" data-orig-size=\"756,420\" data-comments-opened=\"0\" data-image-meta=\"{&quot;aperture&quot;:&quot;0&quot;,&quot;credit&quot;:&quot;&quot;,&quot;camera&quot;:&quot;&quot;,&quot;caption&quot;:&quot;&quot;,&quot;created_timestamp&quot;:&quot;0&quot;,&quot;copyright&quot;:&quot;&quot;,&quot;focal_length&quot;:&quot;0&quot;,&quot;iso&quot;:&quot;0&quot;,&quot;shutter_speed&quot;:&quot;0&quot;,&quot;title&quot;:&quot;&quot;,&quot;orientation&quot;:&quot;0&quot;}\" data-image-title=\"69BC3381-38C6-4D4B-9C6A-A734B109B362\" data-image-description=\"\" data-image-caption=\"\" data-medium-file=\"https:\/\/i0.wp.com\/blogdalucianaoliveira.com.br\/blog\/wp-content\/uploads\/2018\/12\/69BC3381-38C6-4D4B-9C6A-A734B109B362.png?fit=300%2C167\" data-large-file=\"https:\/\/i0.wp.com\/blogdalucianaoliveira.com.br\/blog\/wp-content\/uploads\/2018\/12\/69BC3381-38C6-4D4B-9C6A-A734B109B362.png?fit=600%2C333\" src=\"https:\/\/i0.wp.com\/blogdalucianaoliveira.com.br\/blog\/wp-content\/uploads\/2018\/12\/69BC3381-38C6-4D4B-9C6A-A734B109B362.png?resize=600%2C333\" alt=\"69BC3381-38C6-4D4B-9C6A-A734B109B362\" width=\"600\" height=\"333\" class=\"alignnone size-full wp-image-19683\" srcset=\"https:\/\/i0.wp.com\/blogdalucianaoliveira.com.br\/blog\/wp-content\/uploads\/2018\/12\/69BC3381-38C6-4D4B-9C6A-A734B109B362.png?w=756 756w, https:\/\/i0.wp.com\/blogdalucianaoliveira.com.br\/blog\/wp-content\/uploads\/2018\/12\/69BC3381-38C6-4D4B-9C6A-A734B109B362.png?resize=300%2C167 300w, https:\/\/i0.wp.com\/blogdalucianaoliveira.com.br\/blog\/wp-content\/uploads\/2018\/12\/69BC3381-38C6-4D4B-9C6A-A734B109B362.png?resize=540%2C300 540w\" sizes=\"auto, (max-width: 600px) 100vw, 600px\" \/><\/p>\n<p>No Blog da Cidadania &#8211; O Judici\u00e1rio quadruplicou o gasto com pessoal em pouco mais de duas d\u00e9cadas, em termos reais \u2013 j\u00e1 descontada a varia\u00e7\u00e3o da infla\u00e7\u00e3o. Comparado com Executivo e Legislativo, foi o Poder que mais expandiu as despesas com a folha de pagamento de 1995 a 2017, \u00faltimo ano com dados consolidados. <!--more--><\/p>\n<p>Especialistas em administra\u00e7\u00e3o p\u00fablica ouvidos pelo Estado acreditam que essa tend\u00eancia deve se manter, j\u00e1 que o presidente Michel Temer sancionou na semana passada o reajuste de 16,38% para o Judici\u00e1rio e o Minist\u00e9rio P\u00fablico.<\/p>\n<p>Em 20 anos, o Pa\u00eds e a demanda por servi\u00e7os cresceram, e mais servidores foram contratados \u2013 parte deles para ocupar as vagas dos que se aposentaram. No caso do Judici\u00e1rio, contudo, houve um descompasso entre o crescimento do n\u00famero de funcion\u00e1rios e o dos gastos com pessoal. Em 2015, em compara\u00e7\u00e3o com 1995, a despesa com a folha salarial era 120% maior do que seria caso tivesse apenas acompanhado o aumento no n\u00famero de servidores.<\/p>\n<p>A compara\u00e7\u00e3o se d\u00e1 em termos reais, ou seja, os servidores tiveram ganhos acima da infla\u00e7\u00e3o no per\u00edodo. N\u00e3o foi poss\u00edvel fazer os c\u00e1lculos em rela\u00e7\u00e3o a 2017, porque o Boletim Estat\u00edstico Pessoal do Minist\u00e9rio do Planejamento, que detalhava o n\u00famero de servidores dos tr\u00eas Poderes, deixou de ser publicado.<\/p>\n<p>O Minist\u00e9rio P\u00fablico da Uni\u00e3o, que n\u00e3o tem status de Poder, apresenta a rela\u00e7\u00e3o mais estreita entre a expans\u00e3o de pessoal e o crescimento dos gastos com folha de pagamento. No final de 2015, gastava 28% a mais do que se somente bancasse as novas contrata\u00e7\u00f5es. Por\u00e9m, no hist\u00f3rico da evolu\u00e7\u00e3o de gastos com pessoal, o MP da Uni\u00e3o registrou aumento de despesas maior at\u00e9 do que o Judici\u00e1rio: mais de 347%, em termos reais, de 1995 a 2017.<\/p>\n<p>Na avalia\u00e7\u00e3o de estudiosos da administra\u00e7\u00e3o p\u00fablica, h\u00e1 dois motivos principais para explicar a maior expans\u00e3o dos gastos do Judici\u00e1rio: o crescimento da estrutura do Poder e a alta capacidade de press\u00e3o dos magistrados. O reajuste no contracheque dos ministros do Supremo Tribunal Federal (STF) foi negociado diretamente pelo presidente da Corte, Dias Toffoli.<\/p>\n<p>\u201cEssas (categorias \u2013 Judici\u00e1rio e MP) t\u00eam poder de press\u00e3o porque est\u00e3o pr\u00f3ximas \u00e0 tomada de decis\u00e3o\u201d, disse o professor da FGV S\u00e9rgio Luiz Moraes Pinto. Segundo ele, historicamente, os funcion\u00e1rios do Judici\u00e1rio e do Minist\u00e9rio P\u00fablico da Uni\u00e3o j\u00e1 recebem sal\u00e1rios mais altos.<\/p>\n<p>Conforme a edi\u00e7\u00e3o mais recente da publica\u00e7\u00e3o Justi\u00e7a em N\u00fameros, do Conselho Nacional de Justi\u00e7a (CNJ), com dados de 2016, a despesa m\u00e9dia do Judici\u00e1rio com magistrados \u00e9 de R$ 48,5 mil, e com servidores, de R$ 15,2 mil. Enquanto isso, no Executivo, a remunera\u00e7\u00e3o m\u00e9dia mensal \u00e9 de R$ 11,2 mil para ativos e R$ 9 mil para inativos, segundo o documento elaborado pelo Minist\u00e9rio do Planejamento para o governo de transi\u00e7\u00e3o do presidente eleito, Jair Bolsonaro.<\/p>\n<p>O documento do Planejamento atribui ainda o tamanho da despesa da Uni\u00e3o com pessoal ao que classifica como elevados rendimentos de servidores federais. \u201cOs altos n\u00edveis de gastos s\u00e3o impulsionados pelos altos sal\u00e1rios dos servidores p\u00fablicos, e n\u00e3o pelo n\u00famero excessivo de servidores. Isso se verifica principalmente na esfera federal, onde os sal\u00e1rios s\u00e3o significativamente mais altos que aqueles pagos a servidores dos governos subnacionais, ou a trabalhadores em fun\u00e7\u00f5es semelhantes no setor privado.\u201d<\/p>\n<p>Gil Castello Branco, da ONG Contas Abertas, v\u00ea dois problemas nesse cen\u00e1rio. O primeiro \u00e9 a disparidade entre sal\u00e1rios da Uni\u00e3o. \u201cDeveria haver uma harmonia maior entre os Poderes.\u201d O segundo \u00e9 a indexa\u00e7\u00e3o dos sal\u00e1rios ao teto constitucional. \u201cO problema n\u00e3o \u00e9 11 ministros da Corte Suprema receberem R$ 40 mil, o problema s\u00e3o as indexa\u00e7\u00f5es\u201d, disse, citando como exemplo o fato de um policial federal poder alcan\u00e7ar a mesma remunera\u00e7\u00e3o que recebem os integrantes da Corte.<\/p>\n<p>Entidades representativas de ju\u00edzes e procuradores federais atribuem a amplia\u00e7\u00e3o das despesas com pessoal nos \u00faltimos 20 anos a uma maior estrutura\u00e7\u00e3o das institui\u00e7\u00f5es que, diferentemente do Executivo, eram bem menores.<\/p>\n<p>Segundo o presidente da Associa\u00e7\u00e3o de Ju\u00edzes Federais do Brasil (Ajufe), Fernando Mendes, no per\u00edodo da redemocratiza\u00e7\u00e3o havia apenas cerca de 50 ju\u00edzes federais no Pa\u00eds. Hoje, conforme Mendes, s\u00e3o mais de 2 mil espalhados por capitais e pelo interior do Pa\u00eds.<\/p>\n<p>\u201cSe a Justi\u00e7a for vista como custo, realmente teve um aumento. Mas o aumento da estrutura tamb\u00e9m trouxe um lado positivo na arrecada\u00e7\u00e3o\u201d, disse.<\/p>\n<p>A m\u00e1quina p\u00fablica cresceu e, no caso do Judici\u00e1rio e do Minist\u00e9rio P\u00fablico da Uni\u00e3o, se estruturou melhor nas \u00faltimas d\u00e9cadas. At\u00e9 1995, haviam sido implantadas 23 unidades do MP Federal em munic\u00edpios e 33 nas capitais. O n\u00famero saltou para 221 munic\u00edpios ap\u00f3s a san\u00e7\u00e3o de legisla\u00e7\u00e3o de 1993 que definiu a organiza\u00e7\u00e3o, as atribui\u00e7\u00f5es e o estatuto do Minist\u00e9rio P\u00fablico da Uni\u00e3o. \u201cA institui\u00e7\u00e3o passou por um grande processo de interioriza\u00e7\u00e3o, com a constru\u00e7\u00e3o e instala\u00e7\u00e3o de procuradorias para atender a munic\u00edpios em todo Pa\u00eds\u201d, diz nota da Procuradoria-Geral da Rep\u00fablica.<\/p>\n<p>Em duas d\u00e9cadas, o n\u00famero de funcion\u00e1rios do MP da Uni\u00e3o aumentou 217%. Foi, de longe, o setor que mais cresceu proporcionalmente. O Judici\u00e1rio, que fica na segunda coloca\u00e7\u00e3o, aparece bem abaixo, com expans\u00e3o de 67%.<\/p>\n<p>Para Jos\u00e9 Robalinho, presidente da Associa\u00e7\u00e3o Nacional de Procuradores da Rep\u00fablica (ANPR), h\u00e1 um n\u00famero maior de carreiras qualificadas no MPU e no Judici\u00e1rio. \u201cO Executivo \u00e9 muito maior, voc\u00ea mistura as carreiras de elite com n\u00edvel m\u00e9dio, a\u00ed a m\u00e9dia \u00e9 menor\u201d, disse. \u201cTenho certeza que, se voc\u00ea olhar as carreiras-chave deles, Tesouro, Receita, AGU, e falo isso com tranquilidade, tenho certeza que tiveram reajustes maiores que a magistratura e o MP.\u201d<\/p>\n<p>Do Estad\u00e3o<\/p>\n","protected":false},"excerpt":{"rendered":"<p>No Blog da Cidadania &#8211; O Judici\u00e1rio quadruplicou o gasto com pessoal em pouco mais de duas d\u00e9cadas, em termos reais \u2013 j\u00e1 descontada a varia\u00e7\u00e3o da infla\u00e7\u00e3o. Comparado com Executivo e Legislativo, foi o Poder que mais expandiu as despesas com a folha de pagamento de 1995 a 2017, \u00faltimo ano com dados consolidados.<\/p>\n","protected":false},"author":1,"featured_media":0,"comment_status":"closed","ping_status":"open","sticky":false,"template":"","format":"standard","meta":{"_exactmetrics_skip_tracking":false,"_exactmetrics_sitenote_active":false,"_exactmetrics_sitenote_note":"","_exactmetrics_sitenote_category":0,"jetpack_post_was_ever_published":false,"_jetpack_newsletter_access":"","_jetpack_dont_email_post_to_subs":false,"_jetpack_newsletter_tier_id":0,"_jetpack_memberships_contains_paywalled_content":false,"_jetpack_memberships_contains_paid_content":false,"footnotes":"","jetpack_publicize_message":"","jetpack_publicize_feature_enabled":true,"jetpack_social_post_already_shared":true,"jetpack_social_options":{"image_generator_settings":{"template":"highway","enabled":false},"version":2}},"categories":[1],"tags":[],"class_list":["post-19682","post","type-post","status-publish","format-standard","hentry","category-notas"],"jetpack_publicize_connections":[],"jetpack_sharing_enabled":true,"jetpack_featured_media_url":"","jetpack_shortlink":"https:\/\/wp.me\/p7wKYW-57s","jetpack-related-posts":[],"_links":{"self":[{"href":"http:\/\/blogdalucianaoliveira.com.br\/blog\/wp-json\/wp\/v2\/posts\/19682","targetHints":{"allow":["GET"]}}],"collection":[{"href":"http:\/\/blogdalucianaoliveira.com.br\/blog\/wp-json\/wp\/v2\/posts"}],"about":[{"href":"http:\/\/blogdalucianaoliveira.com.br\/blog\/wp-json\/wp\/v2\/types\/post"}],"author":[{"embeddable":true,"href":"http:\/\/blogdalucianaoliveira.com.br\/blog\/wp-json\/wp\/v2\/users\/1"}],"replies":[{"embeddable":true,"href":"http:\/\/blogdalucianaoliveira.com.br\/blog\/wp-json\/wp\/v2\/comments?post=19682"}],"version-history":[{"count":1,"href":"http:\/\/blogdalucianaoliveira.com.br\/blog\/wp-json\/wp\/v2\/posts\/19682\/revisions"}],"predecessor-version":[{"id":19684,"href":"http:\/\/blogdalucianaoliveira.com.br\/blog\/wp-json\/wp\/v2\/posts\/19682\/revisions\/19684"}],"wp:attachment":[{"href":"http:\/\/blogdalucianaoliveira.com.br\/blog\/wp-json\/wp\/v2\/media?parent=19682"}],"wp:term":[{"taxonomy":"category","embeddable":true,"href":"http:\/\/blogdalucianaoliveira.com.br\/blog\/wp-json\/wp\/v2\/categories?post=19682"},{"taxonomy":"post_tag","embeddable":true,"href":"http:\/\/blogdalucianaoliveira.com.br\/blog\/wp-json\/wp\/v2\/tags?post=19682"}],"curies":[{"name":"wp","href":"https:\/\/api.w.org\/{rel}","templated":true}]}}