{"id":19685,"date":"2018-12-02T09:24:36","date_gmt":"2018-12-02T13:24:36","guid":{"rendered":"http:\/\/blogdalucianaoliveira.com.br\/blog\/?p=19685"},"modified":"2018-12-02T09:25:23","modified_gmt":"2018-12-02T13:25:23","slug":"laerte-com-a-alma-nua-na-frente-do-espelho","status":"publish","type":"post","link":"http:\/\/blogdalucianaoliveira.com.br\/blog\/2018\/12\/02\/laerte-com-a-alma-nua-na-frente-do-espelho\/","title":{"rendered":"Laerte com a alma nua na frente do espelho"},"content":{"rendered":"<p><img data-recalc-dims=\"1\" loading=\"lazy\" decoding=\"async\" data-attachment-id=\"19686\" data-permalink=\"http:\/\/blogdalucianaoliveira.com.br\/blog\/2018\/12\/02\/laerte-com-a-alma-nua-na-frente-do-espelho\/7c0dcdc3-79db-4dac-b495-a15ed5ecf93b\/\" data-orig-file=\"https:\/\/i0.wp.com\/blogdalucianaoliveira.com.br\/blog\/wp-content\/uploads\/2018\/12\/7C0DCDC3-79DB-4DAC-B495-A15ED5ECF93B.jpeg?fit=980%2C652\" data-orig-size=\"980,652\" data-comments-opened=\"0\" data-image-meta=\"{&quot;aperture&quot;:&quot;0&quot;,&quot;credit&quot;:&quot;&quot;,&quot;camera&quot;:&quot;&quot;,&quot;caption&quot;:&quot;&quot;,&quot;created_timestamp&quot;:&quot;0&quot;,&quot;copyright&quot;:&quot;&quot;,&quot;focal_length&quot;:&quot;0&quot;,&quot;iso&quot;:&quot;0&quot;,&quot;shutter_speed&quot;:&quot;0&quot;,&quot;title&quot;:&quot;&quot;,&quot;orientation&quot;:&quot;0&quot;}\" data-image-title=\"7C0DCDC3-79DB-4DAC-B495-A15ED5ECF93B\" data-image-description=\"\" data-image-caption=\"\" data-medium-file=\"https:\/\/i0.wp.com\/blogdalucianaoliveira.com.br\/blog\/wp-content\/uploads\/2018\/12\/7C0DCDC3-79DB-4DAC-B495-A15ED5ECF93B.jpeg?fit=300%2C200\" data-large-file=\"https:\/\/i0.wp.com\/blogdalucianaoliveira.com.br\/blog\/wp-content\/uploads\/2018\/12\/7C0DCDC3-79DB-4DAC-B495-A15ED5ECF93B.jpeg?fit=600%2C399\" class=\"alignnone size-full wp-image-19686 alignleft\" src=\"https:\/\/i0.wp.com\/blogdalucianaoliveira.com.br\/blog\/wp-content\/uploads\/2018\/12\/7C0DCDC3-79DB-4DAC-B495-A15ED5ECF93B.jpeg?resize=600%2C399\" alt=\"7C0DCDC3-79DB-4DAC-B495-A15ED5ECF93B\" width=\"600\" height=\"399\" srcset=\"https:\/\/i0.wp.com\/blogdalucianaoliveira.com.br\/blog\/wp-content\/uploads\/2018\/12\/7C0DCDC3-79DB-4DAC-B495-A15ED5ECF93B.jpeg?w=980 980w, https:\/\/i0.wp.com\/blogdalucianaoliveira.com.br\/blog\/wp-content\/uploads\/2018\/12\/7C0DCDC3-79DB-4DAC-B495-A15ED5ECF93B.jpeg?resize=300%2C200 300w, https:\/\/i0.wp.com\/blogdalucianaoliveira.com.br\/blog\/wp-content\/uploads\/2018\/12\/7C0DCDC3-79DB-4DAC-B495-A15ED5ECF93B.jpeg?resize=768%2C511 768w, https:\/\/i0.wp.com\/blogdalucianaoliveira.com.br\/blog\/wp-content\/uploads\/2018\/12\/7C0DCDC3-79DB-4DAC-B495-A15ED5ECF93B.jpeg?resize=451%2C300 451w\" sizes=\"auto, (max-width: 600px) 100vw, 600px\" \/><\/p>\n<p>Ensaio fotogr\u00e1fico de Rafael Roncato revela o corpo de uma mulher trans despida, numa mostra mergulhada em sensibilidade e tintas.<!--more--><\/p>\n<p>Por BE\u00c1 LIMA<\/p>\n<div id=\"articulo-galeria\" class=\"articulo-galeria\">\n<div class=\"articulo-galeria__interior\">\n<div class=\"articulo-galeria-listado\">\n<ul id=\"contenedor_fotos\" class=\"contenedor_fotos\">\n<li id=\"id_gal_pasa_1\">\n<figure class=\"foto foto_w980\"><span class=\"fondo_img\"><img data-recalc-dims=\"1\" loading=\"lazy\" decoding=\"async\" id=\"foto_gal_1\" class=\"horizontal\" src=\"https:\/\/i0.wp.com\/ep00.epimg.net\/brasil\/imagenes\/2018\/11\/29\/album\/1543519740_527768_1543521756_album_normal.jpg?resize=600%2C399&#038;ssl=1\" alt=\"Ap\u00f3s passar por Porto Alegre, a exposi\u00e7\u00e3o Ad\u00e1gio, ganhou uma nova releitura, que segundo o fot\u00f3grafo, est\u00e1 mais sensorial. Esta \u00e9 a terceira vez que as imagens s\u00e3o expostas no pa\u00eds. Para a mostra, uma imagem de quase quatro metros junta-se a outras sete fotografias apresentadas no ano passado durante a II Mostra Diversa, do Museu da Diversidade Sexual. \" width=\"600\" height=\"399\" \/><\/span><figcaption class=\"foto-pie\"><span class=\"foto-numero\">1<\/span><\/figcaption><figcaption class=\"foto-pie\"><span class=\"foto-texto\">Ap\u00f3s passar por Porto Alegre, a exposi\u00e7\u00e3o Ad\u00e1gio, ganhou uma nova releitura, que segundo o fot\u00f3grafo, est\u00e1 mais sensorial. Esta \u00e9 a terceira vez que as imagens s\u00e3o expostas no pa\u00eds. Para a mostra, uma imagem de quase quatro metros junta-se a outras sete fotografias apresentadas no ano passado durante a II Mostra Diversa, do Museu da Diversidade Sexual. <\/span><span class=\"foto-firma\"><span class=\"foto-autor\">RAFAEL RONCATO <\/span><\/span><\/figcaption><\/figure>\n<\/li>\n<li id=\"id_gal_pasa_2\">\n<figure class=\"foto foto_w980\"><span class=\"fondo_img\"><img data-recalc-dims=\"1\" loading=\"lazy\" decoding=\"async\" id=\"foto_gal_2\" class=\"horizontal\" src=\"https:\/\/i0.wp.com\/ep00.epimg.net\/brasil\/imagenes\/2018\/11\/29\/album\/1543519740_527768_1543521757_album_normal.jpg?resize=600%2C399&#038;ssl=1\" alt=\"Em Ad\u00e1gio, Laerte mistura seu corpo \u00e0s tintas, compondo, revelando e mascarando sua face, tornando-se personagem de sua pr\u00f3pria obra, um processo de transforma\u00e7\u00e3o de vida e obra. \" width=\"600\" height=\"399\" \/><\/span><figcaption class=\"foto-pie\"><span class=\"foto-numero\">2<\/span><\/figcaption><figcaption class=\"foto-pie\"><span class=\"foto-texto\">Em Ad\u00e1gio, Laerte mistura seu corpo \u00e0s tintas, compondo, revelando e mascarando sua face, tornando-se personagem de sua pr\u00f3pria obra, um processo de transforma\u00e7\u00e3o de vida e obra. <\/span><span class=\"foto-firma\"><span class=\"foto-autor\">RAFAEL RONCATO <\/span><\/span><\/figcaption><\/figure>\n<\/li>\n<li id=\"id_gal_pasa_3\">\n<figure class=\"foto foto_w980\"><span class=\"fondo_img\"><img data-recalc-dims=\"1\" loading=\"lazy\" decoding=\"async\" id=\"foto_gal_3\" class=\"horizontal\" src=\"https:\/\/i0.wp.com\/ep00.epimg.net\/brasil\/imagenes\/2018\/11\/29\/album\/1543519740_527768_1543521758_album_normal.jpg?resize=600%2C454&#038;ssl=1\" alt=\"\u201cAs imagens emergem da provoca\u00e7\u00e3o em misturar o nu com as tintas, preta e branca, buscando uma rela\u00e7\u00e3o indissoci\u00e1vel entre a artista Laerte e seu ser. Hoje entendo o trabalho como uma colabora\u00e7\u00e3o, uma performance do nu na pele e na alma, na qual ela se doou cem por cento\u201d, diz o fot\u00f3grafo.\" width=\"600\" height=\"454\" \/><\/span><figcaption class=\"foto-pie\"><span class=\"foto-numero\">3<\/span><\/figcaption><figcaption class=\"foto-pie\"><span class=\"foto-texto\">\u201cAs imagens emergem da provoca\u00e7\u00e3o em misturar o nu com as tintas, preta e branca, buscando uma rela\u00e7\u00e3o indissoci\u00e1vel entre a artista Laerte e seu ser. Hoje entendo o trabalho como uma colabora\u00e7\u00e3o, uma performance do nu na pele e na alma, na qual ela se doou cem por cento\u201d, diz o fot\u00f3grafo.<\/span><span class=\"foto-firma\"><span class=\"foto-autor\">RAFAEL RONCATO<\/span><\/span><\/figcaption><\/figure>\n<ul id=\"contenedor_fotos\" class=\"contenedor_fotos\">\n<li id=\"id_gal_pasa_4\">\n<figure class=\"foto foto_w980\"><span class=\"fondo_img\"><img data-recalc-dims=\"1\" loading=\"lazy\" decoding=\"async\" id=\"foto_gal_4\" class=\"vertical\" src=\"https:\/\/i0.wp.com\/ep00.epimg.net\/brasil\/imagenes\/2018\/11\/29\/album\/1543519740_527768_1543521759_album_normal.jpg?resize=600%2C904&#038;ssl=1\" alt=\"&quot;O Rafael j\u00e1 tinha me fotografado num evento de quadrinhos, eu gostei das fotos e quando ele me prop\u00f4s para fazermos um ensaio eu pedi para que uma parte fosse sem roupas. Eu nunca tinha sido fotografada nua. \u00c9 diferente se ver no espelho e se ver pelo olhar do outro&quot;, conta a cartunista.\" width=\"600\" height=\"904\" \/><\/span><figcaption class=\"foto-pie\"><span class=\"foto-numero\">4<\/span><\/figcaption><figcaption class=\"foto-pie\"><span class=\"foto-texto\">&#8220;O Rafael j\u00e1 tinha me fotografado num evento de quadrinhos, eu gostei das fotos e quando ele me prop\u00f4s para fazermos um ensaio eu pedi para que uma parte fosse sem roupas. Eu nunca tinha sido fotografada nua. \u00c9 diferente se ver no espelho e se ver pelo olhar do outro&#8221;, conta a cartunista.<\/span><span class=\"foto-firma\"><span class=\"foto-autor\">RAFAEL RONCATO <\/span><\/span><\/figcaption><\/figure>\n<\/li>\n<li id=\"id_gal_pasa_5\">\n<figure class=\"foto foto_w980\"><span class=\"fondo_img\"><img data-recalc-dims=\"1\" loading=\"lazy\" decoding=\"async\" id=\"foto_gal_5\" class=\"vertical\" src=\"https:\/\/i0.wp.com\/ep00.epimg.net\/brasil\/imagenes\/2018\/11\/29\/album\/1543519740_527768_1543521760_album_normal.jpg?resize=600%2C903&#038;ssl=1\" alt=\"&quot;Eu sou desenhista ent\u00e3o o preto e branco remetem muito ao meu trabalho&quot;, disse a cartunista que selecionou as fotos do acervo de imagens dispon\u00edveis para utiliza\u00e7\u00e3o de Rafael Roncato.\" width=\"600\" height=\"903\" \/><\/span><figcaption class=\"foto-pie\"><span class=\"foto-numero\">5<\/span><\/figcaption><figcaption class=\"foto-pie\"><span class=\"foto-texto\">&#8220;Eu sou desenhista ent\u00e3o o preto e branco remetem muito ao meu trabalho&#8221;, disse a cartunista que selecionou as fotos do acervo de imagens dispon\u00edveis para utiliza\u00e7\u00e3o de Rafael Roncato.<\/span><span class=\"foto-firma\"><span class=\"foto-autor\">RAFAEL RONCATO <\/span><\/span><\/figcaption><\/figure>\n<\/li>\n<li id=\"id_gal_pasa_6\">\n<figure class=\"foto foto_w980\"><span class=\"fondo_img\"><img data-recalc-dims=\"1\" loading=\"lazy\" decoding=\"async\" id=\"foto_gal_6\" class=\"vertical\" src=\"https:\/\/i0.wp.com\/ep00.epimg.net\/brasil\/imagenes\/2018\/11\/29\/album\/1543519740_527768_1543521761_album_normal.jpg?resize=600%2C904&#038;ssl=1\" alt=\"Para a sess\u00e3o fotogr\u00e1fica Rafael conta que deixou o trabalho acontecer de maneira livre, levada pelos sentimentos e sensa\u00e7\u00f5es dessa esp\u00e9cie de performance.\" width=\"600\" height=\"904\" \/><\/span><figcaption class=\"foto-pie\"><span class=\"foto-numero\">6<\/span><\/figcaption><figcaption class=\"foto-pie\"><span class=\"foto-texto\">Para a sess\u00e3o fotogr\u00e1fica Rafael conta que deixou o trabalho acontecer de maneira livre, levada pelos sentimentos e sensa\u00e7\u00f5es dessa esp\u00e9cie de performance.<\/span><span class=\"foto-firma\"><span class=\"foto-autor\">RAFAEL RONCATO<\/span><\/span><\/figcaption><\/figure>\n<\/li>\n<\/ul>\n<\/li>\n<\/ul>\n<\/div>\n<\/div>\n<\/div>\n","protected":false},"excerpt":{"rendered":"<p>Ensaio fotogr\u00e1fico de Rafael Roncato revela o corpo de uma mulher trans despida, numa mostra mergulhada em sensibilidade e tintas.<\/p>\n","protected":false},"author":1,"featured_media":0,"comment_status":"closed","ping_status":"open","sticky":false,"template":"","format":"standard","meta":{"_exactmetrics_skip_tracking":false,"_exactmetrics_sitenote_active":false,"_exactmetrics_sitenote_note":"","_exactmetrics_sitenote_category":0,"jetpack_post_was_ever_published":false,"_jetpack_newsletter_access":"","_jetpack_dont_email_post_to_subs":false,"_jetpack_newsletter_tier_id":0,"_jetpack_memberships_contains_paywalled_content":false,"_jetpack_memberships_contains_paid_content":false,"footnotes":"","jetpack_publicize_message":"","jetpack_publicize_feature_enabled":true,"jetpack_social_post_already_shared":true,"jetpack_social_options":{"image_generator_settings":{"template":"highway","enabled":false},"version":2}},"categories":[1],"tags":[],"class_list":["post-19685","post","type-post","status-publish","format-standard","hentry","category-notas"],"jetpack_publicize_connections":[],"jetpack_sharing_enabled":true,"jetpack_featured_media_url":"","jetpack_shortlink":"https:\/\/wp.me\/p7wKYW-57v","jetpack-related-posts":[],"_links":{"self":[{"href":"http:\/\/blogdalucianaoliveira.com.br\/blog\/wp-json\/wp\/v2\/posts\/19685","targetHints":{"allow":["GET"]}}],"collection":[{"href":"http:\/\/blogdalucianaoliveira.com.br\/blog\/wp-json\/wp\/v2\/posts"}],"about":[{"href":"http:\/\/blogdalucianaoliveira.com.br\/blog\/wp-json\/wp\/v2\/types\/post"}],"author":[{"embeddable":true,"href":"http:\/\/blogdalucianaoliveira.com.br\/blog\/wp-json\/wp\/v2\/users\/1"}],"replies":[{"embeddable":true,"href":"http:\/\/blogdalucianaoliveira.com.br\/blog\/wp-json\/wp\/v2\/comments?post=19685"}],"version-history":[{"count":2,"href":"http:\/\/blogdalucianaoliveira.com.br\/blog\/wp-json\/wp\/v2\/posts\/19685\/revisions"}],"predecessor-version":[{"id":19688,"href":"http:\/\/blogdalucianaoliveira.com.br\/blog\/wp-json\/wp\/v2\/posts\/19685\/revisions\/19688"}],"wp:attachment":[{"href":"http:\/\/blogdalucianaoliveira.com.br\/blog\/wp-json\/wp\/v2\/media?parent=19685"}],"wp:term":[{"taxonomy":"category","embeddable":true,"href":"http:\/\/blogdalucianaoliveira.com.br\/blog\/wp-json\/wp\/v2\/categories?post=19685"},{"taxonomy":"post_tag","embeddable":true,"href":"http:\/\/blogdalucianaoliveira.com.br\/blog\/wp-json\/wp\/v2\/tags?post=19685"}],"curies":[{"name":"wp","href":"https:\/\/api.w.org\/{rel}","templated":true}]}}