{"id":19695,"date":"2018-12-03T09:33:57","date_gmt":"2018-12-03T13:33:57","guid":{"rendered":"http:\/\/blogdalucianaoliveira.com.br\/blog\/?p=19695"},"modified":"2018-12-03T09:34:27","modified_gmt":"2018-12-03T13:34:27","slug":"cimi-lancamento-do-relatorio-de-violencia-contra-os-povos-indigenas-do-brasil-dados-2017","status":"publish","type":"post","link":"http:\/\/blogdalucianaoliveira.com.br\/blog\/2018\/12\/03\/cimi-lancamento-do-relatorio-de-violencia-contra-os-povos-indigenas-do-brasil-dados-2017\/","title":{"rendered":"Cimi: Lan\u00e7amento do Relat\u00f3rio de Viol\u00eancia Contra os Povos Ind\u00edgenas do Brasil \u2013 Dados 2017"},"content":{"rendered":"<p><img data-recalc-dims=\"1\" loading=\"lazy\" decoding=\"async\" data-attachment-id=\"19696\" data-permalink=\"http:\/\/blogdalucianaoliveira.com.br\/blog\/2018\/12\/03\/cimi-lancamento-do-relatorio-de-violencia-contra-os-povos-indigenas-do-brasil-dados-2017\/90c43248-d120-4fe6-a8b5-42384fe8aeaa\/\" data-orig-file=\"https:\/\/i0.wp.com\/blogdalucianaoliveira.com.br\/blog\/wp-content\/uploads\/2018\/12\/90C43248-D120-4FE6-A8B5-42384FE8AEAA.jpeg?fit=569%2C386\" data-orig-size=\"569,386\" data-comments-opened=\"0\" data-image-meta=\"{&quot;aperture&quot;:&quot;0&quot;,&quot;credit&quot;:&quot;&quot;,&quot;camera&quot;:&quot;&quot;,&quot;caption&quot;:&quot;&quot;,&quot;created_timestamp&quot;:&quot;0&quot;,&quot;copyright&quot;:&quot;&quot;,&quot;focal_length&quot;:&quot;0&quot;,&quot;iso&quot;:&quot;0&quot;,&quot;shutter_speed&quot;:&quot;0&quot;,&quot;title&quot;:&quot;&quot;,&quot;orientation&quot;:&quot;0&quot;}\" data-image-title=\"90C43248-D120-4FE6-A8B5-42384FE8AEAA\" data-image-description=\"\" data-image-caption=\"\" data-medium-file=\"https:\/\/i0.wp.com\/blogdalucianaoliveira.com.br\/blog\/wp-content\/uploads\/2018\/12\/90C43248-D120-4FE6-A8B5-42384FE8AEAA.jpeg?fit=300%2C204\" data-large-file=\"https:\/\/i0.wp.com\/blogdalucianaoliveira.com.br\/blog\/wp-content\/uploads\/2018\/12\/90C43248-D120-4FE6-A8B5-42384FE8AEAA.jpeg?fit=569%2C386\" class=\"alignnone size-full wp-image-19696\" src=\"https:\/\/i0.wp.com\/blogdalucianaoliveira.com.br\/blog\/wp-content\/uploads\/2018\/12\/90C43248-D120-4FE6-A8B5-42384FE8AEAA.jpeg?resize=569%2C386\" alt=\"90C43248-D120-4FE6-A8B5-42384FE8AEAA\" width=\"569\" height=\"386\" srcset=\"https:\/\/i0.wp.com\/blogdalucianaoliveira.com.br\/blog\/wp-content\/uploads\/2018\/12\/90C43248-D120-4FE6-A8B5-42384FE8AEAA.jpeg?w=569 569w, https:\/\/i0.wp.com\/blogdalucianaoliveira.com.br\/blog\/wp-content\/uploads\/2018\/12\/90C43248-D120-4FE6-A8B5-42384FE8AEAA.jpeg?resize=300%2C204 300w, https:\/\/i0.wp.com\/blogdalucianaoliveira.com.br\/blog\/wp-content\/uploads\/2018\/12\/90C43248-D120-4FE6-A8B5-42384FE8AEAA.jpeg?resize=442%2C300 442w\" sizes=\"auto, (max-width: 569px) 100vw, 569px\" \/><\/p>\n<p><a href=\"https:\/\/drive.google.com\/file\/d\/1MlzwOj37IMktnLMwcL6v9S_TPDzObwmQ\/view?usp=sharing\">O\u00a0Relat\u00f3rio de Viol\u00eancia Contra os Povos Ind\u00edgenas do Brasil \u2013 Dados 2017<\/a>, publica\u00e7\u00e3o do Conselho Indigenista Mission\u00e1rio (Cimi) foi lan\u00e7ado na \u00faltima sexta-feira (30), no Centro de Pastoral, em Porto Velho.<!--more--><\/p>\n<p>O Cimi divulgou a publica\u00e7\u00e3o oficial no m\u00eas de setembro, mas este encontro para um lan\u00e7amento oficial re\u00fane diversas lideran\u00e7as dos povos ind\u00edgenas para observar os dados dentro da realidade do Estado.<\/p>\n<p>Na ocasi\u00e3o estavam presentes os povos: Karipuna, Guarasugwe, Manaid\u00ea, Aikan\u00e3, Kwaza, Purubora, Cujubim, Sakirabiat, Tenharim, Diarroy, Oro n\u00e3o, Cassup\u00e1, Oro eu, Oro At, Printitim, Migueleno, Tupari, Oron mon, Karitiana, Arara, Oro eu wau wau, Oro waran, Manduca; representantes do Minist\u00e9rio P\u00fablico Federal de Porto Velho, mission\u00e1rios do Cimi e o presidente nacional do Cimi, dom Roque Paloschi, arcebispo de Porto Velho.<\/p>\n<p>Publicado anualmente, o relat\u00f3rio \u00e9 o principal instrumento de den\u00fancia do Cimi, tanto no Brasil como no exterior, sobre a perversa realidade vivida diariamente por estes povos no pa\u00eds. A publica\u00e7\u00e3o relata dados sobre diferentes aspectos de viol\u00eancias e viola\u00e7\u00f5es de direitos praticadas, tanto f\u00edsicas, como assassinatos, amea\u00e7a de morte, homic\u00eddio culposo e viol\u00eancia sexual, como simb\u00f3licas, que s\u00e3o os casos de racismo, discrimina\u00e7\u00e3o e abuso de poder.<\/p>\n<p>Durante a apresenta\u00e7\u00e3o, alguns dados da apresenta\u00e7\u00e3o foram destacados, como os casos de invas\u00f5es, assassinatos, tentativas de assassinatos e especialmente de omiss\u00e3o do poder p\u00fablico que tem destaque no estado de Rond\u00f4nia.<\/p>\n<p>Dom Roque Paloschi, em sua fala agradece aos povos ind\u00edgenas por serem ousados, serem resistentes e manterem o cuidado com a nossa casa comum.<\/p>\n<p><a href=\"https:\/\/cimi.org.br\/2018\/09\/relatorio-cimi-violencia-contra-os-povos-indigenas-no-brasil-tem-aumento-sistemico-e-continuo\/\">Confira aqui a publica\u00e7\u00e3o do relat\u00f3rio.\u00a0<\/a><\/p>\n<p>&nbsp;<\/p>\n<p><strong>Fonte:<\/strong> PASCOM Arquidiocese de Porto Velho<\/p>\n<p>&nbsp;<\/p>\n","protected":false},"excerpt":{"rendered":"<p>O\u00a0Relat\u00f3rio de Viol\u00eancia Contra os Povos Ind\u00edgenas do Brasil \u2013 Dados 2017, publica\u00e7\u00e3o do Conselho Indigenista Mission\u00e1rio (Cimi) foi lan\u00e7ado na \u00faltima sexta-feira (30), no Centro de Pastoral, em Porto Velho.<\/p>\n","protected":false},"author":1,"featured_media":0,"comment_status":"closed","ping_status":"open","sticky":false,"template":"","format":"standard","meta":{"_exactmetrics_skip_tracking":false,"_exactmetrics_sitenote_active":false,"_exactmetrics_sitenote_note":"","_exactmetrics_sitenote_category":0,"jetpack_post_was_ever_published":false,"_jetpack_newsletter_access":"","_jetpack_dont_email_post_to_subs":false,"_jetpack_newsletter_tier_id":0,"_jetpack_memberships_contains_paywalled_content":false,"_jetpack_memberships_contains_paid_content":false,"footnotes":"","jetpack_publicize_message":"","jetpack_publicize_feature_enabled":true,"jetpack_social_post_already_shared":true,"jetpack_social_options":{"image_generator_settings":{"template":"highway","enabled":false},"version":2}},"categories":[1],"tags":[],"class_list":["post-19695","post","type-post","status-publish","format-standard","hentry","category-notas"],"jetpack_publicize_connections":[],"jetpack_sharing_enabled":true,"jetpack_featured_media_url":"","jetpack_shortlink":"https:\/\/wp.me\/p7wKYW-57F","jetpack-related-posts":[],"_links":{"self":[{"href":"http:\/\/blogdalucianaoliveira.com.br\/blog\/wp-json\/wp\/v2\/posts\/19695","targetHints":{"allow":["GET"]}}],"collection":[{"href":"http:\/\/blogdalucianaoliveira.com.br\/blog\/wp-json\/wp\/v2\/posts"}],"about":[{"href":"http:\/\/blogdalucianaoliveira.com.br\/blog\/wp-json\/wp\/v2\/types\/post"}],"author":[{"embeddable":true,"href":"http:\/\/blogdalucianaoliveira.com.br\/blog\/wp-json\/wp\/v2\/users\/1"}],"replies":[{"embeddable":true,"href":"http:\/\/blogdalucianaoliveira.com.br\/blog\/wp-json\/wp\/v2\/comments?post=19695"}],"version-history":[{"count":2,"href":"http:\/\/blogdalucianaoliveira.com.br\/blog\/wp-json\/wp\/v2\/posts\/19695\/revisions"}],"predecessor-version":[{"id":19698,"href":"http:\/\/blogdalucianaoliveira.com.br\/blog\/wp-json\/wp\/v2\/posts\/19695\/revisions\/19698"}],"wp:attachment":[{"href":"http:\/\/blogdalucianaoliveira.com.br\/blog\/wp-json\/wp\/v2\/media?parent=19695"}],"wp:term":[{"taxonomy":"category","embeddable":true,"href":"http:\/\/blogdalucianaoliveira.com.br\/blog\/wp-json\/wp\/v2\/categories?post=19695"},{"taxonomy":"post_tag","embeddable":true,"href":"http:\/\/blogdalucianaoliveira.com.br\/blog\/wp-json\/wp\/v2\/tags?post=19695"}],"curies":[{"name":"wp","href":"https:\/\/api.w.org\/{rel}","templated":true}]}}