{"id":19699,"date":"2018-12-03T09:40:11","date_gmt":"2018-12-03T13:40:11","guid":{"rendered":"http:\/\/blogdalucianaoliveira.com.br\/blog\/?p=19699"},"modified":"2018-12-03T09:43:25","modified_gmt":"2018-12-03T13:43:25","slug":"a-hora-que-o-cara-vier-me-ameacas-arrebento-com-ele-diz-fazendeiro-que-faz-justica-com-as-proprias-maos","status":"publish","type":"post","link":"http:\/\/blogdalucianaoliveira.com.br\/blog\/2018\/12\/03\/a-hora-que-o-cara-vier-me-ameacas-arrebento-com-ele-diz-fazendeiro-que-faz-justica-com-as-proprias-maos\/","title":{"rendered":"\u201cA hora que o cara vier me amea\u00e7as arrebento com ele\u201d, diz fazendeiro que faz \u2018justica\u2019 com as pr\u00f3prias m\u00e3os"},"content":{"rendered":"<p><a href=\"https:\/\/g1.globo.com\/fantastico\/noticia\/2018\/12\/02\/milhares-de-quilometros-de-terras-ferteis-na-amazonia-sao-disputados-na-justica-e-na-forca.ghtml\">https:\/\/g1.globo.com\/fantastico\/noticia\/2018\/12\/02\/milhares-de-quilometros-de-terras-ferteis-na-amazonia-sao-disputados-na-justica-e-na-forca.ghtml<\/a><\/p>\n<p>E o latifundi\u00e1rio confessa na cara dura no Fant\u00e1stico, crimes e amea\u00e7as de morte contra quem disputa a terra que \u00e9 da Uni\u00e3o.<\/p>\n<p>O bandido vai preso ap\u00f3s essa confiss\u00e3o? Amanh\u00e3, que tal?<\/p>\n<p>Vai \u00e9 nunca!<\/p>\n<p>8 mil hectares invadidos e mantidos com for\u00e7a bruta.<br \/>\nE o fazendeiro diz que POLICIAIS garantem a seguran\u00e7a dele e as a\u00e7\u00f5es contra posseiros.<\/p>\n<p>Esse plantador de soja em terra p\u00fablica \u00e9, segundo Bolsonaro, terrorista?<\/p>\n<p>Como ele, tantos, impunes.<\/p>\n","protected":false},"excerpt":{"rendered":"<p>https:\/\/g1.globo.com\/fantastico\/noticia\/2018\/12\/02\/milhares-de-quilometros-de-terras-ferteis-na-amazonia-sao-disputados-na-justica-e-na-forca.ghtml E o latifundi\u00e1rio confessa na cara dura no Fant\u00e1stico, crimes e amea\u00e7as de morte contra quem disputa a terra que \u00e9 da Uni\u00e3o. O bandido vai preso ap\u00f3s essa confiss\u00e3o? Amanh\u00e3, que tal? Vai \u00e9 nunca! 8 mil hectares invadidos e mantidos com for\u00e7a bruta. E o fazendeiro diz que POLICIAIS garantem a seguran\u00e7a&#8230;<a class=\"more-link\" href=\"http:\/\/blogdalucianaoliveira.com.br\/blog\/2018\/12\/03\/a-hora-que-o-cara-vier-me-ameacas-arrebento-com-ele-diz-fazendeiro-que-faz-justica-com-as-proprias-maos\/\">Continue a leitura <span class=\"meta-nav\">&raquo;<\/span><\/a><\/p>\n","protected":false},"author":1,"featured_media":0,"comment_status":"closed","ping_status":"open","sticky":false,"template":"","format":"standard","meta":{"_exactmetrics_skip_tracking":false,"_exactmetrics_sitenote_active":false,"_exactmetrics_sitenote_note":"","_exactmetrics_sitenote_category":0,"jetpack_post_was_ever_published":false,"_jetpack_newsletter_access":"","_jetpack_dont_email_post_to_subs":false,"_jetpack_newsletter_tier_id":0,"_jetpack_memberships_contains_paywalled_content":false,"_jetpack_memberships_contains_paid_content":false,"footnotes":"","jetpack_publicize_message":"","jetpack_publicize_feature_enabled":true,"jetpack_social_post_already_shared":true,"jetpack_social_options":{"image_generator_settings":{"template":"highway","enabled":false},"version":2}},"categories":[1],"tags":[],"class_list":["post-19699","post","type-post","status-publish","format-standard","hentry","category-notas"],"jetpack_publicize_connections":[],"jetpack_sharing_enabled":true,"jetpack_featured_media_url":"","jetpack_shortlink":"https:\/\/wp.me\/p7wKYW-57J","jetpack-related-posts":[],"_links":{"self":[{"href":"http:\/\/blogdalucianaoliveira.com.br\/blog\/wp-json\/wp\/v2\/posts\/19699","targetHints":{"allow":["GET"]}}],"collection":[{"href":"http:\/\/blogdalucianaoliveira.com.br\/blog\/wp-json\/wp\/v2\/posts"}],"about":[{"href":"http:\/\/blogdalucianaoliveira.com.br\/blog\/wp-json\/wp\/v2\/types\/post"}],"author":[{"embeddable":true,"href":"http:\/\/blogdalucianaoliveira.com.br\/blog\/wp-json\/wp\/v2\/users\/1"}],"replies":[{"embeddable":true,"href":"http:\/\/blogdalucianaoliveira.com.br\/blog\/wp-json\/wp\/v2\/comments?post=19699"}],"version-history":[{"count":4,"href":"http:\/\/blogdalucianaoliveira.com.br\/blog\/wp-json\/wp\/v2\/posts\/19699\/revisions"}],"predecessor-version":[{"id":19703,"href":"http:\/\/blogdalucianaoliveira.com.br\/blog\/wp-json\/wp\/v2\/posts\/19699\/revisions\/19703"}],"wp:attachment":[{"href":"http:\/\/blogdalucianaoliveira.com.br\/blog\/wp-json\/wp\/v2\/media?parent=19699"}],"wp:term":[{"taxonomy":"category","embeddable":true,"href":"http:\/\/blogdalucianaoliveira.com.br\/blog\/wp-json\/wp\/v2\/categories?post=19699"},{"taxonomy":"post_tag","embeddable":true,"href":"http:\/\/blogdalucianaoliveira.com.br\/blog\/wp-json\/wp\/v2\/tags?post=19699"}],"curies":[{"name":"wp","href":"https:\/\/api.w.org\/{rel}","templated":true}]}}