{"id":19716,"date":"2018-12-03T17:16:33","date_gmt":"2018-12-03T21:16:33","guid":{"rendered":"http:\/\/blogdalucianaoliveira.com.br\/blog\/?p=19716"},"modified":"2018-12-03T17:17:43","modified_gmt":"2018-12-03T21:17:43","slug":"festejos-tradicionais-na-1a-excursao-uruapiara","status":"publish","type":"post","link":"http:\/\/blogdalucianaoliveira.com.br\/blog\/2018\/12\/03\/festejos-tradicionais-na-1a-excursao-uruapiara\/","title":{"rendered":"Rumo \u00e0s origens na 1\u00aa Excurs\u00e3o Uruapiara"},"content":{"rendered":"<p><img data-recalc-dims=\"1\" loading=\"lazy\" decoding=\"async\" data-attachment-id=\"19717\" data-permalink=\"http:\/\/blogdalucianaoliveira.com.br\/blog\/2018\/12\/03\/festejos-tradicionais-na-1a-excursao-uruapiara\/347941e8-f2cc-46a8-967f-8aa616258340\/\" data-orig-file=\"https:\/\/i0.wp.com\/blogdalucianaoliveira.com.br\/blog\/wp-content\/uploads\/2018\/12\/347941E8-F2CC-46A8-967F-8AA616258340.jpeg?fit=1280%2C960\" data-orig-size=\"1280,960\" data-comments-opened=\"0\" data-image-meta=\"{&quot;aperture&quot;:&quot;0&quot;,&quot;credit&quot;:&quot;&quot;,&quot;camera&quot;:&quot;&quot;,&quot;caption&quot;:&quot;&quot;,&quot;created_timestamp&quot;:&quot;0&quot;,&quot;copyright&quot;:&quot;&quot;,&quot;focal_length&quot;:&quot;0&quot;,&quot;iso&quot;:&quot;0&quot;,&quot;shutter_speed&quot;:&quot;0&quot;,&quot;title&quot;:&quot;&quot;,&quot;orientation&quot;:&quot;0&quot;}\" data-image-title=\"347941E8-F2CC-46A8-967F-8AA616258340\" data-image-description=\"\" data-image-caption=\"\" data-medium-file=\"https:\/\/i0.wp.com\/blogdalucianaoliveira.com.br\/blog\/wp-content\/uploads\/2018\/12\/347941E8-F2CC-46A8-967F-8AA616258340.jpeg?fit=300%2C225\" data-large-file=\"https:\/\/i0.wp.com\/blogdalucianaoliveira.com.br\/blog\/wp-content\/uploads\/2018\/12\/347941E8-F2CC-46A8-967F-8AA616258340.jpeg?fit=600%2C450\" src=\"https:\/\/i0.wp.com\/blogdalucianaoliveira.com.br\/blog\/wp-content\/uploads\/2018\/12\/347941E8-F2CC-46A8-967F-8AA616258340.jpeg?resize=600%2C450\" alt=\"347941E8-F2CC-46A8-967F-8AA616258340\" width=\"600\" height=\"450\" class=\"alignnone size-full wp-image-19717\" srcset=\"https:\/\/i0.wp.com\/blogdalucianaoliveira.com.br\/blog\/wp-content\/uploads\/2018\/12\/347941E8-F2CC-46A8-967F-8AA616258340.jpeg?w=1280 1280w, https:\/\/i0.wp.com\/blogdalucianaoliveira.com.br\/blog\/wp-content\/uploads\/2018\/12\/347941E8-F2CC-46A8-967F-8AA616258340.jpeg?resize=300%2C225 300w, https:\/\/i0.wp.com\/blogdalucianaoliveira.com.br\/blog\/wp-content\/uploads\/2018\/12\/347941E8-F2CC-46A8-967F-8AA616258340.jpeg?resize=768%2C576 768w, https:\/\/i0.wp.com\/blogdalucianaoliveira.com.br\/blog\/wp-content\/uploads\/2018\/12\/347941E8-F2CC-46A8-967F-8AA616258340.jpeg?resize=1024%2C768 1024w, https:\/\/i0.wp.com\/blogdalucianaoliveira.com.br\/blog\/wp-content\/uploads\/2018\/12\/347941E8-F2CC-46A8-967F-8AA616258340.jpeg?resize=400%2C300 400w, https:\/\/i0.wp.com\/blogdalucianaoliveira.com.br\/blog\/wp-content\/uploads\/2018\/12\/347941E8-F2CC-46A8-967F-8AA616258340.jpeg?w=1200 1200w\" sizes=\"auto, (max-width: 600px) 100vw, 600px\" \/><\/p>\n<p>O produtor Cultural Marcelo Maciel Nunes (idealizador e coordenador da excurs\u00e3o)  , em parceria com o Instituto Minhas Ra\u00edzes, da comunidade de Nazar\u00e9-Baixo Rio Madeira, distrito de Porto Velho-RO, realizar\u00e3o a 1\u00aa Excurs\u00e3o Uruapiara- Rumo \u00e1s origens, dos dias 17 a 22 de Janeiro\/2019.<!--more--><\/p>\n<p>O Instituto Minhas Ra\u00edzes tem a miss\u00e3o de preservar, propagar e incentivar as culturas e tradi\u00e7\u00f5es da Amaz\u00f4nia. As atividades culturais realizadas pelo I.M.R acontecem na comunidade de Nazar\u00e9 e na regi\u00e3o de Porto Velho.<\/p>\n<p><img data-recalc-dims=\"1\" loading=\"lazy\" decoding=\"async\" data-attachment-id=\"19718\" data-permalink=\"http:\/\/blogdalucianaoliveira.com.br\/blog\/2018\/12\/03\/festejos-tradicionais-na-1a-excursao-uruapiara\/233aa282-8063-41de-bb4c-79b3b9c7beba\/\" data-orig-file=\"https:\/\/i0.wp.com\/blogdalucianaoliveira.com.br\/blog\/wp-content\/uploads\/2018\/12\/233AA282-8063-41DE-BB4C-79B3B9C7BEBA.jpeg?fit=1080%2C1080\" data-orig-size=\"1080,1080\" data-comments-opened=\"0\" data-image-meta=\"{&quot;aperture&quot;:&quot;0&quot;,&quot;credit&quot;:&quot;&quot;,&quot;camera&quot;:&quot;&quot;,&quot;caption&quot;:&quot;&quot;,&quot;created_timestamp&quot;:&quot;0&quot;,&quot;copyright&quot;:&quot;&quot;,&quot;focal_length&quot;:&quot;0&quot;,&quot;iso&quot;:&quot;0&quot;,&quot;shutter_speed&quot;:&quot;0&quot;,&quot;title&quot;:&quot;&quot;,&quot;orientation&quot;:&quot;0&quot;}\" data-image-title=\"233AA282-8063-41DE-BB4C-79B3B9C7BEBA\" data-image-description=\"\" data-image-caption=\"\" data-medium-file=\"https:\/\/i0.wp.com\/blogdalucianaoliveira.com.br\/blog\/wp-content\/uploads\/2018\/12\/233AA282-8063-41DE-BB4C-79B3B9C7BEBA.jpeg?fit=300%2C300\" data-large-file=\"https:\/\/i0.wp.com\/blogdalucianaoliveira.com.br\/blog\/wp-content\/uploads\/2018\/12\/233AA282-8063-41DE-BB4C-79B3B9C7BEBA.jpeg?fit=600%2C600\" src=\"https:\/\/i0.wp.com\/blogdalucianaoliveira.com.br\/blog\/wp-content\/uploads\/2018\/12\/233AA282-8063-41DE-BB4C-79B3B9C7BEBA.jpeg?resize=600%2C600\" alt=\"233AA282-8063-41DE-BB4C-79B3B9C7BEBA\" width=\"600\" height=\"600\" class=\"alignnone size-full wp-image-19718\" srcset=\"https:\/\/i0.wp.com\/blogdalucianaoliveira.com.br\/blog\/wp-content\/uploads\/2018\/12\/233AA282-8063-41DE-BB4C-79B3B9C7BEBA.jpeg?w=1080 1080w, https:\/\/i0.wp.com\/blogdalucianaoliveira.com.br\/blog\/wp-content\/uploads\/2018\/12\/233AA282-8063-41DE-BB4C-79B3B9C7BEBA.jpeg?resize=150%2C150 150w, https:\/\/i0.wp.com\/blogdalucianaoliveira.com.br\/blog\/wp-content\/uploads\/2018\/12\/233AA282-8063-41DE-BB4C-79B3B9C7BEBA.jpeg?resize=300%2C300 300w, https:\/\/i0.wp.com\/blogdalucianaoliveira.com.br\/blog\/wp-content\/uploads\/2018\/12\/233AA282-8063-41DE-BB4C-79B3B9C7BEBA.jpeg?resize=768%2C768 768w, https:\/\/i0.wp.com\/blogdalucianaoliveira.com.br\/blog\/wp-content\/uploads\/2018\/12\/233AA282-8063-41DE-BB4C-79B3B9C7BEBA.jpeg?resize=1024%2C1024 1024w\" sizes=\"auto, (max-width: 600px) 100vw, 600px\" \/><\/p>\n<p>A 1\u00aa Excurs\u00e3o Uruapiara- Rumo \u00e1s origens, tem o intuito de levar os turistas \u00e1 conhecerem a origem do saudoso Professor Manoel Maciel Nunes, que levou as tradi\u00e7\u00f5es religiosas dos festejos de Uruapiara para a comunidade de Nazar\u00e9 h\u00e1 mais de 50 anos, assim como prestigiar o festejo de S\u00e3o Sebasti\u00e3o na comunidade Centen\u00e1rio (que j\u00e1 tem mais de 1 s\u00e9culo de tradi\u00e7\u00e3o).<\/p>\n<p>O Festejo centen\u00e1rio de S\u00e3o Sebasti\u00e3o acontecer\u00e1 nos dias 19 e 20 de janeiro com a programa\u00e7\u00e3o tradicional dos festejos ribeirinhos: torneio de futebol, prociss\u00e3o, derrubada do mastro, missa religiosa , Leil\u00e3o, apresenta\u00e7\u00f5es  culturais e o forr\u00f3 at\u00e9 o dia amanhecer .<\/p>\n<p>Al\u00e9m de conhecerem as tradi\u00e7\u00f5es dos festejos amaz\u00f4nicos os turistas prestigiar\u00e3o toda a beleza natural, intr\u00ednseca daquela regi\u00e3o, e ter\u00e3o uma programa\u00e7\u00e3o exclusiva que est\u00e1 inclusa no pacote de viagem da excurs\u00e3o. <\/p>\n<p>Os contatos para mais informa\u00e7\u00f5es sobre o pacote de viagem, programa\u00e7\u00e3o e roteiro da excurs\u00e3o podem ser feitos via Whatsapp: (69) 99242-6262\/ 99380-7513<\/p>\n","protected":false},"excerpt":{"rendered":"<p>O produtor Cultural Marcelo Maciel Nunes (idealizador e coordenador da excurs\u00e3o) , em parceria com o Instituto Minhas Ra\u00edzes, da comunidade de Nazar\u00e9-Baixo Rio Madeira, distrito de Porto Velho-RO, realizar\u00e3o a 1\u00aa Excurs\u00e3o Uruapiara- Rumo \u00e1s origens, dos dias 17 a 22 de Janeiro\/2019.<\/p>\n","protected":false},"author":1,"featured_media":0,"comment_status":"closed","ping_status":"open","sticky":false,"template":"","format":"standard","meta":{"_exactmetrics_skip_tracking":false,"_exactmetrics_sitenote_active":false,"_exactmetrics_sitenote_note":"","_exactmetrics_sitenote_category":0,"jetpack_post_was_ever_published":false,"_jetpack_newsletter_access":"","_jetpack_dont_email_post_to_subs":false,"_jetpack_newsletter_tier_id":0,"_jetpack_memberships_contains_paywalled_content":false,"_jetpack_memberships_contains_paid_content":false,"footnotes":"","jetpack_publicize_message":"","jetpack_publicize_feature_enabled":true,"jetpack_social_post_already_shared":true,"jetpack_social_options":{"image_generator_settings":{"template":"highway","enabled":false},"version":2}},"categories":[1],"tags":[],"class_list":["post-19716","post","type-post","status-publish","format-standard","hentry","category-notas"],"jetpack_publicize_connections":[],"jetpack_sharing_enabled":true,"jetpack_featured_media_url":"","jetpack_shortlink":"https:\/\/wp.me\/p7wKYW-580","jetpack-related-posts":[],"_links":{"self":[{"href":"http:\/\/blogdalucianaoliveira.com.br\/blog\/wp-json\/wp\/v2\/posts\/19716","targetHints":{"allow":["GET"]}}],"collection":[{"href":"http:\/\/blogdalucianaoliveira.com.br\/blog\/wp-json\/wp\/v2\/posts"}],"about":[{"href":"http:\/\/blogdalucianaoliveira.com.br\/blog\/wp-json\/wp\/v2\/types\/post"}],"author":[{"embeddable":true,"href":"http:\/\/blogdalucianaoliveira.com.br\/blog\/wp-json\/wp\/v2\/users\/1"}],"replies":[{"embeddable":true,"href":"http:\/\/blogdalucianaoliveira.com.br\/blog\/wp-json\/wp\/v2\/comments?post=19716"}],"version-history":[{"count":2,"href":"http:\/\/blogdalucianaoliveira.com.br\/blog\/wp-json\/wp\/v2\/posts\/19716\/revisions"}],"predecessor-version":[{"id":19720,"href":"http:\/\/blogdalucianaoliveira.com.br\/blog\/wp-json\/wp\/v2\/posts\/19716\/revisions\/19720"}],"wp:attachment":[{"href":"http:\/\/blogdalucianaoliveira.com.br\/blog\/wp-json\/wp\/v2\/media?parent=19716"}],"wp:term":[{"taxonomy":"category","embeddable":true,"href":"http:\/\/blogdalucianaoliveira.com.br\/blog\/wp-json\/wp\/v2\/categories?post=19716"},{"taxonomy":"post_tag","embeddable":true,"href":"http:\/\/blogdalucianaoliveira.com.br\/blog\/wp-json\/wp\/v2\/tags?post=19716"}],"curies":[{"name":"wp","href":"https:\/\/api.w.org\/{rel}","templated":true}]}}