{"id":19724,"date":"2018-12-04T12:07:39","date_gmt":"2018-12-04T16:07:39","guid":{"rendered":"http:\/\/blogdalucianaoliveira.com.br\/blog\/?p=19724"},"modified":"2018-12-04T12:07:39","modified_gmt":"2018-12-04T16:07:39","slug":"a-morte-do-ministerio-do-trabalho-e-a-volta-aos-anos-30","status":"publish","type":"post","link":"http:\/\/blogdalucianaoliveira.com.br\/blog\/2018\/12\/04\/a-morte-do-ministerio-do-trabalho-e-a-volta-aos-anos-30\/","title":{"rendered":"A morte do Minist\u00e9rio do Trabalho e a volta aos anos 30"},"content":{"rendered":"<p><img data-recalc-dims=\"1\" loading=\"lazy\" decoding=\"async\" data-attachment-id=\"19725\" data-permalink=\"http:\/\/blogdalucianaoliveira.com.br\/blog\/2018\/12\/04\/a-morte-do-ministerio-do-trabalho-e-a-volta-aos-anos-30\/22c03215-ee37-45f1-ab8e-418720a71473\/\" data-orig-file=\"https:\/\/i0.wp.com\/blogdalucianaoliveira.com.br\/blog\/wp-content\/uploads\/2018\/12\/22C03215-EE37-45F1-AB8E-418720A71473.jpeg?fit=750%2C396\" data-orig-size=\"750,396\" data-comments-opened=\"0\" data-image-meta=\"{&quot;aperture&quot;:&quot;0&quot;,&quot;credit&quot;:&quot;&quot;,&quot;camera&quot;:&quot;&quot;,&quot;caption&quot;:&quot;&quot;,&quot;created_timestamp&quot;:&quot;0&quot;,&quot;copyright&quot;:&quot;&quot;,&quot;focal_length&quot;:&quot;0&quot;,&quot;iso&quot;:&quot;0&quot;,&quot;shutter_speed&quot;:&quot;0&quot;,&quot;title&quot;:&quot;&quot;,&quot;orientation&quot;:&quot;0&quot;}\" data-image-title=\"22C03215-EE37-45F1-AB8E-418720A71473\" data-image-description=\"\" data-image-caption=\"\" data-medium-file=\"https:\/\/i0.wp.com\/blogdalucianaoliveira.com.br\/blog\/wp-content\/uploads\/2018\/12\/22C03215-EE37-45F1-AB8E-418720A71473.jpeg?fit=300%2C158\" data-large-file=\"https:\/\/i0.wp.com\/blogdalucianaoliveira.com.br\/blog\/wp-content\/uploads\/2018\/12\/22C03215-EE37-45F1-AB8E-418720A71473.jpeg?fit=600%2C317\" src=\"https:\/\/i0.wp.com\/blogdalucianaoliveira.com.br\/blog\/wp-content\/uploads\/2018\/12\/22C03215-EE37-45F1-AB8E-418720A71473.jpeg?resize=600%2C317\" alt=\"22C03215-EE37-45F1-AB8E-418720A71473\" width=\"600\" height=\"317\" class=\"alignnone size-full wp-image-19725\" srcset=\"https:\/\/i0.wp.com\/blogdalucianaoliveira.com.br\/blog\/wp-content\/uploads\/2018\/12\/22C03215-EE37-45F1-AB8E-418720A71473.jpeg?w=750 750w, https:\/\/i0.wp.com\/blogdalucianaoliveira.com.br\/blog\/wp-content\/uploads\/2018\/12\/22C03215-EE37-45F1-AB8E-418720A71473.jpeg?resize=300%2C158 300w, https:\/\/i0.wp.com\/blogdalucianaoliveira.com.br\/blog\/wp-content\/uploads\/2018\/12\/22C03215-EE37-45F1-AB8E-418720A71473.jpeg?resize=568%2C300 568w\" sizes=\"auto, (max-width: 600px) 100vw, 600px\" \/><\/p>\n<p>No DCM, por Fernando Brito &#8211; Na Rep\u00fablica Velha, onde \u201ca quest\u00e3o social era um caso de pol\u00edcia\u201d \u2013 frase que se atribui ao Presidente Washington Lu\u00eds (1926-1930) \u2013 eles n\u00e3o existiam. O povo n\u00e3o existia, ali\u00e1s.<!--more--><\/p>\n<p>Com a revolu\u00e7\u00e3o de 30, nasceram. O Minist\u00e9rio da Educa\u00e7\u00e3o e da Sa\u00fade, dia 14 de novembro, e o do Trabalho, dia 26 do mesmo m\u00eas.<\/p>\n<p>Como estamos voltando \u00e0queles tempos, embora triste, \u00e9 natural que comecem a morrer.<\/p>\n<p>Primeiro, o Trabalho, que j\u00e1 vinha num processo de esvaziamento h\u00e1 anos e se enfraqueceu muito quando perdeu o controle da Previd\u00eancia Social, agora mais ligada aos cofres da Fazenda que \u00e0 prote\u00e7\u00e3o do trabalhador.<\/p>\n<p>Depois, quando se tornou, na reforma da CLT, inimigo dos direitos dos trabalhadores, propondo ou permitindo rela\u00e7\u00f5es de trabalho quase escravocratas que, de t\u00e3o anacr\u00f4nicas, t\u00eam dificuldade de serem absorvidas pelas pr\u00f3prias empresas, como \u00e9 o caso do trabalho intermitente.<\/p>\n<p>Agora, jogado \u00e0 condi\u00e7\u00e3o de \u201cquartinho de despejo\u201d no superminist\u00e9rio de S\u00e9rgio Moro e com seu papel de gestor de contribui\u00e7\u00f5es de natureza social (FGTS, FAT) e o controle dos contratos de trabalho (Caged) entregues ao superminist\u00e9rio de Paulo Guedes, ganha um doce quem achar que ali haver\u00e1 gestores em algo preocupados com a sorte do trabalhador.<\/p>\n<p>Verdade que Temer tinha feito a sua parte neste \u00f3bito, entregando a Roberto Jefferson o controle da pasta e por ele submetendo-a ao longo \u201cmico\u201d  da nomeada e jamais empossada Cristine Brasil.<\/p>\n<p>Agora, Jair Bolsonaro terminar\u00e1 o servi\u00e7o com sua \u201ccarteira verde-amarela\u201d, pela qual o trabalhador j\u00e1 renuncia, antecipadamente, aos seus direitos. Claro, por livre op\u00e7\u00e3o, porque ter\u00e1 de escolher entre \u201cdireitos sem emprego\u201d ou emprego sem direitos.<\/p>\n<p>Logo estas \u201cmedidas antipaternalistas\u201d chegar\u00e3o aos irm\u00e3os Educa\u00e7\u00e3o e Sa\u00fade, que existir\u00e3o para quem puder pagar por eles.<\/p>\n<p>A rede de prote\u00e7\u00e3o social que fez este pa\u00eds sair do atraso h\u00e1 quase 90 anos vai ser totalmente desmontada pelos imbecis que empalmaram o poder.<\/p>\n<p>Afinal, a frase que se atribui a Washington Lu\u00eds \u00e9, provavelmente, derivada de outra que disse e que n\u00e3o surpreenderia ser dita hoje tamb\u00e9m por um presidente da Rep\u00fablica: \u201d \u201ca agita\u00e7\u00e3o oper\u00e1ria \u00e9 uma quest\u00e3o<\/p>\n<p>que interessa mais \u00e0 ordem p\u00fablica do que \u00e0 ordem social\u201d.<\/p>\n","protected":false},"excerpt":{"rendered":"<p>No DCM, por Fernando Brito &#8211; Na Rep\u00fablica Velha, onde \u201ca quest\u00e3o social era um caso de pol\u00edcia\u201d \u2013 frase que se atribui ao Presidente Washington Lu\u00eds (1926-1930) \u2013 eles n\u00e3o existiam. O povo n\u00e3o existia, ali\u00e1s.<\/p>\n","protected":false},"author":1,"featured_media":0,"comment_status":"closed","ping_status":"open","sticky":false,"template":"","format":"standard","meta":{"_exactmetrics_skip_tracking":false,"_exactmetrics_sitenote_active":false,"_exactmetrics_sitenote_note":"","_exactmetrics_sitenote_category":0,"jetpack_post_was_ever_published":false,"_jetpack_newsletter_access":"","_jetpack_dont_email_post_to_subs":false,"_jetpack_newsletter_tier_id":0,"_jetpack_memberships_contains_paywalled_content":false,"_jetpack_memberships_contains_paid_content":false,"footnotes":"","jetpack_publicize_message":"","jetpack_publicize_feature_enabled":true,"jetpack_social_post_already_shared":true,"jetpack_social_options":{"image_generator_settings":{"template":"highway","enabled":false},"version":2}},"categories":[1],"tags":[],"class_list":["post-19724","post","type-post","status-publish","format-standard","hentry","category-notas"],"jetpack_publicize_connections":[],"jetpack_sharing_enabled":true,"jetpack_featured_media_url":"","jetpack_shortlink":"https:\/\/wp.me\/p7wKYW-588","jetpack-related-posts":[],"_links":{"self":[{"href":"http:\/\/blogdalucianaoliveira.com.br\/blog\/wp-json\/wp\/v2\/posts\/19724","targetHints":{"allow":["GET"]}}],"collection":[{"href":"http:\/\/blogdalucianaoliveira.com.br\/blog\/wp-json\/wp\/v2\/posts"}],"about":[{"href":"http:\/\/blogdalucianaoliveira.com.br\/blog\/wp-json\/wp\/v2\/types\/post"}],"author":[{"embeddable":true,"href":"http:\/\/blogdalucianaoliveira.com.br\/blog\/wp-json\/wp\/v2\/users\/1"}],"replies":[{"embeddable":true,"href":"http:\/\/blogdalucianaoliveira.com.br\/blog\/wp-json\/wp\/v2\/comments?post=19724"}],"version-history":[{"count":1,"href":"http:\/\/blogdalucianaoliveira.com.br\/blog\/wp-json\/wp\/v2\/posts\/19724\/revisions"}],"predecessor-version":[{"id":19726,"href":"http:\/\/blogdalucianaoliveira.com.br\/blog\/wp-json\/wp\/v2\/posts\/19724\/revisions\/19726"}],"wp:attachment":[{"href":"http:\/\/blogdalucianaoliveira.com.br\/blog\/wp-json\/wp\/v2\/media?parent=19724"}],"wp:term":[{"taxonomy":"category","embeddable":true,"href":"http:\/\/blogdalucianaoliveira.com.br\/blog\/wp-json\/wp\/v2\/categories?post=19724"},{"taxonomy":"post_tag","embeddable":true,"href":"http:\/\/blogdalucianaoliveira.com.br\/blog\/wp-json\/wp\/v2\/tags?post=19724"}],"curies":[{"name":"wp","href":"https:\/\/api.w.org\/{rel}","templated":true}]}}