{"id":19729,"date":"2018-12-05T09:23:35","date_gmt":"2018-12-05T13:23:35","guid":{"rendered":"http:\/\/blogdalucianaoliveira.com.br\/blog\/?p=19729"},"modified":"2018-12-05T09:23:35","modified_gmt":"2018-12-05T13:23:35","slug":"extrema-pobreza-aumenta-no-pais-indica-ibge","status":"publish","type":"post","link":"http:\/\/blogdalucianaoliveira.com.br\/blog\/2018\/12\/05\/extrema-pobreza-aumenta-no-pais-indica-ibge\/","title":{"rendered":"Extrema pobreza aumenta no pa\u00eds, indica IBGE"},"content":{"rendered":"<p><img data-recalc-dims=\"1\" loading=\"lazy\" decoding=\"async\" data-attachment-id=\"19730\" data-permalink=\"http:\/\/blogdalucianaoliveira.com.br\/blog\/2018\/12\/05\/extrema-pobreza-aumenta-no-pais-indica-ibge\/433dd2c6-0f54-48b7-8595-6afb0e28d06c\/\" data-orig-file=\"https:\/\/i0.wp.com\/blogdalucianaoliveira.com.br\/blog\/wp-content\/uploads\/2018\/12\/433DD2C6-0F54-48B7-8595-6AFB0E28D06C.jpeg?fit=768%2C512\" data-orig-size=\"768,512\" data-comments-opened=\"0\" data-image-meta=\"{&quot;aperture&quot;:&quot;0&quot;,&quot;credit&quot;:&quot;&quot;,&quot;camera&quot;:&quot;&quot;,&quot;caption&quot;:&quot;&quot;,&quot;created_timestamp&quot;:&quot;0&quot;,&quot;copyright&quot;:&quot;&quot;,&quot;focal_length&quot;:&quot;0&quot;,&quot;iso&quot;:&quot;0&quot;,&quot;shutter_speed&quot;:&quot;0&quot;,&quot;title&quot;:&quot;&quot;,&quot;orientation&quot;:&quot;0&quot;}\" data-image-title=\"433DD2C6-0F54-48B7-8595-6AFB0E28D06C\" data-image-description=\"\" data-image-caption=\"\" data-medium-file=\"https:\/\/i0.wp.com\/blogdalucianaoliveira.com.br\/blog\/wp-content\/uploads\/2018\/12\/433DD2C6-0F54-48B7-8595-6AFB0E28D06C.jpeg?fit=300%2C200\" data-large-file=\"https:\/\/i0.wp.com\/blogdalucianaoliveira.com.br\/blog\/wp-content\/uploads\/2018\/12\/433DD2C6-0F54-48B7-8595-6AFB0E28D06C.jpeg?fit=600%2C400\" src=\"https:\/\/i0.wp.com\/blogdalucianaoliveira.com.br\/blog\/wp-content\/uploads\/2018\/12\/433DD2C6-0F54-48B7-8595-6AFB0E28D06C.jpeg?resize=600%2C400\" alt=\"433DD2C6-0F54-48B7-8595-6AFB0E28D06C\" width=\"600\" height=\"400\" class=\"alignnone size-full wp-image-19730\" srcset=\"https:\/\/i0.wp.com\/blogdalucianaoliveira.com.br\/blog\/wp-content\/uploads\/2018\/12\/433DD2C6-0F54-48B7-8595-6AFB0E28D06C.jpeg?w=768 768w, https:\/\/i0.wp.com\/blogdalucianaoliveira.com.br\/blog\/wp-content\/uploads\/2018\/12\/433DD2C6-0F54-48B7-8595-6AFB0E28D06C.jpeg?resize=300%2C200 300w, https:\/\/i0.wp.com\/blogdalucianaoliveira.com.br\/blog\/wp-content\/uploads\/2018\/12\/433DD2C6-0F54-48B7-8595-6AFB0E28D06C.jpeg?resize=450%2C300 450w\" sizes=\"auto, (max-width: 600px) 100vw, 600px\" \/><\/p>\n<p>Na Folha, por Lucas Vettorazzo &#8211; O n\u00famero de brasileiros em situa\u00e7\u00e3o de extrema pobreza cresceu em 2017, frente ao observado em 2016, divulgou o IBGE na manh\u00e3 desta quarta-feira (5).<!--more--><\/p>\n<p>O n\u00famero de fam\u00edlias pobres tamb\u00e9m teve alta: entre aquelas que vivem com menos de R$ 406 por m\u00eas, o contingente subiu em 2 milh\u00f5es de pessoas entre 2016 e 2017, chegando a um total de 54,8 milh\u00f5es de brasileiros nessa situa\u00e7\u00e3o. <\/p>\n<p>No caso da extrema pobreza, o IBGE adota diferentes cortes de rendimentos. Em cinco de sete deles, h\u00e1 uma piora do cen\u00e1rio. <\/p>\n<p>Ao analisar domic\u00edlios com renda per capita de um quarto do sal\u00e1rio m\u00ednimo (R$ 234,25), o pa\u00eds saiu de uma taxa de 12,6% das resid\u00eancias em 2016 para 13% em 2017 \u2014alta de 0,4 ponto percentual no intervalo de um ano.<\/p>\n<p>O Nordeste teve o maior avan\u00e7o de pessoas nessa condi\u00e7\u00e3o: eram 23,9% em 2016 e passaram a 25%, alta de 1,1 ponto percentual. <\/p>\n<p>A \u00fanica faixa de renda que teve queda em 2017 no n\u00famero de domic\u00edlios foi aquela entre um quarto e meio sal\u00e1rio m\u00ednimo per capita. Em 2016, 18,5% dos domic\u00edlios se encontravam nesse corte, taxa que passou para 17,7% no ano passado.<\/p>\n<p>J\u00e1 no corte das fam\u00edlias que t\u00eam renda domiciliar per capita inferior a R$ 85 mensais, houve alta de 0,7 ponto percentual, na compara\u00e7\u00e3o entre 2016 e 2017, de 4% para 4,7%. Esse \u00e9 o valor de rendimento que permite ao cidad\u00e3o ser benefici\u00e1rio do programa federal Bolsa Fam\u00edlia. Novamente, o indicador est\u00e1 acima da m\u00e9dia no Nordeste, regi\u00e3o que mais cresceu na compara\u00e7\u00e3o anual, de 7,4% em 2016 para 9% em 2017. <\/p>\n<p>Na segunda faixa de recebimento do Bolsa Fam\u00edlia, com domic\u00edlios com renda per capita de R$ 85 a R$ 170 mensais, o indicador ficou est\u00e1vel em 4,1% no ano passado. Nessa compara\u00e7\u00e3o, o Nordeste, por exemplo, teve ligeira alta, de 8,5% para 8,7% dos domic\u00edlios. No Sudeste, que concentra a popula\u00e7\u00e3o mais rica do pa\u00eds, o crescimento de pessoas em extrema pobreza cresceu na mesma propor\u00e7\u00e3o&#8211; era 1,5% em 2016 e passou a 1,8% no ano seguinte. <\/p>\n<p>Na \u00faltima nota de corte estabelecida pelo IBGE, o instituto calculou o percentual de domic\u00edlios com renda per capita de US$ 5,5 por dia, considerando uma Paridade de Poder de Compra que estipula que US$ 1 \u00e9 igual a R$ 1,66. Esse recorte \u00e9 o que considera a linha de extrema pobreza estipulada pelo Banco Mundial. <\/p>\n<p>Em 2017, 26,5% dos domic\u00edlios brasileiros viviam com renda per capita de US$ 5,5 por dia. O resultado do ano passado representou alta de 0,8 ponto percentual em rela\u00e7\u00e3o ao apurado um ano ano antes, quando 25,7% dos domic\u00edlios brasileiros estavam nessa situa\u00e7\u00e3o. <\/p>\n<p>Segundo essa nota de corte, o pa\u00eds tem 15 estados com percentual de popula\u00e7\u00e3o em extrema pobreza que supera a m\u00e9dia nacional, sendo os destaques mais negativos o Maranh\u00e3o (54,1%) e Alagoas (48,9%), com metade de sua popula\u00e7\u00e3o nessa condi\u00e7\u00e3o. Na ponta oposta, Santa Catarina (8,5%) e Rio Grande do Sul (13,5%) apresentaram os menores percentuais. Rio (19%), S\u00e3o Paulo (14,9%), Minas Gerais (20,9%) e Esp\u00edrito Santo (21,7%) ficaram abaixo da m\u00e9dia nacional. <\/p>\n","protected":false},"excerpt":{"rendered":"<p>Na Folha, por Lucas Vettorazzo &#8211; O n\u00famero de brasileiros em situa\u00e7\u00e3o de extrema pobreza cresceu em 2017, frente ao observado em 2016, divulgou o IBGE na manh\u00e3 desta quarta-feira (5).<\/p>\n","protected":false},"author":1,"featured_media":0,"comment_status":"closed","ping_status":"open","sticky":false,"template":"","format":"standard","meta":{"_exactmetrics_skip_tracking":false,"_exactmetrics_sitenote_active":false,"_exactmetrics_sitenote_note":"","_exactmetrics_sitenote_category":0,"jetpack_post_was_ever_published":false,"_jetpack_newsletter_access":"","_jetpack_dont_email_post_to_subs":false,"_jetpack_newsletter_tier_id":0,"_jetpack_memberships_contains_paywalled_content":false,"_jetpack_memberships_contains_paid_content":false,"footnotes":"","jetpack_publicize_message":"","jetpack_publicize_feature_enabled":true,"jetpack_social_post_already_shared":true,"jetpack_social_options":{"image_generator_settings":{"template":"highway","enabled":false},"version":2}},"categories":[1],"tags":[],"class_list":["post-19729","post","type-post","status-publish","format-standard","hentry","category-notas"],"jetpack_publicize_connections":[],"jetpack_sharing_enabled":true,"jetpack_featured_media_url":"","jetpack_shortlink":"https:\/\/wp.me\/p7wKYW-58d","jetpack-related-posts":[],"_links":{"self":[{"href":"http:\/\/blogdalucianaoliveira.com.br\/blog\/wp-json\/wp\/v2\/posts\/19729","targetHints":{"allow":["GET"]}}],"collection":[{"href":"http:\/\/blogdalucianaoliveira.com.br\/blog\/wp-json\/wp\/v2\/posts"}],"about":[{"href":"http:\/\/blogdalucianaoliveira.com.br\/blog\/wp-json\/wp\/v2\/types\/post"}],"author":[{"embeddable":true,"href":"http:\/\/blogdalucianaoliveira.com.br\/blog\/wp-json\/wp\/v2\/users\/1"}],"replies":[{"embeddable":true,"href":"http:\/\/blogdalucianaoliveira.com.br\/blog\/wp-json\/wp\/v2\/comments?post=19729"}],"version-history":[{"count":1,"href":"http:\/\/blogdalucianaoliveira.com.br\/blog\/wp-json\/wp\/v2\/posts\/19729\/revisions"}],"predecessor-version":[{"id":19731,"href":"http:\/\/blogdalucianaoliveira.com.br\/blog\/wp-json\/wp\/v2\/posts\/19729\/revisions\/19731"}],"wp:attachment":[{"href":"http:\/\/blogdalucianaoliveira.com.br\/blog\/wp-json\/wp\/v2\/media?parent=19729"}],"wp:term":[{"taxonomy":"category","embeddable":true,"href":"http:\/\/blogdalucianaoliveira.com.br\/blog\/wp-json\/wp\/v2\/categories?post=19729"},{"taxonomy":"post_tag","embeddable":true,"href":"http:\/\/blogdalucianaoliveira.com.br\/blog\/wp-json\/wp\/v2\/tags?post=19729"}],"curies":[{"name":"wp","href":"https:\/\/api.w.org\/{rel}","templated":true}]}}