{"id":19737,"date":"2018-12-05T13:52:44","date_gmt":"2018-12-05T17:52:44","guid":{"rendered":"http:\/\/blogdalucianaoliveira.com.br\/blog\/?p=19737"},"modified":"2018-12-05T13:52:44","modified_gmt":"2018-12-05T17:52:44","slug":"te-cuida-bolsonaro-porque-a-lua-de-mel-sera-curta","status":"publish","type":"post","link":"http:\/\/blogdalucianaoliveira.com.br\/blog\/2018\/12\/05\/te-cuida-bolsonaro-porque-a-lua-de-mel-sera-curta\/","title":{"rendered":"TE CUIDA, BOLSONARO, PORQUE A LUA-DE-MEL SER\u00c1 CURTA"},"content":{"rendered":"<p><img data-recalc-dims=\"1\" loading=\"lazy\" decoding=\"async\" data-attachment-id=\"19738\" data-permalink=\"http:\/\/blogdalucianaoliveira.com.br\/blog\/2018\/12\/05\/te-cuida-bolsonaro-porque-a-lua-de-mel-sera-curta\/de9715e3-c5f3-482b-9f37-3e49f63aee82\/\" data-orig-file=\"https:\/\/i0.wp.com\/blogdalucianaoliveira.com.br\/blog\/wp-content\/uploads\/2018\/12\/DE9715E3-C5F3-482B-9F37-3E49F63AEE82.jpeg?fit=750%2C429\" data-orig-size=\"750,429\" data-comments-opened=\"0\" data-image-meta=\"{&quot;aperture&quot;:&quot;0&quot;,&quot;credit&quot;:&quot;&quot;,&quot;camera&quot;:&quot;&quot;,&quot;caption&quot;:&quot;&quot;,&quot;created_timestamp&quot;:&quot;0&quot;,&quot;copyright&quot;:&quot;&quot;,&quot;focal_length&quot;:&quot;0&quot;,&quot;iso&quot;:&quot;0&quot;,&quot;shutter_speed&quot;:&quot;0&quot;,&quot;title&quot;:&quot;&quot;,&quot;orientation&quot;:&quot;0&quot;}\" data-image-title=\"DE9715E3-C5F3-482B-9F37-3E49F63AEE82\" data-image-description=\"\" data-image-caption=\"\" data-medium-file=\"https:\/\/i0.wp.com\/blogdalucianaoliveira.com.br\/blog\/wp-content\/uploads\/2018\/12\/DE9715E3-C5F3-482B-9F37-3E49F63AEE82.jpeg?fit=300%2C172\" data-large-file=\"https:\/\/i0.wp.com\/blogdalucianaoliveira.com.br\/blog\/wp-content\/uploads\/2018\/12\/DE9715E3-C5F3-482B-9F37-3E49F63AEE82.jpeg?fit=600%2C343\" class=\"alignnone size-full wp-image-19738\" src=\"https:\/\/i0.wp.com\/blogdalucianaoliveira.com.br\/blog\/wp-content\/uploads\/2018\/12\/DE9715E3-C5F3-482B-9F37-3E49F63AEE82.jpeg?resize=600%2C343\" alt=\"DE9715E3-C5F3-482B-9F37-3E49F63AEE82\" width=\"600\" height=\"343\" srcset=\"https:\/\/i0.wp.com\/blogdalucianaoliveira.com.br\/blog\/wp-content\/uploads\/2018\/12\/DE9715E3-C5F3-482B-9F37-3E49F63AEE82.jpeg?w=750 750w, https:\/\/i0.wp.com\/blogdalucianaoliveira.com.br\/blog\/wp-content\/uploads\/2018\/12\/DE9715E3-C5F3-482B-9F37-3E49F63AEE82.jpeg?resize=300%2C172 300w, https:\/\/i0.wp.com\/blogdalucianaoliveira.com.br\/blog\/wp-content\/uploads\/2018\/12\/DE9715E3-C5F3-482B-9F37-3E49F63AEE82.jpeg?resize=524%2C300 524w\" sizes=\"auto, (max-width: 600px) 100vw, 600px\" \/><\/p>\n<p><strong>Por Helena Chagas, para o <a href=\"https:\/\/osdivergentes.com.br\/helena-chagas\/te-cuida-bolsonaro-porque-a-lua-de-mel-sera-curta\/\" target=\"_blank\">Divergentes<\/a> e o <a href=\"https:\/\/www.catarse.me\/jornalistaspelademocracia\" target=\"_blank\">Jornalistas pela Democracia<\/a> &#8211;<\/strong>\u00a0Te cuida, Bolsonaro, porque a lua-de-mel pode acabar antes de o governo come\u00e7ar. O presidente eleito conseguiu desagradar a gregos e goianos com suas afirma\u00e7\u00f5es sobre a Previd\u00eancia. Antes, pela denotada falta de pressa, corroborada pelo futuro ministro da Casa Civil, Onyx Lorenzoni, na linha de que temos quatro anos para votar a reforma, que n\u00e3o pode \u201cmatar os idosos\u201d.<!--more--><\/p>\n<p>Agora, porque \u2013 talvez para acalmar os \u00e2nimos de quem se escandalizou com as primeiras afirma\u00e7\u00f5es e sinalizar que pelo menos uma parte ser\u00e1 votada logo \u2013 disse que vai fatiar a Previd\u00eancia.<\/p>\n<p><strong>(Conhe\u00e7a e apoie o projeto\u00a0<a class=\"campsite_external_link\" href=\"https:\/\/www.catarse.me\/jornalistaspelademocracia\" target=\"_blank\">Jornalistas pela democracia<\/a>)<\/strong><\/p>\n<p>A come\u00e7ar pelos editoriais dos grandes jornais, o establishment econ\u00f4mico amanheceu atirando, assim como o mercado havia reagido ontem. O Estad\u00e3o, s\u00f3 para citar um exemplo, aponta \u201cespantosa aliena\u00e7\u00e3o\u201d do novo governo em rela\u00e7\u00e3o ao principal problema das contas p\u00fablicas e aconselha Bolsonaro a \u201ccome\u00e7ar a estudar melhor os temas mais importantes com os quais ter\u00e1 de lidar\u201d.<\/p>\n<p>Como dissemos aqui ontem, o mercado e setores do PIB s\u00f3 apoiaram a candidatura Bolsonaro por acreditar que, com ele, seria mais f\u00e1cil aprovar suas reformas. Ao ratear, o presidente eleito deixa esse povo todo em p\u00e2nico. Agora, como se v\u00ea, \u00e9 tarde demais para as elites voltarem atr\u00e1s. Temos um presidente eleito democraticamente e ele vai ter que assumir.<\/p>\n<p>Mas o que vai rolar de press\u00e3o sobre o novo governo n\u00e3o vai ser brincadeira, e n\u00e3o sabemos ainda qual ser\u00e1 o comportamento de Bolsonaro sob esse tipo de press\u00e3o.\u00a0 Por enquanto, continua atirando nos de sempre: a esquerda, a m\u00eddia, e suposta velha pol\u00edtica\u2026\u00a0 Com o chamado \u201candar de cima\u201d, at\u00e9 agora estava em paz.<\/p>\n<p>H\u00e1 quem diga que o fracasso da semana deve-se \u00e0 aus\u00eancia de Paulo Guedes que, acamado, n\u00e3o veio a Bras\u00edlia. \u00c9 bem poss\u00edvel, j\u00e1 que o superministro da Fazenda \u00e9 o elo de liga\u00e7\u00e3o entre o bolsonarismo e o PIB\/mercado.<\/p>\n<div class=\"mrf-adv mad mrf-preInsertedMad sRoba mrf-madLoaded\">\u00a0Em tempo: n\u00e3o h\u00e1 nada demais em fatiar a reforma da Previd\u00eancia. Ali\u00e1s, todas as reformas da Previd\u00eancia aprovadas at\u00e9 hoje sempre foram peda\u00e7os de projetos iniciais mais profundos que, obviamente, foram limados ao longo do debate no Congresso e na sociedade. A realidade cuida de fatiar esse tipo de reforma. S\u00f3 que cabe ao governo mandar um projeto de mais subst\u00e2ncia ao Congresso, como se nele acreditasse, e esperar a a\u00e7\u00e3o do tempo. H\u00e1 coisas que se faz, mas n\u00e3o se diz.<\/div>\n<p>&nbsp;<\/p>\n","protected":false},"excerpt":{"rendered":"<p>Por Helena Chagas, para o Divergentes e o Jornalistas pela Democracia &#8211;\u00a0Te cuida, Bolsonaro, porque a lua-de-mel pode acabar antes de o governo come\u00e7ar. O presidente eleito conseguiu desagradar a gregos e goianos com suas afirma\u00e7\u00f5es sobre a Previd\u00eancia. Antes, pela denotada falta de pressa, corroborada pelo futuro ministro da Casa Civil, Onyx Lorenzoni, na&#8230;<a class=\"more-link\" href=\"http:\/\/blogdalucianaoliveira.com.br\/blog\/2018\/12\/05\/te-cuida-bolsonaro-porque-a-lua-de-mel-sera-curta\/\">Continue a leitura <span class=\"meta-nav\">&raquo;<\/span><\/a><\/p>\n","protected":false},"author":1,"featured_media":0,"comment_status":"closed","ping_status":"open","sticky":false,"template":"","format":"standard","meta":{"_exactmetrics_skip_tracking":false,"_exactmetrics_sitenote_active":false,"_exactmetrics_sitenote_note":"","_exactmetrics_sitenote_category":0,"jetpack_post_was_ever_published":false,"_jetpack_newsletter_access":"","_jetpack_dont_email_post_to_subs":false,"_jetpack_newsletter_tier_id":0,"_jetpack_memberships_contains_paywalled_content":false,"_jetpack_memberships_contains_paid_content":false,"footnotes":"","jetpack_publicize_message":"","jetpack_publicize_feature_enabled":true,"jetpack_social_post_already_shared":true,"jetpack_social_options":{"image_generator_settings":{"template":"highway","enabled":false},"version":2}},"categories":[1],"tags":[],"class_list":["post-19737","post","type-post","status-publish","format-standard","hentry","category-notas"],"jetpack_publicize_connections":[],"jetpack_sharing_enabled":true,"jetpack_featured_media_url":"","jetpack_shortlink":"https:\/\/wp.me\/p7wKYW-58l","jetpack-related-posts":[],"_links":{"self":[{"href":"http:\/\/blogdalucianaoliveira.com.br\/blog\/wp-json\/wp\/v2\/posts\/19737","targetHints":{"allow":["GET"]}}],"collection":[{"href":"http:\/\/blogdalucianaoliveira.com.br\/blog\/wp-json\/wp\/v2\/posts"}],"about":[{"href":"http:\/\/blogdalucianaoliveira.com.br\/blog\/wp-json\/wp\/v2\/types\/post"}],"author":[{"embeddable":true,"href":"http:\/\/blogdalucianaoliveira.com.br\/blog\/wp-json\/wp\/v2\/users\/1"}],"replies":[{"embeddable":true,"href":"http:\/\/blogdalucianaoliveira.com.br\/blog\/wp-json\/wp\/v2\/comments?post=19737"}],"version-history":[{"count":1,"href":"http:\/\/blogdalucianaoliveira.com.br\/blog\/wp-json\/wp\/v2\/posts\/19737\/revisions"}],"predecessor-version":[{"id":19739,"href":"http:\/\/blogdalucianaoliveira.com.br\/blog\/wp-json\/wp\/v2\/posts\/19737\/revisions\/19739"}],"wp:attachment":[{"href":"http:\/\/blogdalucianaoliveira.com.br\/blog\/wp-json\/wp\/v2\/media?parent=19737"}],"wp:term":[{"taxonomy":"category","embeddable":true,"href":"http:\/\/blogdalucianaoliveira.com.br\/blog\/wp-json\/wp\/v2\/categories?post=19737"},{"taxonomy":"post_tag","embeddable":true,"href":"http:\/\/blogdalucianaoliveira.com.br\/blog\/wp-json\/wp\/v2\/tags?post=19737"}],"curies":[{"name":"wp","href":"https:\/\/api.w.org\/{rel}","templated":true}]}}