{"id":19743,"date":"2018-12-05T19:09:28","date_gmt":"2018-12-05T23:09:28","guid":{"rendered":"http:\/\/blogdalucianaoliveira.com.br\/blog\/?p=19743"},"modified":"2018-12-05T19:09:28","modified_gmt":"2018-12-05T23:09:28","slug":"o-governo-vitorioso-de-temer-o-aumento-da-extrema-pobreza-no-brasil-e-a-tragedia-anunciada-para-2019","status":"publish","type":"post","link":"http:\/\/blogdalucianaoliveira.com.br\/blog\/2018\/12\/05\/o-governo-vitorioso-de-temer-o-aumento-da-extrema-pobreza-no-brasil-e-a-tragedia-anunciada-para-2019\/","title":{"rendered":"O governo \u201cvitorioso\u201d de Temer, o aumento da extrema pobreza no Brasil e a trag\u00e9dia anunciada para 2019"},"content":{"rendered":"<p><img data-recalc-dims=\"1\" loading=\"lazy\" decoding=\"async\" data-attachment-id=\"19744\" data-permalink=\"http:\/\/blogdalucianaoliveira.com.br\/blog\/2018\/12\/05\/o-governo-vitorioso-de-temer-o-aumento-da-extrema-pobreza-no-brasil-e-a-tragedia-anunciada-para-2019\/teteq\/\" data-orig-file=\"https:\/\/i0.wp.com\/blogdalucianaoliveira.com.br\/blog\/wp-content\/uploads\/2018\/12\/teteq.jpg?fit=600%2C400\" data-orig-size=\"600,400\" data-comments-opened=\"0\" data-image-meta=\"{&quot;aperture&quot;:&quot;0&quot;,&quot;credit&quot;:&quot;&quot;,&quot;camera&quot;:&quot;&quot;,&quot;caption&quot;:&quot;&quot;,&quot;created_timestamp&quot;:&quot;0&quot;,&quot;copyright&quot;:&quot;&quot;,&quot;focal_length&quot;:&quot;0&quot;,&quot;iso&quot;:&quot;0&quot;,&quot;shutter_speed&quot;:&quot;0&quot;,&quot;title&quot;:&quot;&quot;,&quot;orientation&quot;:&quot;0&quot;}\" data-image-title=\"teteq\" data-image-description=\"\" data-image-caption=\"\" data-medium-file=\"https:\/\/i0.wp.com\/blogdalucianaoliveira.com.br\/blog\/wp-content\/uploads\/2018\/12\/teteq.jpg?fit=300%2C200\" data-large-file=\"https:\/\/i0.wp.com\/blogdalucianaoliveira.com.br\/blog\/wp-content\/uploads\/2018\/12\/teteq.jpg?fit=600%2C400\" src=\"https:\/\/i0.wp.com\/blogdalucianaoliveira.com.br\/blog\/wp-content\/uploads\/2018\/12\/teteq.jpg?resize=600%2C400\" alt=\"teteq\" width=\"600\" height=\"400\" class=\"alignnone size-full wp-image-19744\" srcset=\"https:\/\/i0.wp.com\/blogdalucianaoliveira.com.br\/blog\/wp-content\/uploads\/2018\/12\/teteq.jpg?w=600 600w, https:\/\/i0.wp.com\/blogdalucianaoliveira.com.br\/blog\/wp-content\/uploads\/2018\/12\/teteq.jpg?resize=300%2C200 300w, https:\/\/i0.wp.com\/blogdalucianaoliveira.com.br\/blog\/wp-content\/uploads\/2018\/12\/teteq.jpg?resize=450%2C300 450w\" sizes=\"auto, (max-width: 600px) 100vw, 600px\" \/><\/p>\n<p>No DCM, Por Carlos Fernandes &#8211; Algo de muito errado acontece quando um presidente da Rep\u00fablica avalia que o seu governo foi vitorioso no mesmo dia em que um \u00f3rg\u00e3o do Estado anuncia o aumento da extrema pobreza no pa\u00eds.<br \/>\nComo n\u00e3o d\u00e1 para levantar a hip\u00f3tese de que seja o caso de simples desinforma\u00e7\u00e3o do homem que comanda a na\u00e7\u00e3o, s\u00f3 nos resta admitir que o seu conceito de vit\u00f3ria n\u00e3o inclui o bem-estar do seu pr\u00f3prio povo.<!--more--><\/p>\n<p>Visto por esse \u00e2ngulo, n\u00e3o \u00e9 em absoluto errado afirmar que o projeto de poder encabe\u00e7ado por Michel Temer e sua equipe de not\u00f3rios foi extremamente bem-sucedido naquilo que se prop\u00f4s a fazer.<\/p>\n<p>Ter elevado o n\u00famero de brasileiros que vivem em condi\u00e7\u00f5es abaixo da linha da pobreza foi a consequ\u00eancia natural para todas as medidas pol\u00edticas, econ\u00f4micas e sociais impostas que desmantelaram a rede de assist\u00eancia social que garantia uma dignidade de vida m\u00ednima para uma grande parcela da popula\u00e7\u00e3o brasileira.<\/p>\n<p>Consumado o regime de desmonte da economia nacional, o Brasil registra a triste marca de nada menos do que 54,8 milh\u00f5es de pobres. 2 milh\u00f5es arrastados para essa faixa em apenas 1 ano.<\/p>\n<p>Sem contabilizar as pioras nos \u00edndices sociais verificados em 2018, o que j\u00e1 se pode afirmar de concreto de 2017 \u00e9 o de que 1 em cada 4 cidad\u00e3os desse pa\u00eds sobrevive precariamente gra\u00e7as ao governo \u201cvitorioso\u201d de sua excel\u00eancia.<\/p>\n<p>Seria o caso de comemorar o fim dessa era de abandono e retrocesso se o que se inicia em 2019 n\u00e3o representasse um futuro ainda mais sombrio do que esse que fomos obrigados a provar nesses dois anos e meio de ruptura do processo democr\u00e1tico.<\/p>\n<p>Se a gest\u00e3o Temer estava voltada para o aumento da desigualdade social e dos privil\u00e9gios do topo da cadeia alimentar capitalista j\u00e1 escandalosamente elevados no Brasil, a posse de Jair Bolsonaro e seus generais carrega o marco de um novo projeto de poder extranacional em que os exclu\u00eddos da vez n\u00e3o se limitar\u00e3o simplesmente aos pobres, mas a todo o conjunto da riqueza nacional.<\/p>\n<p>Claramente colonialista, Bolsonaro j\u00e1 manteve claro a sua inten\u00e7\u00e3o de aumentar o n\u00edvel de depend\u00eancia da economia brasileira \u00e0s necessidades norte-americanas.<\/p>\n<p>At\u00e9 pelo fato das experi\u00eancias passadas, n\u00e3o \u00e9 preciso de muita intelig\u00eancia para perceber o estrago que esse tipo de subordina\u00e7\u00e3o e vassalagem pode causar em um pa\u00eds que j\u00e1 figura no olimpo das injusti\u00e7as sociais.<\/p>\n<p>Os resultados pr\u00e1ticos para o regime ao que o Brasil ser\u00e1 submetido sob o comando de um desequilibrado nitidamente incapacitado para comandar sequer uma quitanda de a\u00e7a\u00ed, s\u00e3o obviamente esperados.<\/p>\n<p>A exemplo de Michel Temer, vislumbrado o que se prop\u00f5e a fazer, n\u00e3o tardar\u00e1 para que Bolsonaro fa\u00e7a alarde aos quatro ventos que o seu governo tamb\u00e9m \u00e9 vitorioso.<\/p>\n<p>Sob sua \u00f3tica e, sobretudo, sob a \u00f3tica norte-americana, de fato ser\u00e1. Para o Brasil, tudo n\u00e3o passar\u00e1 da mais pura e fria concretiza\u00e7\u00e3o de uma trag\u00e9dia anunciada.<\/p>\n","protected":false},"excerpt":{"rendered":"<p>No DCM, Por Carlos Fernandes &#8211; Algo de muito errado acontece quando um presidente da Rep\u00fablica avalia que o seu governo foi vitorioso no mesmo dia em que um \u00f3rg\u00e3o do Estado anuncia o aumento da extrema pobreza no pa\u00eds. Como n\u00e3o d\u00e1 para levantar a hip\u00f3tese de que seja o caso de simples desinforma\u00e7\u00e3o&#8230;<a class=\"more-link\" href=\"http:\/\/blogdalucianaoliveira.com.br\/blog\/2018\/12\/05\/o-governo-vitorioso-de-temer-o-aumento-da-extrema-pobreza-no-brasil-e-a-tragedia-anunciada-para-2019\/\">Continue a leitura <span class=\"meta-nav\">&raquo;<\/span><\/a><\/p>\n","protected":false},"author":1,"featured_media":0,"comment_status":"closed","ping_status":"open","sticky":false,"template":"","format":"standard","meta":{"_exactmetrics_skip_tracking":false,"_exactmetrics_sitenote_active":false,"_exactmetrics_sitenote_note":"","_exactmetrics_sitenote_category":0,"jetpack_post_was_ever_published":false,"_jetpack_newsletter_access":"","_jetpack_dont_email_post_to_subs":false,"_jetpack_newsletter_tier_id":0,"_jetpack_memberships_contains_paywalled_content":false,"_jetpack_memberships_contains_paid_content":false,"footnotes":"","jetpack_publicize_message":"","jetpack_publicize_feature_enabled":true,"jetpack_social_post_already_shared":true,"jetpack_social_options":{"image_generator_settings":{"template":"highway","enabled":false},"version":2}},"categories":[1],"tags":[],"class_list":["post-19743","post","type-post","status-publish","format-standard","hentry","category-notas"],"jetpack_publicize_connections":[],"jetpack_sharing_enabled":true,"jetpack_featured_media_url":"","jetpack_shortlink":"https:\/\/wp.me\/p7wKYW-58r","jetpack-related-posts":[],"_links":{"self":[{"href":"http:\/\/blogdalucianaoliveira.com.br\/blog\/wp-json\/wp\/v2\/posts\/19743","targetHints":{"allow":["GET"]}}],"collection":[{"href":"http:\/\/blogdalucianaoliveira.com.br\/blog\/wp-json\/wp\/v2\/posts"}],"about":[{"href":"http:\/\/blogdalucianaoliveira.com.br\/blog\/wp-json\/wp\/v2\/types\/post"}],"author":[{"embeddable":true,"href":"http:\/\/blogdalucianaoliveira.com.br\/blog\/wp-json\/wp\/v2\/users\/1"}],"replies":[{"embeddable":true,"href":"http:\/\/blogdalucianaoliveira.com.br\/blog\/wp-json\/wp\/v2\/comments?post=19743"}],"version-history":[{"count":1,"href":"http:\/\/blogdalucianaoliveira.com.br\/blog\/wp-json\/wp\/v2\/posts\/19743\/revisions"}],"predecessor-version":[{"id":19745,"href":"http:\/\/blogdalucianaoliveira.com.br\/blog\/wp-json\/wp\/v2\/posts\/19743\/revisions\/19745"}],"wp:attachment":[{"href":"http:\/\/blogdalucianaoliveira.com.br\/blog\/wp-json\/wp\/v2\/media?parent=19743"}],"wp:term":[{"taxonomy":"category","embeddable":true,"href":"http:\/\/blogdalucianaoliveira.com.br\/blog\/wp-json\/wp\/v2\/categories?post=19743"},{"taxonomy":"post_tag","embeddable":true,"href":"http:\/\/blogdalucianaoliveira.com.br\/blog\/wp-json\/wp\/v2\/tags?post=19743"}],"curies":[{"name":"wp","href":"https:\/\/api.w.org\/{rel}","templated":true}]}}