{"id":19746,"date":"2018-12-06T11:51:42","date_gmt":"2018-12-06T15:51:42","guid":{"rendered":"http:\/\/blogdalucianaoliveira.com.br\/blog\/?p=19746"},"modified":"2018-12-06T11:53:35","modified_gmt":"2018-12-06T15:53:35","slug":"especialista-ve-desastre-na-extincao-do-ministerio-do-trabalho","status":"publish","type":"post","link":"http:\/\/blogdalucianaoliveira.com.br\/blog\/2018\/12\/06\/especialista-ve-desastre-na-extincao-do-ministerio-do-trabalho\/","title":{"rendered":"Especialista v\u00ea desastre na extin\u00e7\u00e3o do Minist\u00e9rio do Trabalho"},"content":{"rendered":"<p><img data-recalc-dims=\"1\" loading=\"lazy\" decoding=\"async\" data-attachment-id=\"19747\" data-permalink=\"http:\/\/blogdalucianaoliveira.com.br\/blog\/2018\/12\/06\/especialista-ve-desastre-na-extincao-do-ministerio-do-trabalho\/tra-3\/\" data-orig-file=\"https:\/\/i0.wp.com\/blogdalucianaoliveira.com.br\/blog\/wp-content\/uploads\/2018\/12\/tra.jpg?fit=293%2C172\" data-orig-size=\"293,172\" data-comments-opened=\"0\" data-image-meta=\"{&quot;aperture&quot;:&quot;0&quot;,&quot;credit&quot;:&quot;&quot;,&quot;camera&quot;:&quot;&quot;,&quot;caption&quot;:&quot;&quot;,&quot;created_timestamp&quot;:&quot;0&quot;,&quot;copyright&quot;:&quot;&quot;,&quot;focal_length&quot;:&quot;0&quot;,&quot;iso&quot;:&quot;0&quot;,&quot;shutter_speed&quot;:&quot;0&quot;,&quot;title&quot;:&quot;&quot;,&quot;orientation&quot;:&quot;0&quot;}\" data-image-title=\"tra\" data-image-description=\"\" data-image-caption=\"\" data-medium-file=\"https:\/\/i0.wp.com\/blogdalucianaoliveira.com.br\/blog\/wp-content\/uploads\/2018\/12\/tra.jpg?fit=293%2C172\" data-large-file=\"https:\/\/i0.wp.com\/blogdalucianaoliveira.com.br\/blog\/wp-content\/uploads\/2018\/12\/tra.jpg?fit=293%2C172\" src=\"https:\/\/i0.wp.com\/blogdalucianaoliveira.com.br\/blog\/wp-content\/uploads\/2018\/12\/tra.jpg?resize=293%2C172\" alt=\"tra\" width=\"293\" height=\"172\" class=\"alignnone size-full wp-image-19747\" \/><\/p>\n<p>No Blog Da Cidadania &#8211; Poucas medidas anunciadas pelo governo de transi\u00e7\u00e3o do presidente eleito Jair Bolsonaro \u2013 at\u00e9 aqui \u2013 possuem um conte\u00fado t\u00e3o explosivo quanto o fim do Minist\u00e9rio do Trabalho, que ter\u00e1 suas atribui\u00e7\u00f5es fatiadas e distribu\u00eddas para outras tr\u00eas Pastas: Economia (gera\u00e7\u00e3o de emprego, gest\u00e3o dos recursos do FAT e FGTS); Justi\u00e7a (fiscaliza\u00e7\u00e3o das normas trabalhistas, concess\u00e3o de cartas sindicais) e Cidadania (forma\u00e7\u00e3o profissional ).<!--more--><\/p>\n<p>Ao longo de sua longeva hist\u00f3ria de 88 anos, o Minist\u00e9rio do Trabalho vem sofrendo desgastes continuados, que se agravaram com as recentes den\u00fancias de corrup\u00e7\u00e3o ligadas \u00e0 concess\u00e3o fraudulenta de registros sindicais. O esquema, segundo a Pol\u00edcia Federal, envolvia pol\u00edticos e servidores em cargos comissionados, que acabou gerando um impressionante recorde mundial para o Pa\u00eds: o registro de mais 15 mil sindicatos.<\/p>\n<p>O combate \u00e0 corrup\u00e7\u00e3o na al\u00e7ada do Minist\u00e9rio do Trabalho no futuro governo, contudo, n\u00e3o pode custar a insolv\u00eancia da Pasta, dotada de um papel fundamental na formula\u00e7\u00e3o de pol\u00edticas p\u00fablicas para o fortalecimento e moderniza\u00e7\u00e3o das rela\u00e7\u00f5es trabalhistas e no fomento \u00e0 cria\u00e7\u00e3o de emprego e renda, em um pa\u00eds com mais de 12 milh\u00f5es de desempregados.<\/p>\n<p><img data-recalc-dims=\"1\" loading=\"lazy\" decoding=\"async\" data-attachment-id=\"19748\" data-permalink=\"http:\/\/blogdalucianaoliveira.com.br\/blog\/2018\/12\/06\/especialista-ve-desastre-na-extincao-do-ministerio-do-trabalho\/mt-1-696x387\/\" data-orig-file=\"https:\/\/i0.wp.com\/blogdalucianaoliveira.com.br\/blog\/wp-content\/uploads\/2018\/12\/mt-1-696x387.png?fit=696%2C387\" data-orig-size=\"696,387\" data-comments-opened=\"0\" data-image-meta=\"{&quot;aperture&quot;:&quot;0&quot;,&quot;credit&quot;:&quot;&quot;,&quot;camera&quot;:&quot;&quot;,&quot;caption&quot;:&quot;&quot;,&quot;created_timestamp&quot;:&quot;0&quot;,&quot;copyright&quot;:&quot;&quot;,&quot;focal_length&quot;:&quot;0&quot;,&quot;iso&quot;:&quot;0&quot;,&quot;shutter_speed&quot;:&quot;0&quot;,&quot;title&quot;:&quot;&quot;,&quot;orientation&quot;:&quot;0&quot;}\" data-image-title=\"mt-1-696&amp;#215;387\" data-image-description=\"\" data-image-caption=\"\" data-medium-file=\"https:\/\/i0.wp.com\/blogdalucianaoliveira.com.br\/blog\/wp-content\/uploads\/2018\/12\/mt-1-696x387.png?fit=300%2C167\" data-large-file=\"https:\/\/i0.wp.com\/blogdalucianaoliveira.com.br\/blog\/wp-content\/uploads\/2018\/12\/mt-1-696x387.png?fit=600%2C334\" src=\"https:\/\/i0.wp.com\/blogdalucianaoliveira.com.br\/blog\/wp-content\/uploads\/2018\/12\/mt-1-696x387.png?resize=600%2C334\" alt=\"mt-1-696x387\" width=\"600\" height=\"334\" class=\"alignnone size-full wp-image-19748\" srcset=\"https:\/\/i0.wp.com\/blogdalucianaoliveira.com.br\/blog\/wp-content\/uploads\/2018\/12\/mt-1-696x387.png?resize=696%2C387 696w, https:\/\/i0.wp.com\/blogdalucianaoliveira.com.br\/blog\/wp-content\/uploads\/2018\/12\/mt-1-696x387.png?resize=300%2C167 300w, https:\/\/i0.wp.com\/blogdalucianaoliveira.com.br\/blog\/wp-content\/uploads\/2018\/12\/mt-1-696x387.png?resize=540%2C300 540w\" sizes=\"auto, (max-width: 600px) 100vw, 600px\" \/><\/p>\n<p>O Minist\u00e9rio do Trabalho tem um papel fundamental, previsto na Constitui\u00e7\u00e3o Federal, de garantidor dos direitos sociais fundamentais, dos quais se destaca o trabalho. Portanto, sua extin\u00e7\u00e3o afronta a Carta Magna brasileira, que assegura a empregados e empregadores a participa\u00e7\u00e3o em colegiados dos \u00f3rg\u00e3os p\u00fablicos para debater e deliberar sobre temas de seu interesse. \u00c0 medida que as atribui\u00e7\u00f5es do Minist\u00e9rio do Trabalho se fragmentarem, poderemos assistir ao colapso de um conjunto de saberes t\u00e9cnicos sobre o trabalho e o emprego no Brasil, que regulam o equil\u00edbrio entre empregados e empregadores, com poss\u00edveis repercuss\u00f5es para a seguran\u00e7a jur\u00eddica do pa\u00eds.<\/p>\n<p>Dessa forma, considero fundamentado o Parecer publicado no DOU em 30\/11\/2018, do pr\u00f3prio Minist\u00e9rio do Trabalho, que reputa como inconstitucional a extin\u00e7\u00e3o da Pasta e cita como as pol\u00edticas p\u00fablicas na \u00e1rea do trabalho est\u00e3o estruturadas atualmente, na Secretaria de Pol\u00edticas P\u00fablicas de Emprego (SPPE), Secretaria de Rela\u00e7\u00f5es de Trabalho (SRT), Secretaria de Inspe\u00e7\u00e3o do Trabalho (SIT), Subsecretaria de Economia Solid\u00e1ria (SENAES), Escola do Trabalhador, Conselhos do FGTS e do FAT e Diretoria de Imigra\u00e7\u00e3o (\u2026). \u201cA promo\u00e7\u00e3o de pol\u00edticas p\u00fablicas de emprego \u00e9 imperativo de conduta previsto na pr\u00f3pria Constitui\u00e7\u00e3o, quando, por exemplo, estabelece como fundamento da Rep\u00fablica Federativa do Brasil o valor social do trabalho (CF, art. 1.\u00ba, IV), bem como que a ordem social nacional tem como base o primado do trabalho (CF, art. 193)\u201d, refor\u00e7a o parecer. Com a extin\u00e7\u00e3o da Pasta, esse edif\u00edcio erguido ao longo de quase um s\u00e9culo pode desmoronar sem deixar nada em seu lugar.<\/p>\n<p>A decis\u00e3o de extinguir o Minist\u00e9rio do Trabalho tamb\u00e9m conflita com as Conven\u00e7\u00f5es 144 e 160, da Organiza\u00e7\u00e3o Internacional do Trabalho (OIT), das quais o Brasil \u00e9 signat\u00e1rio. A primeira trata de consultas tripartites para promover a aplica\u00e7\u00e3o das Normas Internacionais do Trabalho e a segunda abrange compromisso com a coleta, compila\u00e7\u00e3o e publica\u00e7\u00e3o de estat\u00edsticas relativas ao mundo do trabalho.<\/p>\n<p>O novo Governo, certamente, busca respostas para os novos desafios do mercado formal e informal do trabalho. \u00c9 o caso da cria\u00e7\u00e3o da carteira verde-amarela, mais voltada aos jovens que ingressam no mercado de trabalho e que poderiam abrir m\u00e3o do regramento do trabalho tradicional, previsto pela carteira de trabalho azul. Mas alguns princ\u00edpios da OIT devem sempre estar presentes no horizonte dos novos governantes: a pobreza \u00e9 um perigo para a prosperidade de todos, \u00e9 importante reconhecer o direito de negocia\u00e7\u00e3o coletiva e coopera\u00e7\u00e3o entre empregados e empregadores; \u00e9 preciso proteger a vida e sa\u00fade dos trabalhadores e \u00e9 fundamental manter o cuidado com a inf\u00e2ncia e a maternidade.<\/p>\n<p>Do Estad\u00e3o<\/p>\n","protected":false},"excerpt":{"rendered":"<p>No Blog Da Cidadania &#8211; Poucas medidas anunciadas pelo governo de transi\u00e7\u00e3o do presidente eleito Jair Bolsonaro \u2013 at\u00e9 aqui \u2013 possuem um conte\u00fado t\u00e3o explosivo quanto o fim do Minist\u00e9rio do Trabalho, que ter\u00e1 suas atribui\u00e7\u00f5es fatiadas e distribu\u00eddas para outras tr\u00eas Pastas: Economia (gera\u00e7\u00e3o de emprego, gest\u00e3o dos recursos do FAT e FGTS);&#8230;<a class=\"more-link\" href=\"http:\/\/blogdalucianaoliveira.com.br\/blog\/2018\/12\/06\/especialista-ve-desastre-na-extincao-do-ministerio-do-trabalho\/\">Continue a leitura <span class=\"meta-nav\">&raquo;<\/span><\/a><\/p>\n","protected":false},"author":1,"featured_media":19748,"comment_status":"closed","ping_status":"open","sticky":false,"template":"","format":"standard","meta":{"_exactmetrics_skip_tracking":false,"_exactmetrics_sitenote_active":false,"_exactmetrics_sitenote_note":"","_exactmetrics_sitenote_category":0,"jetpack_post_was_ever_published":false,"_jetpack_newsletter_access":"","_jetpack_dont_email_post_to_subs":false,"_jetpack_newsletter_tier_id":0,"_jetpack_memberships_contains_paywalled_content":false,"_jetpack_memberships_contains_paid_content":false,"footnotes":"","jetpack_publicize_message":"","jetpack_publicize_feature_enabled":true,"jetpack_social_post_already_shared":true,"jetpack_social_options":{"image_generator_settings":{"template":"highway","enabled":false},"version":2}},"categories":[1],"tags":[],"class_list":["post-19746","post","type-post","status-publish","format-standard","has-post-thumbnail","hentry","category-notas"],"jetpack_publicize_connections":[],"jetpack_sharing_enabled":true,"jetpack_featured_media_url":"https:\/\/i0.wp.com\/blogdalucianaoliveira.com.br\/blog\/wp-content\/uploads\/2018\/12\/mt-1-696x387.png?fit=696%2C387","jetpack_shortlink":"https:\/\/wp.me\/p7wKYW-58u","jetpack-related-posts":[],"_links":{"self":[{"href":"http:\/\/blogdalucianaoliveira.com.br\/blog\/wp-json\/wp\/v2\/posts\/19746","targetHints":{"allow":["GET"]}}],"collection":[{"href":"http:\/\/blogdalucianaoliveira.com.br\/blog\/wp-json\/wp\/v2\/posts"}],"about":[{"href":"http:\/\/blogdalucianaoliveira.com.br\/blog\/wp-json\/wp\/v2\/types\/post"}],"author":[{"embeddable":true,"href":"http:\/\/blogdalucianaoliveira.com.br\/blog\/wp-json\/wp\/v2\/users\/1"}],"replies":[{"embeddable":true,"href":"http:\/\/blogdalucianaoliveira.com.br\/blog\/wp-json\/wp\/v2\/comments?post=19746"}],"version-history":[{"count":1,"href":"http:\/\/blogdalucianaoliveira.com.br\/blog\/wp-json\/wp\/v2\/posts\/19746\/revisions"}],"predecessor-version":[{"id":19749,"href":"http:\/\/blogdalucianaoliveira.com.br\/blog\/wp-json\/wp\/v2\/posts\/19746\/revisions\/19749"}],"wp:featuredmedia":[{"embeddable":true,"href":"http:\/\/blogdalucianaoliveira.com.br\/blog\/wp-json\/wp\/v2\/media\/19748"}],"wp:attachment":[{"href":"http:\/\/blogdalucianaoliveira.com.br\/blog\/wp-json\/wp\/v2\/media?parent=19746"}],"wp:term":[{"taxonomy":"category","embeddable":true,"href":"http:\/\/blogdalucianaoliveira.com.br\/blog\/wp-json\/wp\/v2\/categories?post=19746"},{"taxonomy":"post_tag","embeddable":true,"href":"http:\/\/blogdalucianaoliveira.com.br\/blog\/wp-json\/wp\/v2\/tags?post=19746"}],"curies":[{"name":"wp","href":"https:\/\/api.w.org\/{rel}","templated":true}]}}