{"id":1975,"date":"2016-06-27T12:45:37","date_gmt":"2016-06-27T16:45:37","guid":{"rendered":"http:\/\/blogdalucianaoliveira.com.br\/blog\/?p=1975"},"modified":"2016-06-27T12:45:37","modified_gmt":"2016-06-27T16:45:37","slug":"o-livro-que-fez-os-americanos-tracarem-um-paralelo-entre-o-capitalismo-e-a-desigualdade","status":"publish","type":"post","link":"http:\/\/blogdalucianaoliveira.com.br\/blog\/2016\/06\/27\/o-livro-que-fez-os-americanos-tracarem-um-paralelo-entre-o-capitalismo-e-a-desigualdade\/","title":{"rendered":"O livro que fez os americanos tra\u00e7arem um paralelo entre o capitalismo e a desigualdade"},"content":{"rendered":"<p><img data-recalc-dims=\"1\" loading=\"lazy\" decoding=\"async\" data-attachment-id=\"1976\" data-permalink=\"http:\/\/blogdalucianaoliveira.com.br\/blog\/2016\/06\/27\/o-livro-que-fez-os-americanos-tracarem-um-paralelo-entre-o-capitalismo-e-a-desigualdade\/image-427\/\" data-orig-file=\"https:\/\/i0.wp.com\/blogdalucianaoliveira.com.br\/blog\/wp-content\/uploads\/2016\/06\/image-120.jpeg?fit=300%2C450\" data-orig-size=\"300,450\" data-comments-opened=\"0\" data-image-meta=\"{&quot;aperture&quot;:&quot;0&quot;,&quot;credit&quot;:&quot;&quot;,&quot;camera&quot;:&quot;&quot;,&quot;caption&quot;:&quot;&quot;,&quot;created_timestamp&quot;:&quot;0&quot;,&quot;copyright&quot;:&quot;&quot;,&quot;focal_length&quot;:&quot;0&quot;,&quot;iso&quot;:&quot;0&quot;,&quot;shutter_speed&quot;:&quot;0&quot;,&quot;title&quot;:&quot;&quot;,&quot;orientation&quot;:&quot;0&quot;}\" data-image-title=\"image\" data-image-description=\"\" data-image-caption=\"\" data-medium-file=\"https:\/\/i0.wp.com\/blogdalucianaoliveira.com.br\/blog\/wp-content\/uploads\/2016\/06\/image-120.jpeg?fit=200%2C300\" data-large-file=\"https:\/\/i0.wp.com\/blogdalucianaoliveira.com.br\/blog\/wp-content\/uploads\/2016\/06\/image-120.jpeg?fit=300%2C450\" src=\"https:\/\/i0.wp.com\/blogdalucianaoliveira.com.br\/blog\/wp-content\/uploads\/2016\/06\/image-120.jpeg?resize=300%2C450\" alt=\"image\" width=\"300\" height=\"450\" class=\"alignnone size-full wp-image-1976\" srcset=\"https:\/\/i0.wp.com\/blogdalucianaoliveira.com.br\/blog\/wp-content\/uploads\/2016\/06\/image-120.jpeg?w=300 300w, https:\/\/i0.wp.com\/blogdalucianaoliveira.com.br\/blog\/wp-content\/uploads\/2016\/06\/image-120.jpeg?resize=200%2C300 200w\" sizes=\"auto, (max-width: 300px) 100vw, 300px\" \/><\/p>\n<p>&#8220;Olho bastante para base a pir\u00e2mide. Me preocupo muito no livro com os 50% mais pobres. O Bolsa Fam\u00edlia tem sido um imenso sucesso, o que contribui para a redu\u00e7\u00e3o da extrema pobreza e o aumento da renda dos mais pobres. <!--more--><\/p>\n<p>A parte dos impostos tem peso em meu livro, mas a transfer\u00eancia tamb\u00e9m. No caso brasileiro, mais importante ainda \u00e9 a pol\u00edtica de valoriza\u00e7\u00e3o do sal\u00e1rio m\u00ednimo. Isso foi muito positivo. <\/p>\n<p>Quaisquer que sejam os dados, a diminui\u00e7\u00e3o da mis\u00e9ria no Brasil \u00e9 um fato, pelas pol\u00edticas introduzidas pelo PT. Mas \u00e9 poss\u00edvel ainda que os 10% mais ricos tenham ampliado sua dist\u00e2ncia. Pode ser ter ao mesmo tempo uma diminui\u00e7\u00e3o da pobreza e um aumento da desigualdade.&#8221;<\/p>\n","protected":false},"excerpt":{"rendered":"<p>&#8220;Olho bastante para base a pir\u00e2mide. Me preocupo muito no livro com os 50% mais pobres. O Bolsa Fam\u00edlia tem sido um imenso sucesso, o que contribui para a redu\u00e7\u00e3o da extrema pobreza e o aumento da renda dos mais pobres.<\/p>\n","protected":false},"author":1,"featured_media":0,"comment_status":"closed","ping_status":"open","sticky":false,"template":"","format":"standard","meta":{"_exactmetrics_skip_tracking":false,"_exactmetrics_sitenote_active":false,"_exactmetrics_sitenote_note":"","_exactmetrics_sitenote_category":0,"jetpack_post_was_ever_published":false,"_jetpack_newsletter_access":"","_jetpack_dont_email_post_to_subs":false,"_jetpack_newsletter_tier_id":0,"_jetpack_memberships_contains_paywalled_content":false,"_jetpack_memberships_contains_paid_content":false,"footnotes":"","jetpack_publicize_message":"","jetpack_publicize_feature_enabled":true,"jetpack_social_post_already_shared":true,"jetpack_social_options":{"image_generator_settings":{"template":"highway","enabled":false},"version":2}},"categories":[1],"tags":[],"class_list":["post-1975","post","type-post","status-publish","format-standard","hentry","category-notas"],"jetpack_publicize_connections":[],"jetpack_sharing_enabled":true,"jetpack_featured_media_url":"","jetpack_shortlink":"https:\/\/wp.me\/p7wKYW-vR","jetpack-related-posts":[],"_links":{"self":[{"href":"http:\/\/blogdalucianaoliveira.com.br\/blog\/wp-json\/wp\/v2\/posts\/1975","targetHints":{"allow":["GET"]}}],"collection":[{"href":"http:\/\/blogdalucianaoliveira.com.br\/blog\/wp-json\/wp\/v2\/posts"}],"about":[{"href":"http:\/\/blogdalucianaoliveira.com.br\/blog\/wp-json\/wp\/v2\/types\/post"}],"author":[{"embeddable":true,"href":"http:\/\/blogdalucianaoliveira.com.br\/blog\/wp-json\/wp\/v2\/users\/1"}],"replies":[{"embeddable":true,"href":"http:\/\/blogdalucianaoliveira.com.br\/blog\/wp-json\/wp\/v2\/comments?post=1975"}],"version-history":[{"count":2,"href":"http:\/\/blogdalucianaoliveira.com.br\/blog\/wp-json\/wp\/v2\/posts\/1975\/revisions"}],"predecessor-version":[{"id":1978,"href":"http:\/\/blogdalucianaoliveira.com.br\/blog\/wp-json\/wp\/v2\/posts\/1975\/revisions\/1978"}],"wp:attachment":[{"href":"http:\/\/blogdalucianaoliveira.com.br\/blog\/wp-json\/wp\/v2\/media?parent=1975"}],"wp:term":[{"taxonomy":"category","embeddable":true,"href":"http:\/\/blogdalucianaoliveira.com.br\/blog\/wp-json\/wp\/v2\/categories?post=1975"},{"taxonomy":"post_tag","embeddable":true,"href":"http:\/\/blogdalucianaoliveira.com.br\/blog\/wp-json\/wp\/v2\/tags?post=1975"}],"curies":[{"name":"wp","href":"https:\/\/api.w.org\/{rel}","templated":true}]}}