{"id":19750,"date":"2018-12-06T11:58:37","date_gmt":"2018-12-06T15:58:37","guid":{"rendered":"http:\/\/blogdalucianaoliveira.com.br\/blog\/?p=19750"},"modified":"2018-12-06T11:58:37","modified_gmt":"2018-12-06T15:58:37","slug":"privatizacao-da-caixa-provocaria-efeito-devastador-nas-politicas-sociais-entenda","status":"publish","type":"post","link":"http:\/\/blogdalucianaoliveira.com.br\/blog\/2018\/12\/06\/privatizacao-da-caixa-provocaria-efeito-devastador-nas-politicas-sociais-entenda\/","title":{"rendered":"Privatiza\u00e7\u00e3o da Caixa provocaria &#8220;efeito devastador&#8221; nas pol\u00edticas sociais; entenda"},"content":{"rendered":"<p><img data-recalc-dims=\"1\" loading=\"lazy\" decoding=\"async\" data-attachment-id=\"19751\" data-permalink=\"http:\/\/blogdalucianaoliveira.com.br\/blog\/2018\/12\/06\/privatizacao-da-caixa-provocaria-efeito-devastador-nas-politicas-sociais-entenda\/ciaxa\/\" data-orig-file=\"https:\/\/i0.wp.com\/blogdalucianaoliveira.com.br\/blog\/wp-content\/uploads\/2018\/12\/ciaxa.jpg?fit=640%2C369\" data-orig-size=\"640,369\" data-comments-opened=\"0\" data-image-meta=\"{&quot;aperture&quot;:&quot;0&quot;,&quot;credit&quot;:&quot;&quot;,&quot;camera&quot;:&quot;&quot;,&quot;caption&quot;:&quot;&quot;,&quot;created_timestamp&quot;:&quot;0&quot;,&quot;copyright&quot;:&quot;&quot;,&quot;focal_length&quot;:&quot;0&quot;,&quot;iso&quot;:&quot;0&quot;,&quot;shutter_speed&quot;:&quot;0&quot;,&quot;title&quot;:&quot;&quot;,&quot;orientation&quot;:&quot;0&quot;}\" data-image-title=\"ciaxa\" data-image-description=\"\" data-image-caption=\"\" data-medium-file=\"https:\/\/i0.wp.com\/blogdalucianaoliveira.com.br\/blog\/wp-content\/uploads\/2018\/12\/ciaxa.jpg?fit=300%2C173\" data-large-file=\"https:\/\/i0.wp.com\/blogdalucianaoliveira.com.br\/blog\/wp-content\/uploads\/2018\/12\/ciaxa.jpg?fit=600%2C346\" src=\"https:\/\/i0.wp.com\/blogdalucianaoliveira.com.br\/blog\/wp-content\/uploads\/2018\/12\/ciaxa.jpg?resize=600%2C346\" alt=\"ciaxa\" width=\"600\" height=\"346\" class=\"alignnone size-full wp-image-19751\" srcset=\"https:\/\/i0.wp.com\/blogdalucianaoliveira.com.br\/blog\/wp-content\/uploads\/2018\/12\/ciaxa.jpg?w=640 640w, https:\/\/i0.wp.com\/blogdalucianaoliveira.com.br\/blog\/wp-content\/uploads\/2018\/12\/ciaxa.jpg?resize=300%2C173 300w, https:\/\/i0.wp.com\/blogdalucianaoliveira.com.br\/blog\/wp-content\/uploads\/2018\/12\/ciaxa.jpg?resize=520%2C300 520w\" sizes=\"auto, (max-width: 600px) 100vw, 600px\" \/><\/p>\n<p>&#8220;Guru econ\u00f4mico&#8221; do presidente eleito \u00e9 favor\u00e1vel \u00e0 venda de todas as estatais; preju\u00edzo \u00e0 popula\u00e7\u00e3o ser\u00e1 bilion\u00e1rio<!--more--><\/p>\n<p>Lu Sudr\u00e9<br \/>\nBrasil de Fato<\/p>\n<p>Mesmo antes de chegar \u00e0 Presid\u00eancia, a equipe de transi\u00e7\u00e3o de Jair Bolsonaro (PSL) sinaliza que ir\u00e1 expandir a entrega de bens e empresas nacionais estrat\u00e9gicas ao setor privado. A pol\u00edtica foi executada ao longo do governo Temer (MDB), que desestatizou partes significativas da Petrobr\u00e1s e da Eletrobr\u00e1s desde 2016.<\/p>\n<p>O \u201craio privatizador\u201d de Temer tamb\u00e9m mira os bancos p\u00fablicos do pa\u00eds, como o Banco do Brasil e a Caixa Econ\u00f4mica Federal (CEF). Embora Bolsonaro afirme que n\u00e3o pretende privatizar as institui\u00e7\u00f5es financeiras, declara\u00e7\u00f5es de sua equipe ministerial apontam para o sentido oposto e mostram que seu governo deve radicalizar a linha adotada pela \u00faltima gest\u00e3o. Paulo Guedes, que est\u00e1 \u00e0 frente da pasta de economia do novo governo, j\u00e1 disse ser favor\u00e1vel a privatiza\u00e7\u00e3o de todas as estatais.  <\/p>\n<p>Adeus aos programas sociais<\/p>\n<p>Se as inten\u00e7\u00f5es de Guedes se realizarem, milhares de brasileiros ser\u00e3o prejudicados. Na avalia\u00e7\u00e3o do economista Roberto Piscitelli, professor da Faculdade de Economia da Universidade de Bras\u00edlia (UnB), a venda da Caixa deve provocar um efeito devastador em diferentes \u00e1reas.<\/p>\n<p>&#8220;Privatizar a Caixa significa que o governo vai ser um mero regulador das a\u00e7\u00f5es realizadas pelo mercado dentro de uma \u00f3tica privatista. Portanto, adeus aos programas sociais&#8221;, alerta Piscitelli.<\/p>\n<p>A institui\u00e7\u00e3o financia, por exemplo, programas de fomento \u00e0s atividades rurais que visam o desenvolvimento no campo como o Garantia Safra, que assegura renda m\u00ednima para a sobreviv\u00eancia de agricultores em \u00e1reas atingidas por secas ou enchentes. <\/p>\n<p>O Fundo de Financiamento Estudantil (FIES), que ajuda pessoas de baixa renda a concluir o ensino superior, tamb\u00e9m corre riscos. Segundo a institui\u00e7\u00e3o, mais de 7 milh\u00f5es de alunos foram contemplados pelo programa.<\/p>\n<p>Como principal agente operador dos programas sociais do governo federal, a Caixa tamb\u00e9m subsidia o Bolsa Fam\u00edlia, que ao longo de 15 anos contribuiu para a erradica\u00e7\u00e3o da pobreza. O programa atende mais de 13,9 milh\u00f5es de fam\u00edlias, que recebem, em m\u00e9dia, R$ 178 mensais. O Bolsa Fam\u00edlia \u00e9 reconhecido internacionalmente como instrumento efetivo de redu\u00e7\u00e3o das taxas de mortalidade infantil e evas\u00e3o escolar.<\/p>\n<p>Pol\u00edticas sociais de habita\u00e7\u00e3o e o programa Minha Casa, Minha Vida tamb\u00e9m seriam afetadas, assim como a gest\u00e3o do Fundo de Garantia do Tempo de Servi\u00e7o (FGTS) e do seguro-desemprego \u2013 cuja gest\u00e3o \u00e9 atrelada \u00e0 Caixa.<\/p>\n<p>No dia 22 de novembro, o futuro ministro da Economia, Paulo Guedes, indicou o nome de Pedro Duarte Guimar\u00e3es para a institui\u00e7\u00e3o. Guimar\u00e3es foi um dos respons\u00e1veis para levantar o nome das estatais que poderiam ser privatizadas na gest\u00e3o Bolsonaro.<\/p>\n<p>Resist\u00eancia<\/p>\n<p>Jair Ferreira, presidente da Federa\u00e7\u00e3o Nacional das Associa\u00e7\u00f5es do Pessoal da Caixa Econ\u00f4mica Federal (Fenae), alerta que a mobiliza\u00e7\u00e3o dos trabalhadores e da sociedade \u00e9 fundamental. \u201cOs planos do atual e do novo governo s\u00e3o para enfraquecer e fatiar a Caixa. Provas disso s\u00e3o o leil\u00e3o da Lotex, o projeto para pulverizar a gest\u00e3o do FGTS, Diretorias e Vice-Presidentes ocupadas por pessoas do mercado. Com a fal\u00e1cia de que o banco \u00e9 um \u2018cabide de empregos\u2019, existe a previs\u00e3o de um novo plano de demiss\u00e3o e aposentadoria ainda este ano. Mas, assim como fizemos diante de todas as amea\u00e7as ao longo dos anos, faremos novamente. N\u00e3o vamos aceitar a diminui\u00e7\u00e3o da Caixa\u201d, promete.<\/p>\n<p>Nos espa\u00e7os legislativos, tamb\u00e9m h\u00e1 resist\u00eancia. \u201cA l\u00f3gica de uma empresa privada \u00e9 diferente de uma p\u00fablica, como a Caixa, que cuida de projetos que s\u00e3o fundamentais para o desenvolvimento do pa\u00eds\u201d, ressalta o senador Lindbergh Farias (PT), cr\u00edtico \u00e0s propostas de privatiza\u00e7\u00e3o.<\/p>\n<p>Ao final do primeiro semestre de 2017, a Caixa pagou cerca de 78,5 milh\u00f5es em benef\u00edcios sociais. Conhe\u00e7a os n\u00fameros mais impressionantes, disponibilizados pela campanha &#8220;Defenda a Caixa voc\u00ea tamb\u00e9m&#8221;:<\/p>\n<p>Habita\u00e7\u00e3o<\/p>\n<p>A Caixa financia 70% das moradias no pa\u00eds.<\/p>\n<p>Bolsa Fam\u00edlia<\/p>\n<p>13,7 milh\u00f5es de fam\u00edlias recebem o benef\u00edcio atualmente; Programa ajudou a reduzir a mortalidade infantil, a evas\u00e3o escolar e a fome no pa\u00eds.<\/p>\n<p>Aposentadoria<\/p>\n<p>Pagamentos de aposentadorias e pens\u00f5es aos benefici\u00e1rios do INSS totalizaram 33,7 milh\u00f5es.<\/p>\n<p>Loterias federais<\/p>\n<p>At\u00e9 julho de 2018, mais de R$ 3,6 bilh\u00f5es arrecadados pela loteria da Caixa foram destinados ao desenvolvimento social.<\/p>\n<p>Cultura<\/p>\n<p>Investimento de R$ 13 milh\u00f5es em projetos de teatro, cinema e exposi\u00e7\u00f5es.<\/p>\n<p>Edi\u00e7\u00e3o: Daniel Giovanaz<\/p>\n","protected":false},"excerpt":{"rendered":"<p>&#8220;Guru econ\u00f4mico&#8221; do presidente eleito \u00e9 favor\u00e1vel \u00e0 venda de todas as estatais; preju\u00edzo \u00e0 popula\u00e7\u00e3o ser\u00e1 bilion\u00e1rio<\/p>\n","protected":false},"author":1,"featured_media":0,"comment_status":"closed","ping_status":"open","sticky":false,"template":"","format":"standard","meta":{"_exactmetrics_skip_tracking":false,"_exactmetrics_sitenote_active":false,"_exactmetrics_sitenote_note":"","_exactmetrics_sitenote_category":0,"jetpack_post_was_ever_published":false,"_jetpack_newsletter_access":"","_jetpack_dont_email_post_to_subs":false,"_jetpack_newsletter_tier_id":0,"_jetpack_memberships_contains_paywalled_content":false,"_jetpack_memberships_contains_paid_content":false,"footnotes":"","jetpack_publicize_message":"","jetpack_publicize_feature_enabled":true,"jetpack_social_post_already_shared":true,"jetpack_social_options":{"image_generator_settings":{"template":"highway","enabled":false},"version":2}},"categories":[1],"tags":[],"class_list":["post-19750","post","type-post","status-publish","format-standard","hentry","category-notas"],"jetpack_publicize_connections":[],"jetpack_sharing_enabled":true,"jetpack_featured_media_url":"","jetpack_shortlink":"https:\/\/wp.me\/p7wKYW-58y","jetpack-related-posts":[],"_links":{"self":[{"href":"http:\/\/blogdalucianaoliveira.com.br\/blog\/wp-json\/wp\/v2\/posts\/19750","targetHints":{"allow":["GET"]}}],"collection":[{"href":"http:\/\/blogdalucianaoliveira.com.br\/blog\/wp-json\/wp\/v2\/posts"}],"about":[{"href":"http:\/\/blogdalucianaoliveira.com.br\/blog\/wp-json\/wp\/v2\/types\/post"}],"author":[{"embeddable":true,"href":"http:\/\/blogdalucianaoliveira.com.br\/blog\/wp-json\/wp\/v2\/users\/1"}],"replies":[{"embeddable":true,"href":"http:\/\/blogdalucianaoliveira.com.br\/blog\/wp-json\/wp\/v2\/comments?post=19750"}],"version-history":[{"count":1,"href":"http:\/\/blogdalucianaoliveira.com.br\/blog\/wp-json\/wp\/v2\/posts\/19750\/revisions"}],"predecessor-version":[{"id":19752,"href":"http:\/\/blogdalucianaoliveira.com.br\/blog\/wp-json\/wp\/v2\/posts\/19750\/revisions\/19752"}],"wp:attachment":[{"href":"http:\/\/blogdalucianaoliveira.com.br\/blog\/wp-json\/wp\/v2\/media?parent=19750"}],"wp:term":[{"taxonomy":"category","embeddable":true,"href":"http:\/\/blogdalucianaoliveira.com.br\/blog\/wp-json\/wp\/v2\/categories?post=19750"},{"taxonomy":"post_tag","embeddable":true,"href":"http:\/\/blogdalucianaoliveira.com.br\/blog\/wp-json\/wp\/v2\/tags?post=19750"}],"curies":[{"name":"wp","href":"https:\/\/api.w.org\/{rel}","templated":true}]}}