{"id":19756,"date":"2018-12-07T07:45:12","date_gmt":"2018-12-07T11:45:12","guid":{"rendered":"http:\/\/blogdalucianaoliveira.com.br\/blog\/?p=19756"},"modified":"2018-12-07T08:14:18","modified_gmt":"2018-12-07T12:14:18","slug":"direitos-humanos-completam-70-anos-e-decisao-do-tj-ro-revela-desdem-com-a-vida","status":"publish","type":"post","link":"http:\/\/blogdalucianaoliveira.com.br\/blog\/2018\/12\/07\/direitos-humanos-completam-70-anos-e-decisao-do-tj-ro-revela-desdem-com-a-vida\/","title":{"rendered":"DIREITOS HUMANOS COMPLETAM 70 ANOS E DECIS\u00c3O DO TJ-RO REVELA DESD\u00c9M COM A VIDA"},"content":{"rendered":"<div class=\"jetpack-video-wrapper\"><iframe loading=\"lazy\" title=\"Luciana Oliveira: Bolsonaro \u00e9 a nega\u00e7\u00e3o dos direitos humanos\" width=\"600\" height=\"338\" src=\"https:\/\/www.youtube.com\/embed\/939m9qYHCws?feature=oembed\" frameborder=\"0\" allow=\"accelerometer; autoplay; clipboard-write; encrypted-media; gyroscope; picture-in-picture; web-share\" referrerpolicy=\"strict-origin-when-cross-origin\" allowfullscreen><\/iframe><\/div>\n<p>Minha reflex\u00e3o na TV 247<\/p>\n<p>Leia :<\/p>\n<p><a href=\"https:\/\/www.tjro.jus.br\/noticias\/item\/10234-tjro-reforma-sentenca-indenizatoria-por-morte-em-unidade-socioeducativa\">https:\/\/www.tjro.jus.br\/noticias\/item\/10234-tjro-reforma-sentenca-indenizatoria-por-morte-em-unidade-socioeducativa<\/a><\/p>\n<p>&nbsp;<\/p>\n<p><a href=\"http:\/\/www.rondoniadinamica.com\/arquivo\/-juiz-condena-tim-a-pagar-r-100-mil-por-danos-morais-mas-chama-a-empresa-de-banco,67094.shtml\">http:\/\/www.rondoniadinamica.com\/arquivo\/-juiz-condena-tim-a-pagar-r-100-mil-por-danos-morais-mas-chama-a-empresa-de-banco,67094.shtml<\/a><\/p>\n<p>&nbsp;<\/p>\n","protected":false},"excerpt":{"rendered":"<p>Minha reflex\u00e3o na TV 247 Leia : https:\/\/www.tjro.jus.br\/noticias\/item\/10234-tjro-reforma-sentenca-indenizatoria-por-morte-em-unidade-socioeducativa &nbsp; http:\/\/www.rondoniadinamica.com\/arquivo\/-juiz-condena-tim-a-pagar-r-100-mil-por-danos-morais-mas-chama-a-empresa-de-banco,67094.shtml &nbsp;<\/p>\n","protected":false},"author":1,"featured_media":0,"comment_status":"closed","ping_status":"open","sticky":false,"template":"","format":"standard","meta":{"_exactmetrics_skip_tracking":false,"_exactmetrics_sitenote_active":false,"_exactmetrics_sitenote_note":"","_exactmetrics_sitenote_category":0,"jetpack_post_was_ever_published":false,"_jetpack_newsletter_access":"","_jetpack_dont_email_post_to_subs":false,"_jetpack_newsletter_tier_id":0,"_jetpack_memberships_contains_paywalled_content":false,"_jetpack_memberships_contains_paid_content":false,"footnotes":"","jetpack_publicize_message":"","jetpack_publicize_feature_enabled":true,"jetpack_social_post_already_shared":true,"jetpack_social_options":{"image_generator_settings":{"template":"highway","enabled":false},"version":2}},"categories":[1],"tags":[],"class_list":["post-19756","post","type-post","status-publish","format-standard","hentry","category-notas"],"jetpack_publicize_connections":[],"jetpack_sharing_enabled":true,"jetpack_featured_media_url":"","jetpack_shortlink":"https:\/\/wp.me\/p7wKYW-58E","jetpack-related-posts":[],"_links":{"self":[{"href":"http:\/\/blogdalucianaoliveira.com.br\/blog\/wp-json\/wp\/v2\/posts\/19756","targetHints":{"allow":["GET"]}}],"collection":[{"href":"http:\/\/blogdalucianaoliveira.com.br\/blog\/wp-json\/wp\/v2\/posts"}],"about":[{"href":"http:\/\/blogdalucianaoliveira.com.br\/blog\/wp-json\/wp\/v2\/types\/post"}],"author":[{"embeddable":true,"href":"http:\/\/blogdalucianaoliveira.com.br\/blog\/wp-json\/wp\/v2\/users\/1"}],"replies":[{"embeddable":true,"href":"http:\/\/blogdalucianaoliveira.com.br\/blog\/wp-json\/wp\/v2\/comments?post=19756"}],"version-history":[{"count":3,"href":"http:\/\/blogdalucianaoliveira.com.br\/blog\/wp-json\/wp\/v2\/posts\/19756\/revisions"}],"predecessor-version":[{"id":19759,"href":"http:\/\/blogdalucianaoliveira.com.br\/blog\/wp-json\/wp\/v2\/posts\/19756\/revisions\/19759"}],"wp:attachment":[{"href":"http:\/\/blogdalucianaoliveira.com.br\/blog\/wp-json\/wp\/v2\/media?parent=19756"}],"wp:term":[{"taxonomy":"category","embeddable":true,"href":"http:\/\/blogdalucianaoliveira.com.br\/blog\/wp-json\/wp\/v2\/categories?post=19756"},{"taxonomy":"post_tag","embeddable":true,"href":"http:\/\/blogdalucianaoliveira.com.br\/blog\/wp-json\/wp\/v2\/tags?post=19756"}],"curies":[{"name":"wp","href":"https:\/\/api.w.org\/{rel}","templated":true}]}}