{"id":19763,"date":"2018-12-07T08:26:20","date_gmt":"2018-12-07T12:26:20","guid":{"rendered":"http:\/\/blogdalucianaoliveira.com.br\/blog\/?p=19763"},"modified":"2018-12-07T08:26:20","modified_gmt":"2018-12-07T12:26:20","slug":"ato-e-mostra-de-cinema-marcam-70-anos-dos-direitos-humanos","status":"publish","type":"post","link":"http:\/\/blogdalucianaoliveira.com.br\/blog\/2018\/12\/07\/ato-e-mostra-de-cinema-marcam-70-anos-dos-direitos-humanos\/","title":{"rendered":"Ato e Mostra de Cinema marcam 70 anos dos Direitos Humanos"},"content":{"rendered":"<p><img data-recalc-dims=\"1\" loading=\"lazy\" decoding=\"async\" data-attachment-id=\"19764\" data-permalink=\"http:\/\/blogdalucianaoliveira.com.br\/blog\/2018\/12\/07\/ato-e-mostra-de-cinema-marcam-70-anos-dos-direitos-humanos\/2b5357b0-d713-4aa2-936d-991f1adb9004\/\" data-orig-file=\"https:\/\/i0.wp.com\/blogdalucianaoliveira.com.br\/blog\/wp-content\/uploads\/2018\/12\/2B5357B0-D713-4AA2-936D-991F1ADB9004.jpeg?fit=1200%2C1200\" data-orig-size=\"1200,1200\" data-comments-opened=\"0\" data-image-meta=\"{&quot;aperture&quot;:&quot;0&quot;,&quot;credit&quot;:&quot;&quot;,&quot;camera&quot;:&quot;&quot;,&quot;caption&quot;:&quot;&quot;,&quot;created_timestamp&quot;:&quot;0&quot;,&quot;copyright&quot;:&quot;&quot;,&quot;focal_length&quot;:&quot;0&quot;,&quot;iso&quot;:&quot;0&quot;,&quot;shutter_speed&quot;:&quot;0&quot;,&quot;title&quot;:&quot;&quot;,&quot;orientation&quot;:&quot;0&quot;}\" data-image-title=\"2B5357B0-D713-4AA2-936D-991F1ADB9004\" data-image-description=\"\" data-image-caption=\"\" data-medium-file=\"https:\/\/i0.wp.com\/blogdalucianaoliveira.com.br\/blog\/wp-content\/uploads\/2018\/12\/2B5357B0-D713-4AA2-936D-991F1ADB9004.jpeg?fit=300%2C300\" data-large-file=\"https:\/\/i0.wp.com\/blogdalucianaoliveira.com.br\/blog\/wp-content\/uploads\/2018\/12\/2B5357B0-D713-4AA2-936D-991F1ADB9004.jpeg?fit=600%2C600\" src=\"https:\/\/i0.wp.com\/blogdalucianaoliveira.com.br\/blog\/wp-content\/uploads\/2018\/12\/2B5357B0-D713-4AA2-936D-991F1ADB9004.jpeg?resize=600%2C600\" alt=\"2B5357B0-D713-4AA2-936D-991F1ADB9004\" width=\"600\" height=\"600\" class=\"alignnone size-full wp-image-19764\" srcset=\"https:\/\/i0.wp.com\/blogdalucianaoliveira.com.br\/blog\/wp-content\/uploads\/2018\/12\/2B5357B0-D713-4AA2-936D-991F1ADB9004.jpeg?w=1200 1200w, https:\/\/i0.wp.com\/blogdalucianaoliveira.com.br\/blog\/wp-content\/uploads\/2018\/12\/2B5357B0-D713-4AA2-936D-991F1ADB9004.jpeg?resize=150%2C150 150w, https:\/\/i0.wp.com\/blogdalucianaoliveira.com.br\/blog\/wp-content\/uploads\/2018\/12\/2B5357B0-D713-4AA2-936D-991F1ADB9004.jpeg?resize=300%2C300 300w, https:\/\/i0.wp.com\/blogdalucianaoliveira.com.br\/blog\/wp-content\/uploads\/2018\/12\/2B5357B0-D713-4AA2-936D-991F1ADB9004.jpeg?resize=768%2C768 768w, https:\/\/i0.wp.com\/blogdalucianaoliveira.com.br\/blog\/wp-content\/uploads\/2018\/12\/2B5357B0-D713-4AA2-936D-991F1ADB9004.jpeg?resize=1024%2C1024 1024w\" sizes=\"auto, (max-width: 600px) 100vw, 600px\" \/><\/p>\n<p>Realizada pelo Minist\u00e9rio dos Direitos Humanos, com produ\u00e7\u00e3o nacional do ICEM \u2013 Instituto Cultura Em Movimento, a Mostra Cinema e Direitos Humanos \u00e9 uma estrat\u00e9gia do Governo Federal para a consolida\u00e7\u00e3o da cultura e da educa\u00e7\u00e3o em Direitos Humanos, ampliando os espa\u00e7os de informa\u00e7\u00e3o e debate sobre Direitos Humanos por meio da linguagem cinematogr\u00e1fica.<!--more--><\/p>\n<p>Com acessibilidade, todas as sess\u00f5es s\u00e3o gratuitas, os filmes contam com closed caption, alguns foram selecionados com audiodescri\u00e7\u00e3o e libras. Cada espa\u00e7o de exibi\u00e7\u00e3o contar\u00e1 com a programa\u00e7\u00e3o em braile para consulta e o  local de exibi\u00e7\u00e3o tem uma infraestrutura adaptada, permitindo o acesso a pessoas com dificuldade de locomo\u00e7\u00e3o.<\/p>\n<p>Em Porto Velho a Palma Produ\u00e7\u00e3o e o Cineoca s\u00e3o respons\u00e1veis pela coordena\u00e7\u00e3o do evento. As sess\u00f5es ser\u00e3o realizadas no audit\u00f3rio do SENAC, de 10 a 14 de dezembro de 2018.    <\/p>\n<div class=\"fb-post\" data-href=\"https:\/\/www.facebook.com\/446780888856034\/posts\/987628088104642\/\" data-width=\"552\"><\/div>\n<p>*****<\/p>\n<p>10.12.18 &#8211; segunda-feira <\/p>\n<p>14h \u2013 Mostra Homenagem \u2013 14 anos &#8211; ClosedCaption<br \/>\nO Que \u00e9 Isso Companheiro<br \/>\nBruno Barreto \/ Brasil \/ 1997 \/ 110min<br \/>\nEm 1964, um golpe militar derruba o governo democr\u00e1tico brasileiro e, ap\u00f3s alguns anos de manifesta\u00e7\u00f5es pol\u00edticas, \u00e9 promulgado em dezembro de 1968 o Ato Constitucional n\u00ba 5, que nada mais era que o golpe dentro do golpe, pois acabava com a liberdade de imprensa e os direitos civis. Neste per\u00edodo v\u00e1rios estudantes abra\u00e7am a luta armada, entrando na clandestinidade, e em 1969 militantes do MR-8 elaboram um plano para sequestrar o embaixador dos Estados Unidos para troc\u00e1-lo por prisioneiros pol\u00edticos, que eram torturados nos por\u00f5es da ditadura.<\/p>\n<p>16h &#8211; Mostra Homenagem &#8211; 14 anos &#8211; ClosedCaption<br \/>\nEles N\u00e3o Usam Black Tie<br \/>\nLeon Hirszman \/ Brasil \/ 1981 \/ 134min<br \/>\nEles n\u00e3o usam black-tie debru\u00e7a-se sobre os conflitos, contradi\u00e7\u00f5es e anseios da classe trabalhadora no final dos anos 1970, na crise final da ditadura militar. Baseado em pe\u00e7a hom\u00f4nima de Gianfrancesco Guarnieri escrita duas d\u00e9cadas antes, o filme adota uma narrativa realista que situa, em p\u00f3los antag\u00f4nicos, a esperan\u00e7a na a\u00e7\u00e3o coletiva e a aposta nas sa\u00eddas individuais, como alternativa de vida para os trabalhadores. Em torno do conflito entre o pai sindicalista, Ot\u00e1vio (Guarnieri), e o filho alienado, Ti\u00e3o (Carlos Alberto Ricelli), constr\u00f3i-se uma trama comovente que reflete os efeitos da luta pela sobreviv\u00eancia no seio da fam\u00edlia oper\u00e1ria. Eles n\u00e3o usam black-tie cativou o p\u00fablico e a cr\u00edtica, e recebeu v\u00e1rios pr\u00eamios, entre os quais se destaca o Le\u00e3o de Ouro no Festival de Veneza de 1981.<\/p>\n<p>19h &#8211; Mostra Panorama \u2013 Livre &#8211; Abertura oficial<br \/>\nClosedCaption\/Audiodescri\u00e7\u00e3o<br \/>\nN\u00f3s<br \/>\nThiago dos santos Simas \/ Brasil \/ 2016 \/ 6 min<br \/>\n O filme mostra a trajet\u00f3ria c\u00edclica dos refugiados atrav\u00e9s dos tempos, uma reedi\u00e7\u00e3o de acontecimentos passados.<\/p>\n<p>Do Outro Lado<br \/>\nBob Yang &#038; Frederico Evaristo \/ Brasil \/ 2018 \/ 14 min<br \/>\n \u00c0s v\u00e9speras de uma importante decis\u00e3o, a ju\u00edza da Corte Suprema de Taiwan recebe uma carta inesperada.<\/p>\n<p>11.12.18 &#8211; ter\u00e7a-feira<\/p>\n<p>09h30 &#8211; Mostra Tem\u00e1tica &#8211; 12 anos &#8211; ClosedCaption\/Adiodescri\u00e7\u00e3o\/Libras<br \/>\nHenfil<br \/>\nAngelaZo\u00e9 \/ Brasil \/ 2017 \/ 74min<br \/>\n O document\u00e1rio registra uma proposta curiosa feita a uma turma de jovens animadores: tentar trazer para a atualidade as obras do cartunista, jornalista e ativista brasileiro Henrique de Souza Filho, o Henfil. Al\u00e9m desse processo, o filme traz depoimentos de amigos e revela\u00e7\u00f5es sobre como o artista hemof\u00edlico lidava com sua doen\u00e7a e utilizava seus desenhos como instrumento de luta contra a censura pol\u00edtica de sua \u00e9poca.<\/p>\n<p>13h30 &#8211; Mostra Tem\u00e1tica \u2013 Livre &#8211; ClosedCaption\/Adiodescri\u00e7\u00e3o\/Libras<br \/>\nHer\u00f3is<br \/>\nCavi Borges \/ Brasil \/ 2018 \/ 70min<br \/>\n A judoca Rafaela Silva foi a primeira atleta da delega\u00e7\u00e3o brasileira a ganhar uma medalha de ouro nas Olimp\u00edadas do Rio em 2016, levando toda na\u00e7\u00e3o as l\u00e1grimas. Popople Misenga, o congol\u00eas convidado a participar da delega\u00e7\u00e3o composta por refugiados, fez o mesmo. Al\u00e9m disso, como esquecer de Rog\u00e9rio Sampaio e o ouro no mesmo esporte durante as Olimp\u00edadas de Barcelona em 1992. A partir de uma abordagem heroica, a carreira desses desportistas \u00e9 transformada em filme.<\/p>\n<p>15h &#8211; Mostra Panorama &#8211; 16 anos &#8211; ClosedCaption<br \/>\nMenina de Barro<br \/>\nVin\u00edcius Machado \/ Brasil \/ 2018 \/ 97min<br \/>\n A jovem Diana \u00e9 uma garota habilidosa e especial. Na aurora de seus 12 anos de idade j\u00e1 carrega uma bagagem de conhecimento e talento que se mostra dif\u00edcil de lidar: ela traz a estigmatizada e dadivosa marca de ser superdotada.<br \/>\nEntre a solid\u00e3o e a curiosidade, entre a agressividade e o carinho, Diana vai tecendo uma auto-cr\u00edtica minuciosa ao passo que descobre a for\u00e7a do conhecimento e da amizade para liberar seus impulsos mais solid\u00e1rios.<br \/>\nAo mesmo tempo que busca &#8220;combater&#8221; o Bullying em sua escola, Diana precisar\u00e1 estar pronta para enfrentar seus problemas de fam\u00edlia, seu cora\u00e7\u00e3o e uma f\u00faria t\u00edpica daqueles que n\u00e3o se contentam com a apatia alheia.<br \/>\nDemais para uma garotinha? Sinta-se convidado para descobrir de qual barro s\u00e3o feitas as guerreiras.<\/p>\n<p>17h &#8211; Mostra Panorama \u2013 Livre &#8211; ClosedCaption\/Adiodescri\u00e7\u00e3o\/Libras<br \/>\nBatuque Ga\u00facho<br \/>\nS\u00e9rgio Valentim e Mestre Paraquedas ( Eugenio Alencar) \/ Brasil \/ 2014 \/ 26min<br \/>\n O Batuque Ga\u00facho \u00e9 o nome dado a religi\u00e3o africana no Rio Grande do Sul, maior fen\u00f4meno religioso do Brasil, com cerca de 8 a 10 mil casas em todo o Estado. Mesmo assim, ainda \u00e9 a que mais sofre preconceitos e est\u00e1 inviabilizada devido o racismo.<\/p>\n<p>As sementes<br \/>\nBeto Novaes e Cleisson Vidal \/ Brasil \/ 2015 \/ 32min<br \/>\n Neneide fala sobre empoderamento feminino e como o grupo \u201cMulheres Decididas a Vencer\u201d passou a trabalhar com abelhas num assentamento no Rio Grande do Norte. Izanete resiste ao agroneg\u00f3cio que ocupa extensas terras no Rio Grande do Sul, onde produz leite ecol\u00f3gico e p\u00e3es para a merenda escolar. Para Efig\u00eania, horta \u00e9 terapia e o trabalho na ro\u00e7a em Minas Gerais, independ\u00eancia. Maria dos Santos recorda lutas pela posse da terra e igualdade de g\u00eanero e contra a desnutri\u00e7\u00e3o nas \u00e1reas quilombolas da Bahia. Quatro sementes da economia solid\u00e1ria, do cooperativismo, do feminismo, da agroecologia.<\/p>\n<p>19h &#8211; Mostra Panorama \u2013 Livre &#8211; Sess\u00e3o com debate ClosedCaption<br \/>\nUma Bala<br \/>\nPiero Sbragia \/ Brasil \/ 2018 \/ 2 min<br \/>\n Marielle Franco foi assassinada em 14 de mar\u00e7o de 2018. Quem matou Marielle? Quem mandou matar Marielle? O crime permanece sem solu\u00e7\u00e3o! &#8220;Uma bala. Uma bala realmente abala. Abala, mas n\u00e3o cala. Quem batalha por igualdade!&#8221;<\/p>\n<p>Nomes que Importam<br \/>\nMuriel Alves e AngelaDonini \/ Brasil \/ 2018 \/ 15 min<br \/>\n Filme que aborda a import\u00e2ncia dos nomes sociais das pessoas trans.<br \/>\nO curta-metragem nomes que importam revela as hist\u00f3rias que permeiam as escolhas dos nomes das travestis e transexuais que participam do filme. Por meio de depoimentos, o document\u00e1rio aciona mem\u00f3rias afetivas.<\/p>\n<p>Repense o Elogio<br \/>\nEstela Renner \/ Brasil \/ 2017 \/ 48 min<br \/>\n Repense o Elogio \u00e9 um document\u00e1rio que prop\u00f5e a reflex\u00e3o sobre a maneira como as crian\u00e7as s\u00e3o elogiadas. Enquanto meninas s\u00e3o lindas, princesas e delicadas, meninos s\u00e3o fortes, inteligentes e corajosos. At\u00e9 que ponto estes adjetivos aprisionam o verdadeiro ser de cada um? Este \u00e9 um filme que reflete sobre o poder das palavras e da cultura, que trouxeram este desequil\u00edbrio t\u00e3o profundo na forma que elogiamos meninas e meninos.<\/p>\n<p>12.12.18 &#8211; quarta-feira<\/p>\n<p>09h30 &#8211; Mostra Panorama &#8211; 12 anos &#8211; ClosedCaption<br \/>\nSociedade Etiquetada<br \/>\nHelena Ara\u00fajo \/ Brasil \/ 2018 \/ 5min<br \/>\n Fernando, um homem gay, vive em uma sociedade que os r\u00f3tulos sociais, que s\u00e3o dados a nos por outras pessoas, s\u00e3o vistos a olho nu, e ele tem que suportar o dia a dia dentro dessa sociedade cada dia mais cansado.<\/p>\n<p>Tente Entender o Que Eu Tento Dizer<br \/>\nEm\u00edlia Silveira\/ Brasil \/ 2018 \/ 85min<br \/>\n Tente Entender \u00e9 um document\u00e1rio sobre a for\u00e7a do coletivo e da milit\u00e2ncia na transforma\u00e7\u00e3o das pessoas e de uma realidade marcada pelas barreiras impostas pelo HIV. Um contraponto \u00e0 desinforma\u00e7\u00e3o, o filme mostra que a vida \u00e9 rica em possibilidades ao acompanhar a vida de 6 personagens soropositivos das mais variadas classes sociais, profiss\u00f5es, orienta\u00e7\u00f5es sexuais e religiosas em seu cotidiano.<\/p>\n<p>13h30h &#8211; Mostra Panorama &#8211; 16 anos &#8211; ClosedCaption<br \/>\nRua das Casas Surdas<br \/>\nGabriel Mayer e Fl\u00e1vio Costa \/ Brasil \/ 2016 \/ 8min<br \/>\n Em uma vizinhan\u00e7a silenciosa, durante a ditadura nos anos 70, Carlos e Ernesto aproveitam o intervalo do jogo no r\u00e1dio para voltar ao trabalho.<\/p>\n<p>Marcos Medeiros &#8211; Codinome Vampiro<br \/>\nVicente Duque Estrada \/ Brasil \/ 2018 \/ 71min<br \/>\n O document\u00e1rio apresenta Marcos Medeiros, um personagem esquecido da nossa hist\u00f3ria que foi l\u00edder estudantil em 1968. Preso, torturado, cassado e exilado na Europa, Marcos come\u00e7ou a se dedicar ao cinema, tendo feito curtas com Chris Marker na Fran\u00e7a, um longa com Glauber em Cuba, e depois trabalhado na It\u00e1lia com Rosselini. de volta ao Brasil, nos anos 80, com a anistia, Marcos inicia um trabalho pioneiro em v\u00eddeo, mas n\u00e3o encontra um espa\u00e7o para viabilizar sua arte que n\u00e3o se identificava com o main stream. A incapacidade de se inserir numa sociedade burguesa e sem utopias leva Marcos \u00e0 depress\u00e3o. Morre em 1997 depois de uma longa interna\u00e7\u00e3o no Pinel.<\/p>\n<p>15h &#8211; Mostra Tem\u00e1tica &#8211; Livre -ClosedCaption\/Adiodescri\u00e7\u00e3o\/Libras<br \/>\nHist\u00f3rias da Fome no Brasil<br \/>\nCamilo Tavares \/ Brasil \/ 2017 \/ 52min<br \/>\n \u201cHist\u00f3rias da Fome no Brasil\u201d mostra uma cronologia da fome no pa\u00eds. Do Brasil Col\u00f4nia, onde foram plantadas as sementes das desigualdades sociais, at\u00e9 as pol\u00edticas p\u00fablicas recentes que culminaram na sa\u00edda do Brasil, em 2014, do Mapa da Fome divulgado pela ONU, retratamos como se deu o enfrentamento deste mal por parte da sociedade e do governo.<br \/>\nA import\u00e2ncia da supera\u00e7\u00e3o da fome pode ser dimensionada quando consideramos que este flagelo perdurou durante s\u00e9culos em nosso pa\u00eds e que at\u00e9 recentemente n\u00e3o se vislumbrava a hist\u00f3ria da cren\u00e7a de que ela era uma fatalidade que nunca reverter\u00edamos, o filme nos aponta o pensamento daqueles que \u201cnadaram contra a corrente\u201d, como Josu\u00e9 de Castro, Dom Helder, Betinho e tantos outros, que acreditaram que a fome era um mal revers\u00edvel, ocasionada pelos pr\u00f3prios homens e suas pol\u00edticas.<\/p>\n<p>16h30 &#8211; Mostra Panorama -Livre &#8211; ClosedCaption<br \/>\nO Come\u00e7o da vida<br \/>\nEstela Renner \/ Brasil \/ 2016 \/ 97min<br \/>\nUm dos maiores avan\u00e7os da neuroci\u00eancia \u00e9 ter descoberto que os beb\u00eas s\u00e3o muito mais do que uma carga gen\u00e9tica. O desenvolvimento de todos os seres humanos encontra-se na combina\u00e7\u00e3o da gen\u00e9tica com a qualidade das rela\u00e7\u00f5es que desenvolvemos e do ambiente em que estamos inseridos.<br \/>\nO Come\u00e7o da Vida convida todo mundo a refletir como parte da sociedade: estamos cuidando bem dos primeiros anos de vida, que definem tanto o presente quanto o futuro da humanidade?<\/p>\n<p>19h &#8211; Mostra Panorama &#8211; Livre &#8211; Sess\u00e3o com debate<br \/>\nClosedCaption\/Audiodescri\u00e7\u00e3o<br \/>\nA Rua  Noiz<br \/>\nEduardo Cunha Souza e Pedro Cela \/ Brasil \/ 2018 \/ 14min<br \/>\nO document\u00e1rio trata das realidades enfrentadas dentro da periferia do Grande Bom Jardim, e de como uma mulher que aos 5 anos de idade vendia verduras e aos 35 dirige a maior escola de dan\u00e7a de Fortaleza em n\u00famero de atendidos.<\/p>\n<p>Enrolado na Raiz<br \/>\nCaracol \/ Brasil \/ 2015 \/ 23min<br \/>\n Mulheres negras falam sobre as diferentes formas de viol\u00eancia f\u00edsica e simb\u00f3lica que o racismo imp\u00f5e cotidianamente sobre seus corpos. Desejos, sonhos, frustra\u00e7\u00f5es, traumas e enfrentamentos s\u00e3o expostos em falas que recuperam experi\u00eancias da inf\u00e2ncia.<\/p>\n<p>13.12.18 &#8211; quinta-feira <\/p>\n<p>09h30 &#8211; Mostra Homenagem &#8211; 16 anos &#8211; ClosedCaption<br \/>\nL\u00facio Fl\u00e1vio, O Passageiro da Agonia<br \/>\nH\u00e9ctor Babenco \/ Brasil \/ 1977 \/ 118min<br \/>\nEnfoca as liga\u00e7\u00f5es entre ladr\u00f5es e policiais. L\u00facio Fl\u00e1vio \u00e9 um bandido famoso que empreende fugas e a\u00e7\u00f5es espetaculares. Seu bando \u00e9 trazido por um detetive que acobertava suas a\u00e7\u00f5es, que acaba sendo denunciado por L\u00facio numa reuni\u00e3o com a imprensa. \u00c9 oferecido um passaporte para fugir do pa\u00eds e n\u00e3o denunciar o policial; entretanto ao saber que seu irm\u00e3o foi morto, ele recusa. Ao voltar para sua cela, \u00e9 executado \u00e0 facadas.<\/p>\n<p>13h30 &#8211; Mostra Panorama \u2013 Livre &#8211; ClosedCaption<br \/>\nOutro Olhar<br \/>\nRenata Sette\/ Brasil \/ 2015 \/ 34min<br \/>\nA hist\u00f3ria da estudante ga\u00facha Renata Basso, que tem s\u00edndrome de Down e acaba de concluir o ensino m\u00e9dio, \u00e9 o fio condutor de um retrato impressionante sobre a educa\u00e7\u00e3o inclusiva no Brasil. Por meio de entrevistas com professores, colegas de classe, familiares e a pr\u00f3pria Renata, o filme mostra que o esfor\u00e7o coletivo torna poss\u00edvel oferecer uma aprendizagem de qualidade a estudantes especiais.<\/p>\n<p>Monocultura da F\u00e9<br \/>\nJoana Moncau e Gabriela Moncau \/ Brasil \/ 2018 \/ 23min<br \/>\nComo no resto do pa\u00eds, tamb\u00e9m entre os Guarani Kaiow\u00e1 a igreja evang\u00e9lica v\u00eam ganhando espa\u00e7o. O mini-document\u00e1rio percorre aldeias do Mato Grosso do Sul para mostrar den\u00fancias das cada vez mais frequentes viol\u00eancias cometidas por grupos evang\u00e9licos contra a popula\u00e7\u00e3o ind\u00edgena.<\/p>\n<p>Waapa<br \/>\nDavid Reeks, Paula Mendon\u00e7a e Renata Meirelles \/ Brasil \/ 2017 \/ 20min<br \/>\n O document\u00e1rio prop\u00f5e um mergulho in\u00e9dito na inf\u00e2ncia Yudja (Parque Ind\u00edgena do Xingu\/MT) e os cuidados que acompanham seu crescimento. O brincar, a vida comunit\u00e1ria e as influ\u00eancias de uma rela\u00e7\u00e3o espiritual com a natureza.<\/p>\n<p>15h &#8211; Mostra Panorama &#8211; 16 anos &#8211; ClosedCaption<br \/>\nNarrativas de Um Crime<br \/>\nAlison Zago \/ Brasil \/ 2017 \/ 15min<br \/>\nConstantin, um investigador da Pol\u00edcia Civil e aspirante a escritor, est\u00e1 em busca de uma boa hist\u00f3ria. Paulo, um Policial Militar, acaba de voltar de um per\u00edodo de suspens\u00e3o da corpora\u00e7\u00e3o em que trabalha. Os diferentes pontos de vista de Constantin e Paulo colidem quando eles se cruzam numa cena de um crime: uma jovem drag queen foi brutalmente assassinada. O conflito entre eles desconstr\u00f3i preconceitos e flerta com a trag\u00e9dia, revelando uma dura realidade repleta de ironias, l\u00e1grimas e sangue.<\/p>\n<p>Um Caf\u00e9 e Quatro Segundos<br \/>\nCristiano Requi\u00e3o \/ Brasil \/ 2018 \/ 15min<br \/>\n Dois torturadores se encontram para tomar um caf\u00e9 depois de mais de trinta anos sem se verem, para acertarem contas daquela \u00e9poca.<\/p>\n<p>Lacerda &#8211; O Corvo da Guanabara<br \/>\nSayd Mansur \/ Brasil \/ 2017 \/ 19min<br \/>\nO filme reconstitui a trajet\u00f3ria de Carlos Lacerda, ex-governador da Guanabara e l\u00edder radical da UDN em formato cine-jornal, visando iluminar sua participa\u00e7\u00e3o direta em conspira\u00e7\u00f5es e tentativas de golpe em momentos chave da hist\u00f3ria do Brasil.<\/p>\n<p>16h30 &#8211; Mostra Tem\u00e1tica &#8211; 14 anos &#8211; ClosedCaption\/Audiodescri\u00e7\u00e3o\/Libras<br \/>\nCaf\u00e9 com Canela<br \/>\nAry Rosa &#038;GlendNic\u00e1cio \/ Brasil \/ 2017 \/ 100min<br \/>\nAp\u00f3s perder o filho, Margarida (Valdin\u00e9ia Soriano) vive isolada da sociedade. Ela se separa do marido Paulo e perde o contato com os amigos e pessoas pr\u00f3prias. Um dia, Violeta (Aline Brunne) bate \u00e0 sua porta. Trata-se de uma ex-aluna de Margarida, que assume a miss\u00e3o de devolver um pouco de luz \u00e0quela pessoa que havia sido importante pra ela na juventude.<\/p>\n<p>19h &#8211; Mostra Panorama \u2013 Livre &#8211; Sess\u00e3o com debate ClosedCaption<br \/>\nEra um garoto que como eu amava os Beatles e os Rolling Stones<br \/>\nElias Norberto da Silva, Juana Morais, Jos\u00e9 Guntin Rodriguez, Maur\u00edcio Nunes e Sandro Llivramento \/ Brasil \/ 2018 \/ 25 min<br \/>\nHist\u00f3ria da cria\u00e7\u00e3o da Banda &#8220;Os Goiabeiras&#8221; da qual fazem parte tr\u00eas pessoas com defici\u00eancia: um paralisado cerebral e dois autistas.<\/p>\n<p>Nunca me Sonharam<br \/>\nCacau RhodenBrasil \/ 2017 \/ 84 min<br \/>\nOs desafios do presente, as expectativas para o futuro e os sonhos de quem vive a realidade do Ensino M\u00e9dio nas escolas p\u00fablicas do Brasil. Na voz de estudantes, gestores, professores e especialistas, \u201eNunca me sonharam\u201f reflete sobre o valor da educa\u00e7\u00e3o.<\/p>\n<p>14.12.18 &#8211; sexta-feira<\/p>\n<p>09h30 \u2013 Mostra Homenagem &#8211; 18 anos &#8211; ClosedCaption<br \/>\nRainha Diaba<br \/>\nAnt\u00f4nio Carlos da Fontora \/ Brasil \/ 1974 \/ 110min<br \/>\nLapa, Rio de Janeiro. Diaba (M\u00edlton Gon\u00e7alves), um homossexual, comanda de um dos quartos de um bordel uma quadrilha respons\u00e1vel pelo controle de v\u00e1rios &#8220;pontos&#8221; de venda de droga. Sabendo que um dos seus homens de confian\u00e7a est\u00e1 para ser preso, Diaba &#8220;fabrica&#8221; um novo marginal, para depois entreg\u00e1-lo a pol\u00edcia. Ela encarrega Catitu (N\u00e9lson Xavier), seu homem de confian\u00e7a, de fazer isto. Catitu decide que o alvo ser\u00e1 Bereco (Stepan Nercessian), um garot\u00e3o cheio de si que \u00e9 sustentado por Isa (Odete Lara), uma cantora de cabar\u00e9. Catitu atrai Bereco para um s\u00e9rie de crimes e faz dele um &#8220;perigoso bandido&#8221;. Acontece que Bereco passa a acreditar nesta &#8220;fama&#8221;. Diaba come\u00e7a a ter seu poder diminu\u00eddo quando Bereco pretende controlar a venda das drogas e Catitu, por sua vez, deseja aumentar seu poder.<\/p>\n<p>13h30 &#8211; Mostra Tem\u00e1tica \u2013 Livre  closedCaption\/Audiodescri\u00e7\u00e3o\/Libras<br \/>\nEduardo Galeano Vagamundo<br \/>\nFelipe Nepomuceno \/ Brasil \/ 2018 \/ 72min<br \/>\nAmigos e profissionais do mundo art\u00edstico contam suas lembran\u00e7as do escritor e jornalista uruguaio Eduardo Hughes Galeano, que faleceu em 2015. A trajet\u00f3ria de Galeano, autor do livro &#8220;As Veias Abertas da Am\u00e9rica Latina&#8221;, foi fortemente marcada pelo seu desejo de conhecer o mundo sempre buscando estar em contato com as belezas da vida.<\/p>\n<p>15h &#8211; Mostrinha \u2013 Livre &#8211; ClosedCaption\/Libras<br \/>\nPr\u00edncipe da Encantaria<br \/>\nIzis Negreiros \/ Brasil \/ 2018 \/ 11min<br \/>\n As margens do Rio Negro a imagina\u00e7\u00e3o de Aninha cria asas enquanto V\u00f3 Esmeralda conta-lhe a est\u00f3ria de Benito, o boto cor de rosa.<\/p>\n<p>A Natureza Agradece<br \/>\nAna Maria Cordeiro e Ricardo de Podest\u00e1 \/ Brasil \/ 2018 \/ 14min<br \/>\n Bernardo vive em um pequeno rancho cheio de diversidade ambiental, um dia uma f\u00e1brica aparece colocando em risco toda a natureza.<\/p>\n<p>A C\u00e2mera do Jo\u00e3o<br \/>\nTothicardoso \/ Brasil \/ 2017 \/ 22min<br \/>\n Uma faixa de luz passa por uma pequena perfura\u00e7\u00e3o, e se faz imagem. Jo\u00e3o descobriu que fotografias s\u00e3o heran\u00e7as.<\/p>\n<p>16h &#8211; Mostrinha \u2013 Livre &#8211; ClosedCaption\/Libras<br \/>\nLouise<br \/>\nAndressa Fernandes, Amanda Gomes e Nathanael Cruz \/ Brasil \/ 2017 \/ 5min<br \/>\nDurante brincadeira de futebol de rua entre quatro garotos a bola \u00e9 chutada para longe e cai pr\u00f3ximo a Louise e Bia. Juca corre para pegar a bola, percebe a habilidade das duas garotas para o futebol e as convida para brincar. Iago n\u00e3o aceita a participa\u00e7\u00e3o delas mas Louise n\u00e3o quer ficar fora do jogo.<\/p>\n<p>A Bicicleta do Vov\u00f4<br \/>\nHenrique Dias\/ Brasil \/ 2018 \/ 22min<br \/>\nA Bicicleta do Vov\u00f4 \u00e9 um curta metragem para crian\u00e7as e adultos que aborda a rela\u00e7\u00e3o entre av\u00f4 e neto. Em um lugar muito distante, O Reino do Sert\u00e3o Pelejado, homensmorcegos capturam lendas atrav\u00e9s de televisores. Surgem, ent\u00e3o, o Super Tigre e o Mestre Conselheiro para salvar o nosso planeta das for\u00e7as malignas da Feiticeira Mab\u00e1. \u00c9 contando essas hist\u00f3rias que v\u00f4 Rui transforma a inf\u00e2ncia do neto Cau\u00ea em um universo de aventuras e fantasias, re-significando s\u00edmbolos atrav\u00e9s de um olhar mais l\u00fadico sobre as coisas da vida.<\/p>\n<p>16h30 &#8211; Mostra Homenagem &#8211; 16 anos &#8211; ClosedCaption<br \/>\nCarandir\u00fa<br \/>\nH\u00e9ctor Babenco \/ Brasil \/ 2013 \/ 146min<br \/>\nCarandiru, hist\u00f3ria baseada em fatos reais e no livro escrito pelo m\u00e9dico Drauzio Varella (Luiz Carlos Vasconcelos), come\u00e7a quando ele resolve fazer um trabalho de preven\u00e7\u00e3o \u00e0 AIDS no maior pres\u00eddio da Am\u00e9rica Latina: a Casa de Deten\u00e7\u00e3o de S\u00e3o Paulo, o Carandiru, v\u00edtima de um dos dias mais negros da hist\u00f3ria do Brasil, quando a Pol\u00edcia Militar do Estado de S\u00e3o Paulo, a pretexto de manter a lei e a ordem, fuzilou 111 pessoas. Ali, o m\u00e9dico toma contato com o que, aqui fora, temos at\u00e9 medo de imaginar: viol\u00eancia, superlota\u00e7\u00e3o, instala\u00e7\u00f5es prec\u00e1rias, falta de assist\u00eancia m\u00e9dica e jur\u00eddica, falta de tudo. O Carandiru, com seus mais de sete mil detentos, merece sua fama de inferno na terra. Por\u00e9m, nosso personagem logo percebe que, mesmo vivendo numa situa\u00e7\u00e3o limite, os internos n\u00e3o representam figuras demon\u00edacas. Ao contr\u00e1rio, ele testemunha solidariedade, organiza\u00e7\u00e3o e, acima de tudo, uma grande disposi\u00e7\u00e3o de viver. N\u00e3o \u00e9 pouco e \u00e9 o suficiente para que ele, fascinado, resolva iniciar um trabalho volunt\u00e1rio. Oncologista famoso, habituado a mais sofisticada tecnologia m\u00e9dica, Dr\u00e1uzio Varella pratica a medicina como os antigos: com estetosc\u00f3pio, olhar sens\u00edvel e muita conversa.<\/p>\n<p>19h &#8211; Mostra Panorama &#8211; 14 anos &#8211; Sess\u00e3o com debate ClosedCaption<br \/>\n\u00c0 Espera<br \/>\nNivaldo Vasconcelos e S\u00f3nia Andr\u00e9 \/ Mo\u00e7ambique \/ 2016 \/ 22min<br \/>\nEm Mo\u00e7ambique, 39% de meninas se casam antes dos 15 anos com homens mais velhos que elas, fazendo com que o pa\u00eds se encontra em 10 lugar entre os pa\u00edses mais afetados pelos casamentos prematuros, negando seus direitos como o da Educa\u00e7\u00e3o e de serem o que elas quiserem.<\/p>\n<p>Chega de FiuFiu<br \/>\nFernanda Fraz\u00e3o e Amanda Kamanchek \/ Brasil \/ 2018 \/ 73min<br \/>\nO retrato do dia a dia de tr\u00eas mulheres com vidas distintas, mostrando como a viol\u00eancia de g\u00eanero \u00e9 constantemente praticada no espa\u00e7o p\u00fablico urbano. Dessa forma, as diretoras Amanda Kamanchek Lemos e Fernanda Fraz\u00e3o procuraram especialistas para discutir sobre o assunto, buscando encontrar respostas e alternativas para a uma quest\u00e3o fundamental: Ser\u00e1 que as cidades foram feitas para as mulheres?<\/p>\n","protected":false},"excerpt":{"rendered":"<p>Realizada pelo Minist\u00e9rio dos Direitos Humanos, com produ\u00e7\u00e3o nacional do ICEM \u2013 Instituto Cultura Em Movimento, a Mostra Cinema e Direitos Humanos \u00e9 uma estrat\u00e9gia do Governo Federal para a consolida\u00e7\u00e3o da cultura e da educa\u00e7\u00e3o em Direitos Humanos, ampliando os espa\u00e7os de informa\u00e7\u00e3o e debate sobre Direitos Humanos por meio da linguagem cinematogr\u00e1fica.<\/p>\n","protected":false},"author":1,"featured_media":0,"comment_status":"closed","ping_status":"open","sticky":false,"template":"","format":"standard","meta":{"_exactmetrics_skip_tracking":false,"_exactmetrics_sitenote_active":false,"_exactmetrics_sitenote_note":"","_exactmetrics_sitenote_category":0,"jetpack_post_was_ever_published":false,"_jetpack_newsletter_access":"","_jetpack_dont_email_post_to_subs":false,"_jetpack_newsletter_tier_id":0,"_jetpack_memberships_contains_paywalled_content":false,"_jetpack_memberships_contains_paid_content":false,"footnotes":"","jetpack_publicize_message":"","jetpack_publicize_feature_enabled":true,"jetpack_social_post_already_shared":true,"jetpack_social_options":{"image_generator_settings":{"template":"highway","enabled":false},"version":2}},"categories":[1],"tags":[],"class_list":["post-19763","post","type-post","status-publish","format-standard","hentry","category-notas"],"jetpack_publicize_connections":[],"jetpack_sharing_enabled":true,"jetpack_featured_media_url":"","jetpack_shortlink":"https:\/\/wp.me\/p7wKYW-58L","jetpack-related-posts":[],"_links":{"self":[{"href":"http:\/\/blogdalucianaoliveira.com.br\/blog\/wp-json\/wp\/v2\/posts\/19763","targetHints":{"allow":["GET"]}}],"collection":[{"href":"http:\/\/blogdalucianaoliveira.com.br\/blog\/wp-json\/wp\/v2\/posts"}],"about":[{"href":"http:\/\/blogdalucianaoliveira.com.br\/blog\/wp-json\/wp\/v2\/types\/post"}],"author":[{"embeddable":true,"href":"http:\/\/blogdalucianaoliveira.com.br\/blog\/wp-json\/wp\/v2\/users\/1"}],"replies":[{"embeddable":true,"href":"http:\/\/blogdalucianaoliveira.com.br\/blog\/wp-json\/wp\/v2\/comments?post=19763"}],"version-history":[{"count":1,"href":"http:\/\/blogdalucianaoliveira.com.br\/blog\/wp-json\/wp\/v2\/posts\/19763\/revisions"}],"predecessor-version":[{"id":19769,"href":"http:\/\/blogdalucianaoliveira.com.br\/blog\/wp-json\/wp\/v2\/posts\/19763\/revisions\/19769"}],"wp:attachment":[{"href":"http:\/\/blogdalucianaoliveira.com.br\/blog\/wp-json\/wp\/v2\/media?parent=19763"}],"wp:term":[{"taxonomy":"category","embeddable":true,"href":"http:\/\/blogdalucianaoliveira.com.br\/blog\/wp-json\/wp\/v2\/categories?post=19763"},{"taxonomy":"post_tag","embeddable":true,"href":"http:\/\/blogdalucianaoliveira.com.br\/blog\/wp-json\/wp\/v2\/tags?post=19763"}],"curies":[{"name":"wp","href":"https:\/\/api.w.org\/{rel}","templated":true}]}}