{"id":19770,"date":"2018-12-07T08:59:02","date_gmt":"2018-12-07T12:59:02","guid":{"rendered":"http:\/\/blogdalucianaoliveira.com.br\/blog\/?p=19770"},"modified":"2018-12-07T09:05:30","modified_gmt":"2018-12-07T13:05:30","slug":"brasileiros-inscritos-no-mais-medicos-so-tem-uma-preocupacao-sair-do-programa","status":"publish","type":"post","link":"http:\/\/blogdalucianaoliveira.com.br\/blog\/2018\/12\/07\/brasileiros-inscritos-no-mais-medicos-so-tem-uma-preocupacao-sair-do-programa\/","title":{"rendered":"BRASILEIROS INSCRITOS NO MAIS M\u00c9DICOS S\u00d3 T\u00caM UMA PREOCUPA\u00c7\u00c3O: SAIR DO PROGRAMA"},"content":{"rendered":"<p><img data-recalc-dims=\"1\" loading=\"lazy\" decoding=\"async\" data-attachment-id=\"19772\" data-permalink=\"http:\/\/blogdalucianaoliveira.com.br\/blog\/2018\/12\/07\/brasileiros-inscritos-no-mais-medicos-so-tem-uma-preocupacao-sair-do-programa\/290cbc3d-37a2-4ee2-8a81-02f7a5b15093\/\" data-orig-file=\"https:\/\/i0.wp.com\/blogdalucianaoliveira.com.br\/blog\/wp-content\/uploads\/2018\/12\/290CBC3D-37A2-4EE2-8A81-02F7A5B15093.jpeg?fit=440%2C220\" data-orig-size=\"440,220\" data-comments-opened=\"0\" data-image-meta=\"{&quot;aperture&quot;:&quot;0&quot;,&quot;credit&quot;:&quot;&quot;,&quot;camera&quot;:&quot;&quot;,&quot;caption&quot;:&quot;&quot;,&quot;created_timestamp&quot;:&quot;0&quot;,&quot;copyright&quot;:&quot;&quot;,&quot;focal_length&quot;:&quot;0&quot;,&quot;iso&quot;:&quot;0&quot;,&quot;shutter_speed&quot;:&quot;0&quot;,&quot;title&quot;:&quot;&quot;,&quot;orientation&quot;:&quot;0&quot;}\" data-image-title=\"290CBC3D-37A2-4EE2-8A81-02F7A5B15093\" data-image-description=\"\" data-image-caption=\"\" data-medium-file=\"https:\/\/i0.wp.com\/blogdalucianaoliveira.com.br\/blog\/wp-content\/uploads\/2018\/12\/290CBC3D-37A2-4EE2-8A81-02F7A5B15093.jpeg?fit=300%2C150\" data-large-file=\"https:\/\/i0.wp.com\/blogdalucianaoliveira.com.br\/blog\/wp-content\/uploads\/2018\/12\/290CBC3D-37A2-4EE2-8A81-02F7A5B15093.jpeg?fit=440%2C220\" class=\"alignnone size-full wp-image-19772\" src=\"https:\/\/i0.wp.com\/blogdalucianaoliveira.com.br\/blog\/wp-content\/uploads\/2018\/12\/290CBC3D-37A2-4EE2-8A81-02F7A5B15093.jpeg?resize=440%2C220\" alt=\"290CBC3D-37A2-4EE2-8A81-02F7A5B15093\" width=\"440\" height=\"220\" srcset=\"https:\/\/i0.wp.com\/blogdalucianaoliveira.com.br\/blog\/wp-content\/uploads\/2018\/12\/290CBC3D-37A2-4EE2-8A81-02F7A5B15093.jpeg?w=440 440w, https:\/\/i0.wp.com\/blogdalucianaoliveira.com.br\/blog\/wp-content\/uploads\/2018\/12\/290CBC3D-37A2-4EE2-8A81-02F7A5B15093.jpeg?resize=300%2C150 300w\" sizes=\"auto, (max-width: 440px) 100vw, 440px\" \/><\/p>\n<p>&nbsp;<\/p>\n<div class=\"PostContent\" data-reactid=\"162\">\n<div data-reactid=\"163\">\n<p><u>O PROGRAMA MAIS M\u00c9DICOS<\/u>\u00a0nunca foi prioridade para o m\u00e9dico brasileiro. Em 2013, ano do lan\u00e7amento, <a href=\"http:\/\/www.brasil.gov.br\/noticias\/saude\/2013\/08\/mais-medicos-divulgada-a-lista-de-participantes\" target=\"_blank\">apenas 6% das vagas foram ocupadas por m\u00e9dicos brasileiros.<\/a><!--more--><\/p>\n<p>No The Intercept<\/p>\n<p>Nesta 16\u00aa etapa, a hist\u00f3ria parece ser diferente. Mas s\u00f3 parece.<\/p>\n<p>Em 19 de novembro, o Minist\u00e9rio da Sa\u00fade lan\u00e7ou o\u00a0<a href=\"http:\/\/portal.imprensanacional.gov.br\/materia\/-\/asset_publisher\/Kujrw0TZC2Mb\/content\/id\/50897947\/do3-2018-11-20-edital-n-18-de-19-de-novembro-de-2018-adesao-de-medicos-ao-programa-de-provisao-de-medicos-do-ministerio-da-saude-projeto-mais-medicos-para-o-brasil-50897128\" target=\"_blank\">edital do programa<\/a>\u00a0para substituir os\u00a0<a href=\"https:\/\/www1.folha.uol.com.br\/cotidiano\/2018\/11\/primeiros-cubanos-comecam-a-deixar-brasil-apos-fim-da-parceria-com-mais-medicos.shtml\" target=\"_blank\">m\u00e9dicos cubanos que j\u00e1 come\u00e7aram a deixar o pa\u00eds<\/a>. Ap\u00f3s o tumultuado per\u00edodo de inscri\u00e7\u00e3o \u2013 m\u00e9dicos reclamaram de dificuldade para fazer o cadastramento por conta da instabilidade do sistema que recebia os formul\u00e1rios \u2013, uma pergunta passou a dominar as rodas de conversa de colegas m\u00e9dicos: o que acontecer\u00e1 se eu abandonar o programa?<\/p>\n<p>Antes mesmo de assumir, o maior anseio dos inscritos \u00e9 saber quando v\u00e3o sair do Mais M\u00e9dicos. As preocupa\u00e7\u00f5es s\u00e3o: o que ocorre se eu n\u00e3o cumprir os tr\u00eas anos\u00a0do\u00a0edital? Preciso devolver a bolsa-sal\u00e1rio no valor de R$ 11.865,60? Preciso devolver a ajuda de custo? Posso me inscrever em outros ciclos do programa em outra oportunidade? O que acontece se eu sair antes de cumprir tr\u00eas meses no programa? O que acontece se eu n\u00e3o me apresentar na cidade que eu escolhi?<\/p>\n<\/div>\n<div class=\"Newsletter-shortcode Newsletter-shortcode-layout-full\" data-reactid=\"164\">\n<div class=\"Newsletter-shortcode-container\" data-reactid=\"166\">\n<div class=\"Newsletter-shortcode-link\" data-reactid=\"169\"><span class=\"Newsletter-shortcode-link-cta\" data-reactid=\"170\">Eu topo<\/span><\/div>\n<\/div>\n<\/div>\n<div data-reactid=\"173\">\n<p>Eles argumentam que t\u00eam esses receios porque podem iniciar uma resid\u00eancia m\u00e9dica (especializa\u00e7\u00e3o) durante o programa, podem receber uma proposta melhor ou uma oportunidade de emprego em uma cidade maior. N\u00e3o s\u00e3o preocupa\u00e7\u00f5es novas. Uma <a href=\"https:\/\/www1.folha.uol.com.br\/cotidiano\/2018\/11\/metade-dos-brasileiros-desiste-do-mais-medicos-em-ate-1-ano-e-meio.shtml\" target=\"_blank\">reportagem <\/a>da Folha de S.Paulo mostra que, de 2013 a 2017, 54% dos m\u00e9dicos brasileiros inscritos no Mais M\u00e9dicos desistiram do programa. No edital deste ano, em algumas cidades do Piau\u00ed, por exemplo,\u00a0<a href=\"https:\/\/g1.globo.com\/pi\/piaui\/noticia\/2018\/12\/05\/apenas-12-profissionais-se-apresentam-pelo-mais-medicos-e-cidades-do-piaui-ficam-sem-atendimento.ghtml\" target=\"_blank\">todas as vagas haviam sido preenchidas<\/a>, mas apenas 12 m\u00e9dicos se apresentaram.<\/p>\n<p>N\u00e3o h\u00e1 problema algum em querer se especializar em uma \u00e1rea ou trabalhar em um grande centro. Esse desejo \u00e9 comum a outros profissionais. A quest\u00e3o \u00e9 que, quando isso ocorre em um programa com a fun\u00e7\u00e3o social dos Mais M\u00e9dicos, a medicina de fam\u00edlia e comunidade deixa de funcionar. Esse \u201crod\u00edzio de m\u00e9dicos\u201d corrompe os princ\u00edpios dessa especialidade m\u00e9dica feita nas unidades de sa\u00fade. N\u00e3o h\u00e1 tempo de compreender como se d\u00e1 a rela\u00e7\u00e3o daquelas pessoas com a sua fam\u00edlia e com sua comunidade \u2013 que podem estar na g\u00eanese de doen\u00e7as. N\u00e3o h\u00e1 tempo para entender quais s\u00e3o os h\u00e1bitos de vida, alimenta\u00e7\u00e3o ou de higiene dos indiv\u00edduos atendidos. N\u00e3o h\u00e1 tempo para consolidar uma rela\u00e7\u00e3o m\u00e9dico-paciente efetiva. E esses s\u00e3o pilares imprescind\u00edveis para uma medicina centrada na pessoa, e n\u00e3o na doen\u00e7a.<\/p>\n<p>A verdade \u00e9 que o <a href=\"https:\/\/brasil.elpais.com\/brasil\/2018\/11\/27\/politica\/1543347942_265863.html\" target=\"_blank\">m\u00e9dico brasileiro n\u00e3o se v\u00ea trabalhando em uma pequena cidade,<\/a>\u00a0geralmente pobre, por muito tempo. Ele deseja grandes centros. Tamb\u00e9m consideram o trabalho desempenhado em uma Unidade B\u00e1sica de Sa\u00fade (UBS) menos importante do que o realizado nos hospitais. Basta ver o trabalho <a href=\"http:\/\/www.epsjv.fiocruz.br\/sites\/default\/files\/files\/DemografiaMedica2018%20(3).pdf\" target=\"_blank\">Demografia M\u00e9dica 2018<\/a>, que mostra que 79,2% dos m\u00e9dicos rec\u00e9m-graduados t\u00eam prefer\u00eancia por trabalhar em hospitais, enquanto 28,3% t\u00eam prefer\u00eancia por UBS.<\/p>\n<div class=\"img-wrap align-bleed xtra-large-bleed width-auto\">\n<p><a href=\"https:\/\/i0.wp.com\/theintercept.imgix.net\/wp-uploads\/sites\/1\/2018\/12\/12687258-high-1544036229.jpeg?ssl=1\"><img data-recalc-dims=\"1\" height=\"600\" width=\"600\" decoding=\"async\" class=\"aligncenter size-large wp-image-226015\" src=\"https:\/\/i0.wp.com\/theintercept.imgix.net\/wp-uploads\/sites\/1\/2018\/12\/12687258-high-1544036229.jpeg?fit=600%2C600&#038;ssl=1\" alt=\"M\u00e9dicos cubanos desembarcam no Aeroporto Internacional de Guarulhos (SP), em novembro de 2013.\" \/><\/a><\/p>\n<p class=\"caption overlayed\">M\u00e9dicos cubanos desembarcam no Aeroporto Internacional de Guarulhos (SP), em novembro de 2013.<\/p>\n<p class=\"caption source pullright\">Foto: Moacyr Lopes Junior\/Folhapress<\/p>\n<\/div>\n<h3>Mais M\u00e9dicos, mais sa\u00fade?<\/h3>\n<p>H\u00e1 outro aspecto preocupante na nova edi\u00e7\u00e3o dos Mais M\u00e9dicos. Se as vagas n\u00e3o forem preenchidas, haver\u00e1 um novo edital.<\/p>\n<blockquote><p><em>\u201cAs vagas n\u00e3o preenchidas ao longo das fases do presente Edital, por aus\u00eancia de manifesta\u00e7\u00e3o de interesse, por desist\u00eancia dos profissionais alocados, dos gestores ou por qualquer outro motivo, ficar\u00e3o sob a gest\u00e3o da SGTES\/MS (Secretaria de Gest\u00e3o do Trabalho e da Educa\u00e7\u00e3o na Sa\u00fade, vinculado ao Minist\u00e9rio da Sa\u00fade) e poder\u00e3o ser ofertadas em novos editais\u201d. <\/em><\/p><\/blockquote>\n<p>Como seria pouco inteligente oferecer as mesmas vagas para m\u00e9dicos que j\u00e1 recusaram as cidades \u201cpouco atraentes\u201d, cabe a d\u00favida se o governo aceitar\u00e1 m\u00e9dicos brasileiros formados no exterior. Se sim, ser\u00e1 sem a revalida\u00e7\u00e3o do diploma, pois n\u00e3o h\u00e1 previs\u00e3o de uma nova prova do Revalida, que enfrenta\u00a0<a href=\"https:\/\/www1.folha.uol.com.br\/cotidiano\/2018\/11\/medicos-de-cuba-e-brasil-tem-desempenho-similar-em-prova-exigida-por-bolsonaro.shtml\" target=\"_blank\">uma enxurrada de a\u00e7\u00f5es <\/a><a href=\"https:\/\/www1.folha.uol.com.br\/cotidiano\/2018\/11\/medicos-de-cuba-e-brasil-tem-desempenho-similar-em-prova-exigida-por-bolsonaro.shtml\">judiciais<\/a><a href=\"https:\/\/www1.folha.uol.com.br\/cotidiano\/2018\/11\/medicos-de-cuba-e-brasil-tem-desempenho-similar-em-prova-exigida-por-bolsonaro.shtml\">.<\/a><\/p>\n<p>No edital, o Mais M\u00e9dicos prioriza m\u00e9dicos diplomados no Brasil e os formados no exterior com diploma revalidado. Mas, quando as vagas n\u00e3o s\u00e3o preenchidas com esses grupos, abre-se as inscri\u00e7\u00f5es \u201c<em>a um segundo grupo, composto por m\u00e9dicos brasileiros formados no exterior\u201d.\u00a0<\/em>N\u00e3o h\u00e1 men\u00e7\u00e3o ao Revalida. Caso ainda restem vagas, elas <em>\u201cs\u00e3o oferecidas a um terceiro grupo constitu\u00eddo de m\u00e9dicos estrangeiros formados no exterior.\u201d <\/em>E, por \u00faltimo, se ainda persistirem vagas mesmo depois de oferecidas a esses tr\u00eas grupos,<em> \u201ca Lei autoriza o governo brasileiro a utilizar acordo internacional que foi celebrado com a Organiza\u00e7\u00e3o Pan-Americana da Sa\u00fade (OPAS) e que traz os m\u00e9dicos cubanos, funcion\u00e1rios do Minist\u00e9rio da Sa\u00fade P\u00fablica de Cuba, para atuar nas vagas remanescentes.<\/em><em>\u201d <\/em><\/p>\n<p>At\u00e9 hoje, o programa s\u00f3 funcionou contando com o \u00faltimo grupo na escala de prioridades do governo brasileiro. Mais de 90% do programa funcionou at\u00e9 aqui com m\u00e9dicos cubanos.<\/p>\n<p>Agora<em>, <\/em>m\u00e9dicos que se formaram em medicina nas faculdades fronteiri\u00e7as t\u00eam uma oportunidade \u00fanica para voltar ao Brasil. Sem a revalida\u00e7\u00e3o do diploma, esses brasileiros repatriados enxergam no programa a \u00fanica forma de trabalhar no Brasil de forma legal e ser bem remunerados por isso. Aceitar\u00e3o cidades consideradas ruins pelos profissionais com diploma brasileiro e v\u00e3o ser, provavelmente, os ocupantes das vagas nos <a href=\"http:\/\/portalms.saude.gov.br\/saude-indigena\/saneamento-e-edificacoes\/dseis\" target=\"_blank\">Distritos Sanit\u00e1rios Especiais Ind\u00edgenas (DSEIs).<\/a><\/p>\n<p>Em sua campanha eleitoral, o presidente eleito Jair Bolsonaro usou a prova do Revalida como pretexto para expulsar os m\u00e9dicos cubanos, <a href=\"https:\/\/www.bbc.com\/portuguese\/internacional-46210587\" target=\"_blank\">dizendo<\/a> que \u201cn\u00f3s n\u00e3o podemos botar gente de Cuba aqui sem o m\u00ednimo de comprova\u00e7\u00e3o de que eles realmente saibam o exerc\u00edcio da profiss\u00e3o. Voc\u00ea n\u00e3o pode, s\u00f3 porque o pobre que \u00e9 atendido por eles, botar pessoas que talvez n\u00e3o tenham qualifica\u00e7\u00e3o para tal\u201d. Bolsonaro n\u00e3o queria realmente saber da capacita\u00e7\u00e3o profissional do m\u00e9dico, mas sim de sua nacionalidade.<\/p>\n<p>Estamos caminhando para que esse povo \u201cpobre que (era) atendido por eles\u201d continue sendo atendido por m\u00e9dicos sem diploma revalidado, com o agravante de n\u00e3o ter como provar que t\u00eam qualifica\u00e7\u00e3o para exercer a medicina.<\/p>\n<h3>O certo pelo duvidoso<\/h3>\n<p>Apesar de os m\u00e9dicos cubanos n\u00e3o terem seu diploma reconhecido no Brasil, a medicina cubana \u00e9 historicamente\u00a0<a href=\"http:\/\/www.agora.uol.com.br\/mundo\/ult10109u553316.shtml\" target=\"_blank\">reconhecida no mundo por sua qualidade<\/a> e pelo enfoque preventivo. Em 2014, Jos\u00e9 Luis Di Fabio, representante da Organiza\u00e7\u00e3o Pan-Americana de Sa\u00fade, a OPAS, <a href=\"https:\/\/www.bbc.com\/portuguese\/noticias\/2014\/10\/141024_medicos_cubanos_ebola_elogios_fn\" target=\"_blank\">disse <\/a>\u00e0 BBC: \u201cA forma\u00e7\u00e3o m\u00e9dica em Cuba e o sistema de sa\u00fade se baseiam em aten\u00e7\u00e3o prim\u00e1ria (\u2026). H\u00e1 muita experi\u00eancia em um trabalho de promo\u00e7\u00e3o da sa\u00fade e preven\u00e7\u00e3o, e muito contato com a comunidade.\u201d Al\u00e9m disso, Di Fabio destacou que os m\u00e9dicos cubanos s\u00e3o educados \u201ccom o conceito de internacionalismo, de solidariedade\u201d e que, como parte de sua forma\u00e7\u00e3o, devem trabalhar em miss\u00f5es nos lugares mais remotos, para onde outros m\u00e9dicos n\u00e3o v\u00e3o.<\/p>\n<p>A forma\u00e7\u00e3o em faculdades da fronteiras, principalmente na Argentina, Bol\u00edvia e Paraguai, que atraem pelo seu baixo pre\u00e7o, n\u00e3o goza do mesmo reconhecimento. Pelo contr\u00e1rio. O professor da Universidade Federal do Cear\u00e1 L\u00facio Fl\u00e1vio Gonzaga, coordenador da Comiss\u00e3o de Ensino M\u00e9dico do Conselho Federal de Medicina, CFM, disse em <a href=\"https:\/\/www.gazetadopovo.com.br\/blogs\/certas-palavras\/qualidade-da-formacao-de-medicos-fora-do-brasil-e-o-que-preocupa-diz-coordenador-do-cfm\/\" target=\"_blank\">entrevista \u00e0 Gazeta do Povo<\/a>: \u201cOs cursos l\u00e1 fora s\u00e3o muito baratos. Faculdade de R$ 700 por m\u00eas acabam atraindo jovens de fam\u00edlias de baixa renda, mas n\u00e3o h\u00e1 certeza de boa forma\u00e7\u00e3o. Existe a\u00ed um grande risco de forma\u00e7\u00e3o deficiente\u201d.<\/p>\n<p>Brasileiros formados no exterior, especialmente nas fronteiras, tiveram uma <a href=\"https:\/\/www1.folha.uol.com.br\/cotidiano\/2018\/11\/medicos-de-cuba-e-brasil-tem-desempenho-similar-em-prova-exigida-por-bolsonaro.shtml\" target=\"_blank\">aprova\u00e7\u00e3o de 28,5%<\/a>\u00a0na \u00faltima prova do Revalida, realizada em 2016. Quando a obt\u00eam, acabam se juntando a seus colegas que cobi\u00e7am as capitais, criando uma situa\u00e7\u00e3o ins\u00f3lita. Para o sucesso do Mais M\u00e9dicos, o melhor \u00e9 que a maioria dos brasileiros repatriados n\u00e3o tenha seus diplomas validados no Brasil, porque assim eles aceitam ficar onde os formados no Brasil se recusam. Quando provam sua capacidade para exercer a medicina com a qualidade desejada, o Mais M\u00e9dicos deixa de ser o foco.<\/p>\n<p>Resta a d\u00favida: o Brasil faz bom neg\u00f3cio trocando os m\u00e9dicos formado num pa\u00eds com uma medicina de fam\u00edlia e comunidade reconhecida internacionalmente\u00a0por aqueles que t\u00eam no Mais M\u00e9dicos a \u00fanica oportunidade de emprego legal?<\/p>\n<p>Na pr\u00e1tica, o que o governo Bolsonaro est\u00e1 fazendo \u00e9 condenar a popula\u00e7\u00e3o de \u00e1reas afastadas e carentes a ser atendida por profissionais com forma\u00e7\u00e3o question\u00e1vel. Com a sa\u00edda dos m\u00e9dicos cubanos, os profissionais brasileiros ir\u00e3o se revezar nesses cargos, cada um\u00a0<a href=\"https:\/\/www1.folha.uol.com.br\/cotidiano\/2018\/12\/mais-medicos-tem-200-desistencias-e-vagas-serao-oferecidas-de-novo.shtml\" target=\"_blank\">com passagens muito breves,<\/a> at\u00e9 que, fatalmente, m\u00e9dicos brasileiros formados no exterior assumam essas vagas. J\u00e1 sabemos quem ser\u00e3o os principais prejudicados: os mais pobres.<\/p>\n<\/div>\n<\/div>\n<div class=\"RelatedPosts\"><\/div>\n","protected":false},"excerpt":{"rendered":"<p>&nbsp; O PROGRAMA MAIS M\u00c9DICOS\u00a0nunca foi prioridade para o m\u00e9dico brasileiro. Em 2013, ano do lan\u00e7amento, apenas 6% das vagas foram ocupadas por m\u00e9dicos brasileiros.<\/p>\n","protected":false},"author":1,"featured_media":0,"comment_status":"closed","ping_status":"open","sticky":false,"template":"","format":"standard","meta":{"_exactmetrics_skip_tracking":false,"_exactmetrics_sitenote_active":false,"_exactmetrics_sitenote_note":"","_exactmetrics_sitenote_category":0,"jetpack_post_was_ever_published":false,"_jetpack_newsletter_access":"","_jetpack_dont_email_post_to_subs":false,"_jetpack_newsletter_tier_id":0,"_jetpack_memberships_contains_paywalled_content":false,"_jetpack_memberships_contains_paid_content":false,"footnotes":"","jetpack_publicize_message":"","jetpack_publicize_feature_enabled":true,"jetpack_social_post_already_shared":true,"jetpack_social_options":{"image_generator_settings":{"template":"highway","enabled":false},"version":2}},"categories":[1],"tags":[],"class_list":["post-19770","post","type-post","status-publish","format-standard","hentry","category-notas"],"jetpack_publicize_connections":[],"jetpack_sharing_enabled":true,"jetpack_featured_media_url":"","jetpack_shortlink":"https:\/\/wp.me\/p7wKYW-58S","jetpack-related-posts":[],"_links":{"self":[{"href":"http:\/\/blogdalucianaoliveira.com.br\/blog\/wp-json\/wp\/v2\/posts\/19770","targetHints":{"allow":["GET"]}}],"collection":[{"href":"http:\/\/blogdalucianaoliveira.com.br\/blog\/wp-json\/wp\/v2\/posts"}],"about":[{"href":"http:\/\/blogdalucianaoliveira.com.br\/blog\/wp-json\/wp\/v2\/types\/post"}],"author":[{"embeddable":true,"href":"http:\/\/blogdalucianaoliveira.com.br\/blog\/wp-json\/wp\/v2\/users\/1"}],"replies":[{"embeddable":true,"href":"http:\/\/blogdalucianaoliveira.com.br\/blog\/wp-json\/wp\/v2\/comments?post=19770"}],"version-history":[{"count":4,"href":"http:\/\/blogdalucianaoliveira.com.br\/blog\/wp-json\/wp\/v2\/posts\/19770\/revisions"}],"predecessor-version":[{"id":19778,"href":"http:\/\/blogdalucianaoliveira.com.br\/blog\/wp-json\/wp\/v2\/posts\/19770\/revisions\/19778"}],"wp:attachment":[{"href":"http:\/\/blogdalucianaoliveira.com.br\/blog\/wp-json\/wp\/v2\/media?parent=19770"}],"wp:term":[{"taxonomy":"category","embeddable":true,"href":"http:\/\/blogdalucianaoliveira.com.br\/blog\/wp-json\/wp\/v2\/categories?post=19770"},{"taxonomy":"post_tag","embeddable":true,"href":"http:\/\/blogdalucianaoliveira.com.br\/blog\/wp-json\/wp\/v2\/tags?post=19770"}],"curies":[{"name":"wp","href":"https:\/\/api.w.org\/{rel}","templated":true}]}}