{"id":19779,"date":"2018-12-07T20:16:30","date_gmt":"2018-12-08T00:16:30","guid":{"rendered":"http:\/\/blogdalucianaoliveira.com.br\/blog\/?p=19779"},"modified":"2018-12-07T20:16:30","modified_gmt":"2018-12-08T00:16:30","slug":"paroquia-italiana-anuncia-que-fechara-no-natal-jesus-migrante-dos-migrantes-foi-rejeitado-na-nossa-fronteira","status":"publish","type":"post","link":"http:\/\/blogdalucianaoliveira.com.br\/blog\/2018\/12\/07\/paroquia-italiana-anuncia-que-fechara-no-natal-jesus-migrante-dos-migrantes-foi-rejeitado-na-nossa-fronteira\/","title":{"rendered":"Par\u00f3quia italiana anuncia que fechar\u00e1 no Natal: &#8221;Jesus, migrante dos migrantes, foi rejeitado na nossa fronteira&#8221;"},"content":{"rendered":"<p><img data-recalc-dims=\"1\" loading=\"lazy\" decoding=\"async\" data-attachment-id=\"19780\" data-permalink=\"http:\/\/blogdalucianaoliveira.com.br\/blog\/2018\/12\/07\/paroquia-italiana-anuncia-que-fechara-no-natal-jesus-migrante-dos-migrantes-foi-rejeitado-na-nossa-fronteira\/paro\/\" data-orig-file=\"https:\/\/i0.wp.com\/blogdalucianaoliveira.com.br\/blog\/wp-content\/uploads\/2018\/12\/paro.jpg?fit=1200%2C412\" data-orig-size=\"1200,412\" data-comments-opened=\"0\" data-image-meta=\"{&quot;aperture&quot;:&quot;6.3&quot;,&quot;credit&quot;:&quot;&quot;,&quot;camera&quot;:&quot;Canon EOS 100D&quot;,&quot;caption&quot;:&quot;&quot;,&quot;created_timestamp&quot;:&quot;1430931251&quot;,&quot;copyright&quot;:&quot;&quot;,&quot;focal_length&quot;:&quot;18&quot;,&quot;iso&quot;:&quot;100&quot;,&quot;shutter_speed&quot;:&quot;0.02&quot;,&quot;title&quot;:&quot;&quot;,&quot;orientation&quot;:&quot;1&quot;}\" data-image-title=\"paro\" data-image-description=\"\" data-image-caption=\"\" data-medium-file=\"https:\/\/i0.wp.com\/blogdalucianaoliveira.com.br\/blog\/wp-content\/uploads\/2018\/12\/paro.jpg?fit=300%2C103\" data-large-file=\"https:\/\/i0.wp.com\/blogdalucianaoliveira.com.br\/blog\/wp-content\/uploads\/2018\/12\/paro.jpg?fit=600%2C206\" class=\"alignnone size-full wp-image-19780\" src=\"https:\/\/i0.wp.com\/blogdalucianaoliveira.com.br\/blog\/wp-content\/uploads\/2018\/12\/paro.jpg?resize=600%2C206\" alt=\"paro\" width=\"600\" height=\"206\" srcset=\"https:\/\/i0.wp.com\/blogdalucianaoliveira.com.br\/blog\/wp-content\/uploads\/2018\/12\/paro.jpg?w=1200 1200w, https:\/\/i0.wp.com\/blogdalucianaoliveira.com.br\/blog\/wp-content\/uploads\/2018\/12\/paro.jpg?resize=300%2C103 300w, https:\/\/i0.wp.com\/blogdalucianaoliveira.com.br\/blog\/wp-content\/uploads\/2018\/12\/paro.jpg?resize=768%2C264 768w, https:\/\/i0.wp.com\/blogdalucianaoliveira.com.br\/blog\/wp-content\/uploads\/2018\/12\/paro.jpg?resize=1024%2C352 1024w, https:\/\/i0.wp.com\/blogdalucianaoliveira.com.br\/blog\/wp-content\/uploads\/2018\/12\/paro.jpg?resize=800%2C275 800w\" sizes=\"auto, (max-width: 600px) 100vw, 600px\" \/><\/p>\n<p>Do s\u00e1bado, 24 de dezembro, ao s\u00e1bado, 5 de janeiro de 2019, a\u00a0<strong>Igreja de San Torpete<\/strong>, em\u00a0<strong>G\u00eanova<\/strong>, na\u00a0<strong>It\u00e1lia<\/strong>, ficar\u00e1 fechada por \u201cobje\u00e7\u00e3o de consci\u00eancia\u201d contra o decreto do ministro do Interior italiano,\u00a0<a href=\"http:\/\/www.ihu.unisinos.br\/78-noticias\/579662-acabou-o-recreio-facam-as-malas-e-partam-diz-salvini-aos-imigrantes\" target=\"_blank\" rel=\"noopener noreferrer\">Matteo Salvini<\/a>, sobre a quest\u00e3o migrat\u00f3ria.<!--more--><\/p>\n<p>No Humanitas Unisinos<\/p>\n<p>A decis\u00e3o do p\u00e1roco, Pe.<strong>\u00a0<a href=\"http:\/\/www.ihu.unisinos.br\/185-noticias\/noticias-2016\/555729-o-cardeal-siri-e-a-lenda-da-qnao-eleicaoq-papal-artigo-de-paolo-farinella\" target=\"_blank\" rel=\"noopener noreferrer\">Paolo Farinella<\/a><\/strong>, \u00e9 uma verdadeira \u201cgreve\u201d contra a medida com a qual o governo e o Parlamento italianos, \u201cno sil\u00eancio total dos cat\u00f3licos e dos crist\u00e3os, \u00e0s v\u00e9speras do\u00a0<strong>Natal<\/strong>,\u00a0<strong>expulsa da It\u00e1lia<\/strong>\u00a0aquele\u00a0<strong>Jesus de Nazar\u00e9<\/strong>\u00a0do qual se gostaria de celebrar o nascimento\u201d, afirma o sacerdote.<\/p>\n<div class=\"ihu-small-image-left\">\n<div class=\"news-image-credits\"><img data-recalc-dims=\"1\" decoding=\"async\" src=\"https:\/\/i0.wp.com\/www.ihu.unisinos.br\/images\/ihu\/2016\/ESCOLHER_A_FOTO.jpg?w=600\" alt=\"\" \/><img data-recalc-dims=\"1\" decoding=\"async\" src=\"https:\/\/i0.wp.com\/www.ihu.unisinos.br\/images\/ihu\/2018\/12\/07_12_padre_paolo_farinella_foto_reproducao_facebook.jpg?w=600\" alt=\"\" \/>Pe. Paolo | Foto: Reprodu\u00e7\u00e3o do Facebook<\/p>\n<\/div>\n<\/div>\n<p>Publicamos aqui a nota com que o Pe.<strong>\u00a0Paolo Farinella<\/strong>\u00a0anunciou a decis\u00e3o, em postagem publicada em seu blog pessoal, em dezembro de 2018. A tradu\u00e7\u00e3o \u00e9 de\u00a0<strong>Mois\u00e9s Sbardelotto<\/strong>.<\/p>\n<h3>Eis o texto.<\/h3>\n<p><strong>San Torpete<\/strong>, par\u00f3quia no cora\u00e7\u00e3o de\u00a0<strong>G\u00eanova<\/strong>\u00a0centro-leste, n\u00e3o celebrar\u00e1 o\u00a0<strong>Natal<\/strong>de 2018. Nascida nos s\u00e9culos XI-XIII como par\u00f3quia privada da casa dos\u00a0<strong>Marchesi Cattaneo della Volta<\/strong>, em 1995 foi cedida \u00e0 diocese.<\/p>\n<p>Depois de uma primeira restaura\u00e7\u00e3o que durou d\u00e9cadas, a igreja, aberta ao p\u00fablico em julho de 2005, foi confiada ao padre\u00a0<strong>Paolo Farinella<\/strong>, com o mandato de torn\u00e1-la um \u201ccentro cultural\u201d. Com o empenho de muitos colaboradores, o mandato foi realizado at\u00e9 hoje:\u00a0<strong>San Torpete<\/strong>\u00a0\u00e9 um lugar de espiritualidade, de poesia, de cultura, de m\u00fasica e de pol\u00edtica com o seu foco na Eucaristia dominical, frequentada por pessoas de outros bairros da cidade e de fora de\u00a0<strong>G\u00eanova<\/strong>.<\/p>\n<p>Como \u201cpar\u00f3quia sem paroquianos\u201d,\u00a0<strong>San Torpete<\/strong>\u00a0tornou-se a par\u00f3quia da di\u00e1spora dos peregrinos n\u00f4mades.<\/p>\n<p>O\u00a0<a href=\"http:\/\/www.ihu.unisinos.br\/585172-papa-convida-a-nao-mundanizar-o-natal-e-o-nascimento-de-jesus-nao-do-pinheirinho\" target=\"_blank\" rel=\"noopener noreferrer\">Natal<\/a>\u00a0n\u00e3o \u00e9 mais o Natal crist\u00e3o: n\u00e3o \u00e9 mais \u201cmem\u00f3ria\u201d do nascimento de Jesus, mas um c\u00ednico fato comercial, misturado com ritos e liturgias repetitivos, \u201cmercadorias \u00e0 venda\u201d no pag\u00e3o \u201c<strong>esp\u00edrito de Natal<\/strong>\u201d, sequestrado pelo mercado neocapitalista.<\/p>\n<p>Os cat\u00f3licos, de fato, n\u00e3o acreditam que o\u00a0<strong>Natal<\/strong>\u00a0seja a consci\u00eancia da \u201cproximidade de Deus\u201d para construir uma nova humanidade universal. Eles se contentam, culpavelmente, com a fabulazinha in\u00f3cua do\u00a0<a href=\"http:\/\/www.ihu.unisinos.br\/585220\" target=\"_blank\" rel=\"noopener noreferrer\">pres\u00e9pio<\/a>, que, entre gansos, animais, artesanatos, bonecos e mecanismos de engenharia hidr\u00e1ulica, faz do \u201cmist\u00e9rio fundamental da f\u00e9 crist\u00e3\u201d, a Encarna\u00e7\u00e3o do\u00a0<em>L\u00f3gos-Verbum<\/em>-Palavra, um instrumento de aliena\u00e7\u00e3o em benef\u00edcio de crian\u00e7as e adultos infantis, que, embora batizados, s\u00f3 entram em uma igreja nessa ocasi\u00e3o. Turistas do religioso folcl\u00f3rico.<\/p>\n<p>O \u201cclima de bondade\u201d domina o tempo natal\u00edcio, entre papais-no\u00e9is, bois, burros, bruxas e gaitas de foles, tanto que os jornais (como\u00a0<strong>Il Secolo XIX<\/strong>\u00a0do s\u00e1bado, 1\u00ba de dezembro), falam de \u201c<strong>esp\u00edrito de Natal<\/strong>\u201d, referindo-se \u00e0s perspectivas de com\u00e9rcio e de vendas. O \u201cmist\u00e9rio do Deus que vem\u201d se reduz a uma religi\u00e3o civil e pag\u00e3, ocasi\u00e3o de circunst\u00e2ncia da qual Deus \u00e9 exclu\u00eddo e expulso.<\/p>\n<p>As luzes das ruas indicam as \u201clojas\u201d como grutas de\u00a0<strong>Bel\u00e9m<\/strong>, com os anjos adorando a mercadoria exposta \u00e0 venda, marcada por uma estrela piscante.<\/p>\n<p>Os crist\u00e3os s\u00e3o c\u00famplices da degrada\u00e7\u00e3o do\u00a0<strong>Natal<\/strong>, porque a mem\u00f3ria do nascimento de Jesus n\u00e3o tem nada a ver com esse Natal, transformado em saga camponesa de montanhas de presentes e pres\u00e9pios, enquanto, ao lado, \u201cos pobres Cristos\u201d morrem de fome e de frio no mar, nos bord\u00e9is da\u00a0<strong>L\u00edbia<\/strong>, pagos pela\u00a0<strong>It\u00e1lia<\/strong>, que fomenta as guerras com o imundo com\u00e9rcio de armas, do qual obt\u00e9m lucros il\u00edcitos.<\/p>\n<p>A comida \u00e9 jogada fora, enquanto, nas mesmas ruas, \u201cJesus, o migrante dos migrantes\u201d, morre de fome e de frio ao canto de<em>\u00a0\u201c<strong>Tu scendi dalle stelle al freddo e al gelo<\/strong>\u201d<\/em>\u00a0[Tu desces das estrelas ao frio e ao gelo\u201d].<\/p>\n<p>Em 2018, n\u00e3o se pode celebrar o\u00a0<strong>Natal<\/strong>\u00a0tamb\u00e9m por \u201cobje\u00e7\u00e3o de consci\u00eancia\u201d ao Decreto-Lei n. 113\/2018, despudoradamente conhecido como \u201cdecreto de seguran\u00e7a\u201d, embora seja um decreto de inseguran\u00e7a m\u00e1xima e de afronta aos valores e aos sentimentos mais profundos da Democracia e do Direito.<\/p>\n<p>Por tr\u00e1s de palavras bomb\u00e1sticas, confusas e imorais, esconde-se a vontade determinada de atacar \u201cos Migrantes\u201d, justamente \u00e0s v\u00e9speras daquele\u00a0<strong>Natal<\/strong>\u00a0que celebra o nascimento de Jesus, migrante perseguido pela pol\u00edcia de\u00a0<strong>Herodes<\/strong>, que fugiu da persegui\u00e7\u00e3o, que foi acolhido no\u00a0<strong>Egito<\/strong>\u00a0e que voltou a se estabelecer em\u00a0<strong>Nazar\u00e9<\/strong>, depois de uma viagem alucinante e perigosa atrav\u00e9s do deserto de\u00a0<strong>Neguev<\/strong>.<\/p>\n<p>Tudo isso ocorre no sil\u00eancio c\u00famplice de um\u00a0<a href=\"http:\/\/www.ihu.unisinos.br\/78-noticias\/572183-acolher-os-migrantes-e-um-ato-de-civilidade-os-catolicos-contrarios-traem-o-evangelho-entrevista-com-luis-antonio-tagle\" target=\"_blank\" rel=\"noopener noreferrer\">mundo cat\u00f3lico<\/a>\u00a0que exalta um ministro que balan\u00e7a um pres\u00e9pio de pl\u00e1stico, que sacode um evangelho falso e ilude com o ter\u00e7o nas m\u00e3os, sem provocar um regurgito de v\u00f4mito dos chamados cat\u00f3licos de sal\u00e3o. O\u00a0<strong>Papa Francisco<\/strong>\u00a0os chama de \u201ccrist\u00e3os de pastelaria\u201d.<\/p>\n<p>Neste ano de 2018, se\u00a0<strong>Jesus<\/strong>, com\u00a0<strong>Maria<\/strong>\u00a0e\u00a0<strong>Jos\u00e9<\/strong>, se apresentasse entre n\u00f3s para celebrar o seu nascimento, com o decreto imundo de\u00a0<a href=\"http:\/\/www.ihu.unisinos.br\/78-noticias\/584316-a-culpa-e-nossa-quando-a-direita-vence-a-esquerda-decepcionou-as-esperancas-entrevista-com-ross-rossanda\" target=\"_blank\" rel=\"noopener noreferrer\">Salvini<\/a>, ele seria detido na fronteira e enviado de volta por ser um migrante econ\u00f4mico, por n\u00e3o ter uma permiss\u00e3o de resid\u00eancia e porque na\u00a0<a href=\"http:\/\/www.ihuonline.unisinos.br\/edicao\/408\" target=\"_blank\" rel=\"noopener noreferrer\">Palestina<\/a>\u00a0h\u00e1 uma guerra \u201cvelha\u201d desde 1948.<\/p>\n<p>Exaltando\u00a0<strong>Salvini<\/strong>, homem inculto, sem qualquer senso do Estado e do Direito, os\u00a0<strong>cat\u00f3licos<\/strong>\u00a0s\u00e3o c\u00famplices de crimes de lesa humanidade e de \u201cdeic\u00eddio\u201d, porque, cada vez que se comete um erro no plano do Direito contra a pessoa do pobre, faz-se isso diretamente contra Jesus na carne viva dos\u00a0<strong>migrantes<\/strong>.<\/p>\n<p>Com que direito crist\u00e3os podem pretender celebrar o\u00a0<strong>Natal<\/strong>\u00a0daquele Jesus que o seu pa\u00eds, sem qualquer resist\u00eancia ou protesto deles, expulsa o Homem no Filho de Deus?<\/p>\n<p>A poucos dias da aprova\u00e7\u00e3o dessa lei com o voto positivo do senhor [<strong>Luigi<\/strong>]\u00a0<strong>Di Maio<\/strong>[vice-primeiro-ministro italiano], que se deixa fotografar ao beijar o sangue de\u00a0<strong>S\u00e3o Janu\u00e1rio<\/strong>\u00a0(pobre dele!), como \u00e9 poss\u00edvel abrir as igrejas e se entreter com can\u00e7\u00f5es de ninar,\u00a0<em><strong>\u201cTu scendi dalle stelle\u201d<\/strong><\/em>, cantos gregorianos, pres\u00e9pios infames, quando, do lado de fora, o verdadeiro Cristo \u00e9 ofendido, torturado, estuprado, vilipendiado, vendido, esbofeteado, morto, como o \u201cHomem das Dores\u201d do profeta\u00a0<strong>Isa\u00edas<\/strong>? (Is 53).<\/p>\n<p>O \u201c<strong>decreto Salvini<\/strong>\u201d \u00e9 inconstitucional, e \u201c<strong>primeiro os italianos<\/strong>\u201d \u00e9 um opr\u00f3brio jur\u00eddico que rasga s\u00e9culos de conquistas da civiliza\u00e7\u00e3o jur\u00eddica. Enquanto esperamos a decis\u00e3o da\u00a0<strong>Suprema Corte<\/strong>\u00a0que n\u00e3o chegar\u00e1 antes de dois anos, o Direito definha, a Democracia est\u00e1 ferida, a Constitui\u00e7\u00e3o, dilacerada, e os crist\u00e3os&#8230; n\u00e3o t\u00eam vergonha de assistir e de ser coniventes com esse massacre contra cada \u201chomem que vem a este mundo\u201d.<\/p>\n<p>S\u00f3 nos resta assumir o \u00fanico gesto de dignidade que sobrou: a nossa consci\u00eancia oposta como basti\u00e3o de obje\u00e7\u00e3o total com ato p\u00fablico, radical, disruptivo e inequ\u00edvoco: a\u00a0<strong>Igreja de San Torpete<\/strong>\u00a0em\u00a0<strong>G\u00eanova<\/strong>\u00a0ficar\u00e1 fechada, porque um\u00a0<strong>Natal<\/strong>\u00a0sem\u00a0<strong>Cristo<\/strong>, um Natal sem Deus \u00e9 um Natal sem Homem.<\/p>\n<p>Que a igreja, fechada por fracasso, possa estimular o pensamento e a reflex\u00e3o dos fi\u00e9is e daqueles que t\u00eam consciente de que o\u00a0<strong>Natal<\/strong>\u00a0\u00e9 \u201cDeus-conosco-<em>Emmanuel<\/em>\u201d.<\/p>\n<p>As celebra\u00e7\u00f5es ser\u00e3o retomadas com a\u00a0<strong>Epifania<\/strong>\u00a0(6 de janeiro de 2019), a \u201cmanifesta\u00e7\u00e3o do Senhor aos povos do mundo\u201d, festa de universalidade sem fronteiras, realizada por \u201cuma grande multid\u00e3o, que ningu\u00e9m podia contar: gente de todas as na\u00e7\u00f5es, tribos, povos e l\u00ednguas\u201d (Ap 7, 9).<\/p>\n<p>N\u00e3o celebrem o meu nascimento \u2013 diz\u00a0<strong>Jesus<\/strong>\u00a0\u2013 porque Eu-sou desde sempre. Em vez disso, celebrem o renascimento de voc\u00eas como criaturas novas: convertam-se e voltem ao Evangelho (Mc 1, 15).<\/p>\n","protected":false},"excerpt":{"rendered":"<p>Do s\u00e1bado, 24 de dezembro, ao s\u00e1bado, 5 de janeiro de 2019, a\u00a0Igreja de San Torpete, em\u00a0G\u00eanova, na\u00a0It\u00e1lia, ficar\u00e1 fechada por \u201cobje\u00e7\u00e3o de consci\u00eancia\u201d contra o decreto do ministro do Interior italiano,\u00a0Matteo Salvini, sobre a quest\u00e3o migrat\u00f3ria.<\/p>\n","protected":false},"author":1,"featured_media":0,"comment_status":"closed","ping_status":"open","sticky":false,"template":"","format":"standard","meta":{"_exactmetrics_skip_tracking":false,"_exactmetrics_sitenote_active":false,"_exactmetrics_sitenote_note":"","_exactmetrics_sitenote_category":0,"jetpack_post_was_ever_published":false,"_jetpack_newsletter_access":"","_jetpack_dont_email_post_to_subs":false,"_jetpack_newsletter_tier_id":0,"_jetpack_memberships_contains_paywalled_content":false,"_jetpack_memberships_contains_paid_content":false,"footnotes":"","jetpack_publicize_message":"","jetpack_publicize_feature_enabled":true,"jetpack_social_post_already_shared":true,"jetpack_social_options":{"image_generator_settings":{"template":"highway","enabled":false},"version":2}},"categories":[1],"tags":[],"class_list":["post-19779","post","type-post","status-publish","format-standard","hentry","category-notas"],"jetpack_publicize_connections":[],"jetpack_sharing_enabled":true,"jetpack_featured_media_url":"","jetpack_shortlink":"https:\/\/wp.me\/p7wKYW-591","jetpack-related-posts":[],"_links":{"self":[{"href":"http:\/\/blogdalucianaoliveira.com.br\/blog\/wp-json\/wp\/v2\/posts\/19779","targetHints":{"allow":["GET"]}}],"collection":[{"href":"http:\/\/blogdalucianaoliveira.com.br\/blog\/wp-json\/wp\/v2\/posts"}],"about":[{"href":"http:\/\/blogdalucianaoliveira.com.br\/blog\/wp-json\/wp\/v2\/types\/post"}],"author":[{"embeddable":true,"href":"http:\/\/blogdalucianaoliveira.com.br\/blog\/wp-json\/wp\/v2\/users\/1"}],"replies":[{"embeddable":true,"href":"http:\/\/blogdalucianaoliveira.com.br\/blog\/wp-json\/wp\/v2\/comments?post=19779"}],"version-history":[{"count":1,"href":"http:\/\/blogdalucianaoliveira.com.br\/blog\/wp-json\/wp\/v2\/posts\/19779\/revisions"}],"predecessor-version":[{"id":19781,"href":"http:\/\/blogdalucianaoliveira.com.br\/blog\/wp-json\/wp\/v2\/posts\/19779\/revisions\/19781"}],"wp:attachment":[{"href":"http:\/\/blogdalucianaoliveira.com.br\/blog\/wp-json\/wp\/v2\/media?parent=19779"}],"wp:term":[{"taxonomy":"category","embeddable":true,"href":"http:\/\/blogdalucianaoliveira.com.br\/blog\/wp-json\/wp\/v2\/categories?post=19779"},{"taxonomy":"post_tag","embeddable":true,"href":"http:\/\/blogdalucianaoliveira.com.br\/blog\/wp-json\/wp\/v2\/tags?post=19779"}],"curies":[{"name":"wp","href":"https:\/\/api.w.org\/{rel}","templated":true}]}}