{"id":19782,"date":"2018-12-09T17:28:27","date_gmt":"2018-12-09T21:28:27","guid":{"rendered":"http:\/\/blogdalucianaoliveira.com.br\/blog\/?p=19782"},"modified":"2018-12-09T17:28:27","modified_gmt":"2018-12-09T21:28:27","slug":"as-7-forcas-que-mudarao-o-futuro-da-economia-global","status":"publish","type":"post","link":"http:\/\/blogdalucianaoliveira.com.br\/blog\/2018\/12\/09\/as-7-forcas-que-mudarao-o-futuro-da-economia-global\/","title":{"rendered":"As 7 for\u00e7as que mudar\u00e3o o futuro da economia global"},"content":{"rendered":"<p><img data-recalc-dims=\"1\" loading=\"lazy\" decoding=\"async\" data-attachment-id=\"19783\" data-permalink=\"http:\/\/blogdalucianaoliveira.com.br\/blog\/2018\/12\/09\/as-7-forcas-que-mudarao-o-futuro-da-economia-global\/67574a60-3b45-4c05-bec1-bbb2abef9e4e\/\" data-orig-file=\"https:\/\/i0.wp.com\/blogdalucianaoliveira.com.br\/blog\/wp-content\/uploads\/2018\/12\/67574A60-3B45-4C05-BEC1-BBB2ABEF9E4E.jpeg?fit=375%2C210\" data-orig-size=\"375,210\" data-comments-opened=\"0\" data-image-meta=\"{&quot;aperture&quot;:&quot;0&quot;,&quot;credit&quot;:&quot;&quot;,&quot;camera&quot;:&quot;&quot;,&quot;caption&quot;:&quot;&quot;,&quot;created_timestamp&quot;:&quot;0&quot;,&quot;copyright&quot;:&quot;&quot;,&quot;focal_length&quot;:&quot;0&quot;,&quot;iso&quot;:&quot;0&quot;,&quot;shutter_speed&quot;:&quot;0&quot;,&quot;title&quot;:&quot;&quot;,&quot;orientation&quot;:&quot;0&quot;}\" data-image-title=\"67574A60-3B45-4C05-BEC1-BBB2ABEF9E4E\" data-image-description=\"\" data-image-caption=\"\" data-medium-file=\"https:\/\/i0.wp.com\/blogdalucianaoliveira.com.br\/blog\/wp-content\/uploads\/2018\/12\/67574A60-3B45-4C05-BEC1-BBB2ABEF9E4E.jpeg?fit=300%2C168\" data-large-file=\"https:\/\/i0.wp.com\/blogdalucianaoliveira.com.br\/blog\/wp-content\/uploads\/2018\/12\/67574A60-3B45-4C05-BEC1-BBB2ABEF9E4E.jpeg?fit=375%2C210\" class=\"alignnone size-full wp-image-19783\" src=\"https:\/\/i0.wp.com\/blogdalucianaoliveira.com.br\/blog\/wp-content\/uploads\/2018\/12\/67574A60-3B45-4C05-BEC1-BBB2ABEF9E4E.jpeg?resize=375%2C210\" alt=\"67574A60-3B45-4C05-BEC1-BBB2ABEF9E4E\" width=\"375\" height=\"210\" srcset=\"https:\/\/i0.wp.com\/blogdalucianaoliveira.com.br\/blog\/wp-content\/uploads\/2018\/12\/67574A60-3B45-4C05-BEC1-BBB2ABEF9E4E.jpeg?w=375 375w, https:\/\/i0.wp.com\/blogdalucianaoliveira.com.br\/blog\/wp-content\/uploads\/2018\/12\/67574A60-3B45-4C05-BEC1-BBB2ABEF9E4E.jpeg?resize=300%2C168 300w\" sizes=\"auto, (max-width: 375px) 100vw, 375px\" \/><\/p>\n<p>A chegada da internet no in\u00edcio dos anos 1990 \u00e9 uma das \u00faltimas quebras de paradigma que transformaram profundamente a economia e a vida das pessoas.<!--more--><\/p>\n<p>Na BBC<\/p>\n<p>A internet foi uma mudan\u00e7a com impacto t\u00e3o radical (ou quase t\u00e3o radical), quanto teve uma vez o modelo helioc\u00eantrico de Nicolau Cop\u00e9rnico ou a teoria da relatividade de Albert Einstein, argumenta Jeff Desjardins, editor do livro Visualizing change: a data-driven snapshot of our world (&#8220;Visualizando a mudan\u00e7a: um retrado baseado em dados do nosso mundo&#8221;, em tradu\u00e7\u00e3o livre).<br \/>\nNo mundo dos neg\u00f3cios, acrescenta o fundador do site Visual Capitalist, a transforma\u00e7\u00e3o tecnol\u00f3gica \u00e9 a maneira mais \u00f3bvia de promover mudan\u00e7as nos mercados.<\/p>\n<p>Mas tamb\u00e9m os novos consensos nesta \u00e1rea podem ser impulsionados por indiv\u00edduos (como Steve Jobs, Warren Buffett ou Jeff Bezos); modelos inovadores (como SpaceX, Uber ou Spotify); mudan\u00e7as na mentalidade dos consumidores (como a inclina\u00e7\u00e3o para energias renov\u00e1veis); ou altera\u00e7\u00f5es no equil\u00edbrio da influ\u00eancia econ\u00f4mica no mundo (como a ascens\u00e3o da China).<\/p>\n<p>&#8220;Isso significa que grandes oportunidades podem vir de qualquer lugar&#8221;, diz Desjardins.<\/p>\n<figure class=\"media-landscape has-caption full-width\"><span class=\"image-and-copyright-container\"><img data-recalc-dims=\"1\" loading=\"lazy\" decoding=\"async\" class=\"responsive-image__img js-image-replace\" src=\"https:\/\/i0.wp.com\/ichef.bbci.co.uk\/news\/375\/cpsprodpb\/863C\/production\/_104546343_gettyimages-498122216.jpg?resize=600%2C338&#038;ssl=1\" alt=\"Globo terrestre rodeado por caixas\" width=\"600\" height=\"338\" data-highest-encountered-width=\"375\" \/><span class=\"off-screen\">Direito de imagem<\/span><span class=\"story-image-copyright\">GETTY IMAGES<\/span><\/span><figcaption class=\"media-caption\"><span class=\"off-screen\">Image caption<\/span><span class=\"media-caption__text\">A tecnologia e o com\u00e9rcio se uniram de tal maneira que a informa\u00e7\u00e3o se tornou mais valiosa do que os ativos f\u00edsicos<\/span><\/figcaption><\/figure>\n<p>&#8220;A mudan\u00e7a de paradigma de amanh\u00e3 est\u00e1 acontecendo em algum lugar hoje&#8221;, acrescenta.<\/p>\n<p>E pode vir de m\u00e3os dadas com o crescimento econ\u00f4mico da \u00c1frica, a explos\u00e3o das criptomoedas, a onipresen\u00e7a da intelig\u00eancia artificial, a revolu\u00e7\u00e3o verde ou em qualquer outro fator, ressalta o editor.<\/p>\n<p>Nesta reportagem, selecionamos sete for\u00e7as que v\u00e3o mudar o futuro da economia, de acordo com as informa\u00e7\u00f5es contidas no livro.<\/p>\n<h2 class=\"story-body__crosshead\">1. A invas\u00e3o dos gigantes da tecnologia<\/h2>\n<p>Durante d\u00e9cadas, as empresas l\u00edderes a n\u00edvel mundial focaram na produ\u00e7\u00e3o industrial em s\u00e9rie e em larga escala ou na extra\u00e7\u00e3o e processamento de recursos naturais. \u00c9 o caso de companhias como a Ford, General Electric e ExxonMobil.<\/p>\n<p>Ao longo do tempo, corpora\u00e7\u00f5es da \u00e1rea de finan\u00e7as, telecomunica\u00e7\u00f5es ou vendas de produtos de varejo entraram na lista das 10 empresas com valor de mercado mais alto. Mas agora a tecnologia e o com\u00e9rcio se uniram de tal maneira que a informa\u00e7\u00e3o se tornou mais valiosa do que os ativos f\u00edsicos.<\/p>\n<p>A mudan\u00e7a de paradigma acelerou t\u00e3o rapidamente que, nos \u00faltimos cinco anos, a lista das maiores empresas com a\u00e7\u00f5es negociadas na bolsa mudou radicalmente, como mostra o gr\u00e1fico abaixo.<\/p>\n<figure class=\"media-portrait no-caption full-width\"><span class=\"image-and-copyright-container\"><img data-recalc-dims=\"1\" loading=\"lazy\" decoding=\"async\" class=\"responsive-image__img js-image-replace\" src=\"https:\/\/i0.wp.com\/ichef.bbci.co.uk\/news\/375\/cpsprodpb\/35AA\/production\/_104683731_grafico_01-nc.png?resize=600%2C630&#038;ssl=1\" alt=\"As 5 maiores empresas por valor de mercado\" width=\"600\" height=\"630\" data-highest-encountered-width=\"375\" \/><\/span><\/figure>\n<h2 class=\"story-body__crosshead\">2. Acelera\u00e7\u00e3o do crescimento chin\u00eas<\/h2>\n<p>Embora n\u00e3o seja algo novo, chama a aten\u00e7\u00e3o a velocidade com que a economia e o desenvolvimento tecnol\u00f3gico chin\u00eas avan\u00e7am. Atualmente, a produtividade econ\u00f4mica de algumas cidades da China \u00e9 maior do que a de pa\u00edses inteiros.<\/p>\n<p>De fato, o pa\u00eds tem mais de cem cidades com mais de um milh\u00e3o de habitantes. Elas foram desenvolvidas com base na cria\u00e7\u00e3o de f\u00e1bricas, na extra\u00e7\u00e3o de recursos naturais ou no gerenciamento de dados.<\/p>\n<p>Um exemplo \u00e9 o desenvolvimento observado em cidades ao redor do rio Yangtze, onde est\u00e3o localizadas Xangai, Suzhou, Hangzhou, Wuxi, Nantong, Ningbo, Nanjing e Changzhou. Esta \u00faltima, com um Produto Interno Bruto (PIB) de US$ 2,6 bilh\u00f5es, superior ao da It\u00e1lia.<\/p>\n<p>Por enquanto, as estimativas indicam que, entre 2017 e 2019, a China ser\u00e1 a economia com a taxa de crescimento mais alta (35,2%) e que, at\u00e9 2030, ultrapassar\u00e1 os Estados Unidos como l\u00edder na economia mundial.<\/p>\n<figure class=\"media-landscape no-caption full-width\"><span class=\"image-and-copyright-container\"><img data-recalc-dims=\"1\" loading=\"lazy\" decoding=\"async\" class=\"responsive-image__img js-image-replace\" src=\"https:\/\/i0.wp.com\/ichef.bbci.co.uk\/news\/375\/cpsprodpb\/AADA\/production\/_104683734_grafico_02-nc.png?resize=600%2C519&#038;ssl=1\" alt=\"Percentual de crescimento global estimado\" width=\"600\" height=\"519\" data-highest-encountered-width=\"375\" \/><\/span><\/figure>\n<h2 class=\"story-body__crosshead\">3. Ascen\u00e7\u00e3o das megacidades<\/h2>\n<p>Nas pr\u00f3ximas d\u00e9cadas, o crescimento populacional das cidades transformar\u00e1 a economia global. As proje\u00e7\u00f5es sugerem que haver\u00e1 uma estabiliza\u00e7\u00e3o das taxas de natalidade nos pa\u00edses ocidentais e na China, enquanto ser\u00e1 observado um boom demogr\u00e1fico e uma r\u00e1pida urbaniza\u00e7\u00e3o em na\u00e7\u00f5es africanas e no restante da \u00c1sia.<\/p>\n<p>Esse fen\u00f4meno, muito estudado, \u00e9 conhecido como a ascen\u00e7\u00e3o das megacidades.<\/p>\n<p>At\u00e9 o fim deste s\u00e9culo, a \u00c1frica ter\u00e1 pelo menos 13 megacidades maiores do que Nova York.<\/p>\n<figure class=\"media-landscape no-caption full-width\"><span class=\"image-and-copyright-container\"><img data-recalc-dims=\"1\" loading=\"lazy\" decoding=\"async\" class=\"responsive-image__img js-image-replace\" src=\"https:\/\/i0.wp.com\/ichef.bbci.co.uk\/news\/375\/cpsprodpb\/1200A\/production\/_104683737_grafico_03-nc.png?resize=600%2C503&#038;ssl=1\" alt=\"As 20 maiores cidades do mundo\" width=\"600\" height=\"503\" data-highest-encountered-width=\"375\" \/><\/span><\/figure>\n<h2 class=\"story-body__crosshead\">4. O aumento da d\u00edvida<\/h2>\n<p>Estima-se que haja no mundo uma d\u00edvida acumulada de mais de US$ 240 bilh\u00f5es, dos quais US$ 63 bilh\u00f5es s\u00e3o empr\u00e9stimos de governos.<\/p>\n<p>Os Estados Unidos, a Europa e algumas economias emergentes aumentaram seu n\u00edvel de endividamento nos \u00faltimos anos, aproveitando o ciclo de baixas taxas de juros. Nos Estados Unidos, a d\u00edvida p\u00fablica subiu recentemente, enquanto o d\u00e9ficit fiscal do pa\u00eds continua a crescer rapidamente.<\/p>\n<p>Em rela\u00e7\u00e3o ao Produto Interno Bruto (PIB), o Jap\u00e3o tem uma d\u00edvida de 253%; Estados Unidos, de 105%; Espanha, de 98%; Reino Unido, de 85%; Brasil, de 74%; e M\u00e9xico, de 46%, para citar alguns exemplos.<\/p>\n<p>E a n\u00edvel global, os pa\u00edses que acumulam mais d\u00edvidas em rela\u00e7\u00e3o aos outros s\u00e3o os Estados Unidos, o Jap\u00e3o e a China.<\/p>\n<figure class=\"media-landscape no-caption full-width\"><span class=\"image-and-copyright-container\"><img data-recalc-dims=\"1\" loading=\"lazy\" decoding=\"async\" class=\"responsive-image__img js-image-replace\" src=\"https:\/\/i0.wp.com\/ichef.bbci.co.uk\/news\/375\/cpsprodpb\/FFB2\/production\/_104685456_grafico_04-nc.png?resize=600%2C552&#038;ssl=1\" alt=\"Percentual da d\u00edvida mundial\" width=\"600\" height=\"552\" data-highest-encountered-width=\"375\" \/><\/span><\/figure>\n<h2 class=\"story-body__crosshead\">5. A velocidade da mudan\u00e7a tecnol\u00f3gica<\/h2>\n<p>Entre as grandes inova\u00e7\u00f5es tecnol\u00f3gicas da hist\u00f3ria moderna, est\u00e3o, por exemplo, a cria\u00e7\u00e3o da eletricidade, do telefone, do carro ou do avi\u00e3o. A massifica\u00e7\u00e3o desses produtos levou, em alguns casos, v\u00e1rias d\u00e9cadas, considerando o tempo decorrido entre o desenvolvimento do primeiro prot\u00f3tipo e a ampla ades\u00e3o por parte dos consumidores.<\/p>\n<p>Estima-se que no caso do carro foram cerca de seis d\u00e9cadas; do telefone, cinco; e dos cart\u00f5es de cr\u00e9dito, mais de 20 anos.<\/p>\n<p>Hoje, no entanto, pode levar apenas alguns meses para o mercado adotar uma nova tecnologia.<\/p>\n<figure class=\"media-landscape has-caption full-width\"><span class=\"image-and-copyright-container\"><img data-recalc-dims=\"1\" loading=\"lazy\" decoding=\"async\" class=\"responsive-image__img js-image-replace\" src=\"https:\/\/i0.wp.com\/ichef.bbci.co.uk\/news\/375\/cpsprodpb\/10A8\/production\/_104546240_gettyimages-857537316.jpg?resize=600%2C338&#038;ssl=1\" alt=\"Rua em movimento\" width=\"600\" height=\"338\" data-highest-encountered-width=\"375\" \/><span class=\"off-screen\">Direito de imagem<\/span><span class=\"story-image-copyright\">GETTY IMAGES<\/span><\/span><figcaption class=\"media-caption\"><span class=\"off-screen\">Image caption<\/span><span class=\"media-caption__text\">O mercado est\u00e1 adotando inova\u00e7\u00f5es tecnol\u00f3gicas a uma taxa exponencial<\/span><\/figcaption><\/figure>\n<h2 class=\"story-body__crosshead\">6. Barreiras comerciais<\/h2>\n<p>Ap\u00f3s a Segunda Guerra Mundial, o mundo come\u00e7ou a eliminar progressivamente as barreiras comerciais entre os pa\u00edses.<\/p>\n<p>Mas essa tend\u00eancia foi recentemente desafiada por pa\u00edses como os Estados Unidos que, em 2018, impuseram tarifas a v\u00e1rios produtos chineses, desencadeando uma guerra comercial de milh\u00f5es de d\u00f3lares entre Washington e Pequim.<\/p>\n<p>A d\u00favida nesse sentido \u00e9 se o mundo continuar\u00e1 avan\u00e7ando rumo ao livre com\u00e9rcio ou se v\u00e3o surgir novas regras nas rela\u00e7\u00f5es comerciais entre os pa\u00edses, fen\u00f4meno que o livro descreve como o &#8220;paradoxo comercial&#8221;.<\/p>\n<figure class=\"media-landscape has-caption full-width\"><span class=\"image-and-copyright-container\"><img data-recalc-dims=\"1\" loading=\"lazy\" decoding=\"async\" class=\"responsive-image__img js-image-replace\" src=\"https:\/\/i0.wp.com\/ichef.bbci.co.uk\/news\/375\/cpsprodpb\/5EC8\/production\/_104546242_gettyimages-174753899.jpg?resize=600%2C338&#038;ssl=1\" alt=\"Barco com containeres\" width=\"600\" height=\"338\" data-highest-encountered-width=\"375\" \/><span class=\"off-screen\">Direito de imagem<\/span><span class=\"story-image-copyright\">GETTY IMAGES<\/span><\/span><figcaption class=\"media-caption\"><span class=\"off-screen\">Image caption<\/span><span class=\"media-caption__text\">A guerra comercial entre os EUA e a China pode ser o in\u00edcio de uma mudan\u00e7a de tend\u00eancia no com\u00e9rcio global<\/span><\/figcaption><\/figure>\n<h2 class=\"story-body__crosshead\">7. A Revolu\u00e7\u00e3o Verde<\/h2>\n<p>O uso crescente de energias renov\u00e1veis acelerou nos \u00faltimos anos, \u00e0 medida que os custos de produ\u00e7\u00e3o diminu\u00edram e as tecnologias avan\u00e7aram.<\/p>\n<p>Algumas proje\u00e7\u00f5es indicam que, em duas d\u00e9cadas, a energia solar e a e\u00f3lica v\u00e3o responder por quase metade da capacidade el\u00e9trica instalada no mundo. Outras sugerem que at\u00e9 o ano de 2047 haver\u00e1 cerca de 1 bilh\u00e3o de carros el\u00e9tricos em tr\u00e2nsito pelo mundo.<\/p>\n<p>E o investimento em energias mais limpas pode chegar a US$ 10,2 trilh\u00f5es a n\u00edvel global no ano de 2040, segundo as cifras apresentadas no livro.<\/p>\n<figure class=\"media-landscape has-caption full-width\"><span class=\"image-and-copyright-container\"><img data-recalc-dims=\"1\" loading=\"lazy\" decoding=\"async\" class=\"responsive-image__img js-image-replace\" src=\"https:\/\/i0.wp.com\/ichef.bbci.co.uk\/news\/375\/cpsprodpb\/ACE8\/production\/_104546244_gettyimages-521106845.jpg?resize=600%2C338&#038;ssl=1\" alt=\"Pain\u00e9is solares\" width=\"600\" height=\"338\" data-highest-encountered-width=\"375\" \/><\/span><\/figure>\n","protected":false},"excerpt":{"rendered":"<p>A chegada da internet no in\u00edcio dos anos 1990 \u00e9 uma das \u00faltimas quebras de paradigma que transformaram profundamente a economia e a vida das pessoas.<\/p>\n","protected":false},"author":1,"featured_media":0,"comment_status":"closed","ping_status":"open","sticky":false,"template":"","format":"standard","meta":{"_exactmetrics_skip_tracking":false,"_exactmetrics_sitenote_active":false,"_exactmetrics_sitenote_note":"","_exactmetrics_sitenote_category":0,"jetpack_post_was_ever_published":false,"_jetpack_newsletter_access":"","_jetpack_dont_email_post_to_subs":false,"_jetpack_newsletter_tier_id":0,"_jetpack_memberships_contains_paywalled_content":false,"_jetpack_memberships_contains_paid_content":false,"footnotes":"","jetpack_publicize_message":"","jetpack_publicize_feature_enabled":true,"jetpack_social_post_already_shared":true,"jetpack_social_options":{"image_generator_settings":{"template":"highway","enabled":false},"version":2}},"categories":[1],"tags":[],"class_list":["post-19782","post","type-post","status-publish","format-standard","hentry","category-notas"],"jetpack_publicize_connections":[],"jetpack_sharing_enabled":true,"jetpack_featured_media_url":"","jetpack_shortlink":"https:\/\/wp.me\/p7wKYW-594","jetpack-related-posts":[],"_links":{"self":[{"href":"http:\/\/blogdalucianaoliveira.com.br\/blog\/wp-json\/wp\/v2\/posts\/19782","targetHints":{"allow":["GET"]}}],"collection":[{"href":"http:\/\/blogdalucianaoliveira.com.br\/blog\/wp-json\/wp\/v2\/posts"}],"about":[{"href":"http:\/\/blogdalucianaoliveira.com.br\/blog\/wp-json\/wp\/v2\/types\/post"}],"author":[{"embeddable":true,"href":"http:\/\/blogdalucianaoliveira.com.br\/blog\/wp-json\/wp\/v2\/users\/1"}],"replies":[{"embeddable":true,"href":"http:\/\/blogdalucianaoliveira.com.br\/blog\/wp-json\/wp\/v2\/comments?post=19782"}],"version-history":[{"count":1,"href":"http:\/\/blogdalucianaoliveira.com.br\/blog\/wp-json\/wp\/v2\/posts\/19782\/revisions"}],"predecessor-version":[{"id":19784,"href":"http:\/\/blogdalucianaoliveira.com.br\/blog\/wp-json\/wp\/v2\/posts\/19782\/revisions\/19784"}],"wp:attachment":[{"href":"http:\/\/blogdalucianaoliveira.com.br\/blog\/wp-json\/wp\/v2\/media?parent=19782"}],"wp:term":[{"taxonomy":"category","embeddable":true,"href":"http:\/\/blogdalucianaoliveira.com.br\/blog\/wp-json\/wp\/v2\/categories?post=19782"},{"taxonomy":"post_tag","embeddable":true,"href":"http:\/\/blogdalucianaoliveira.com.br\/blog\/wp-json\/wp\/v2\/tags?post=19782"}],"curies":[{"name":"wp","href":"https:\/\/api.w.org\/{rel}","templated":true}]}}