{"id":19785,"date":"2018-12-09T20:12:32","date_gmt":"2018-12-10T00:12:32","guid":{"rendered":"http:\/\/blogdalucianaoliveira.com.br\/blog\/?p=19785"},"modified":"2018-12-09T20:12:32","modified_gmt":"2018-12-10T00:12:32","slug":"ministerio-publico-federal-repudia-assassinato-de-trabalhadores-sem-terra-na-paraiba","status":"publish","type":"post","link":"http:\/\/blogdalucianaoliveira.com.br\/blog\/2018\/12\/09\/ministerio-publico-federal-repudia-assassinato-de-trabalhadores-sem-terra-na-paraiba\/","title":{"rendered":"Minist\u00e9rio P\u00fablico Federal repudia assassinato de trabalhadores sem-terra na Para\u00edba"},"content":{"rendered":"<p><img data-recalc-dims=\"1\" loading=\"lazy\" decoding=\"async\" data-attachment-id=\"19786\" data-permalink=\"http:\/\/blogdalucianaoliveira.com.br\/blog\/2018\/12\/09\/ministerio-publico-federal-repudia-assassinato-de-trabalhadores-sem-terra-na-paraiba\/08634401-79bf-44a7-96e7-ed9968679aae\/\" data-orig-file=\"https:\/\/i0.wp.com\/blogdalucianaoliveira.com.br\/blog\/wp-content\/uploads\/2018\/12\/08634401-79BF-44A7-96E7-ED9968679AAE.jpeg?fit=640%2C359\" data-orig-size=\"640,359\" data-comments-opened=\"0\" data-image-meta=\"{&quot;aperture&quot;:&quot;0&quot;,&quot;credit&quot;:&quot;&quot;,&quot;camera&quot;:&quot;&quot;,&quot;caption&quot;:&quot;&quot;,&quot;created_timestamp&quot;:&quot;0&quot;,&quot;copyright&quot;:&quot;&quot;,&quot;focal_length&quot;:&quot;0&quot;,&quot;iso&quot;:&quot;0&quot;,&quot;shutter_speed&quot;:&quot;0&quot;,&quot;title&quot;:&quot;&quot;,&quot;orientation&quot;:&quot;0&quot;}\" data-image-title=\"08634401-79BF-44A7-96E7-ED9968679AAE\" data-image-description=\"\" data-image-caption=\"\" data-medium-file=\"https:\/\/i0.wp.com\/blogdalucianaoliveira.com.br\/blog\/wp-content\/uploads\/2018\/12\/08634401-79BF-44A7-96E7-ED9968679AAE.jpeg?fit=300%2C168\" data-large-file=\"https:\/\/i0.wp.com\/blogdalucianaoliveira.com.br\/blog\/wp-content\/uploads\/2018\/12\/08634401-79BF-44A7-96E7-ED9968679AAE.jpeg?fit=600%2C337\" class=\"alignnone size-full wp-image-19786\" src=\"https:\/\/i0.wp.com\/blogdalucianaoliveira.com.br\/blog\/wp-content\/uploads\/2018\/12\/08634401-79BF-44A7-96E7-ED9968679AAE.jpeg?resize=600%2C337\" alt=\"08634401-79BF-44A7-96E7-ED9968679AAE\" width=\"600\" height=\"337\" srcset=\"https:\/\/i0.wp.com\/blogdalucianaoliveira.com.br\/blog\/wp-content\/uploads\/2018\/12\/08634401-79BF-44A7-96E7-ED9968679AAE.jpeg?w=640 640w, https:\/\/i0.wp.com\/blogdalucianaoliveira.com.br\/blog\/wp-content\/uploads\/2018\/12\/08634401-79BF-44A7-96E7-ED9968679AAE.jpeg?resize=300%2C168 300w, https:\/\/i0.wp.com\/blogdalucianaoliveira.com.br\/blog\/wp-content\/uploads\/2018\/12\/08634401-79BF-44A7-96E7-ED9968679AAE.jpeg?resize=535%2C300 535w\" sizes=\"auto, (max-width: 600px) 100vw, 600px\" \/><\/p>\n<p>No Brasil De Fato &#8211; A Procuradoria Geral da Rep\u00fablica (PGR), a Procuradoria Federal dos Direitos do Cidad\u00e3o (PFDC) e a Procuradoria Regional dos Direitos do Cidad\u00e3o na Para\u00edba (PRDC\/PB), \u00f3rg\u00e3os do Minist\u00e9rio P\u00fablico Federal, manifestaram solidariedade aos familiares de Jos\u00e9 Bernardo da Silva e Rodrigo Celestino, brutalmente assassinados na noite deste s\u00e1bado (8).<!--more--><\/p>\n<p>&#8220;Diante desse quadro, a PGR, a PFDC e a PRDC\/PB reiteram o compromisso com a prote\u00e7\u00e3o dos direitos humanos dos assentados e envidar\u00e3o todos os esfor\u00e7os perante os \u00f3rg\u00e3os de investiga\u00e7\u00e3o para que a autoria do duplo assassinato seja esclarecida e os respons\u00e1veis punidos conforme a lei&#8221;, afirma a nota, assinada por Raquel Dodge, Procuradora-Geral da Rep\u00fablica, Deborah Duprat, Procuradora Federal dos Direitos do Cidad\u00e3o e Jos\u00e9 Godoy, Procurador Regional dos Direitos do Cidad\u00e3o.<\/p>\n<p>Em nota, os amigos do MST na Para\u00edba expressaram a solidariedade ao MST e aos familiares de Orlando e Rodrigo: \u201cConsideramos que o assassinato covarde desses companheiros se inscreve como ato continuo da trucul\u00eancia exacerbada pelo cen\u00e1rio pol\u00edtico vivido no pa\u00eds com a ascens\u00e3o do ide\u00e1rio neofascista e de criminaliza\u00e7\u00e3o  das organiza\u00e7\u00f5es e movimentos populares deste pa\u00eds.\u201d<\/p>\n<p>Por volta das 19h deste s\u00e1bado (8), Rodrigo Celestino e Jos\u00e9 Bernardo da Silva \u2013 mais conhecido como Orlando \u2013 estavam jantando no acampamento Dom Jos\u00e9 Maria Pires, no munic\u00edpio de Alhandra, litoral paraibano, quando quatro homens armados entraram na \u00e1rea e dispararam contra eles. O acampamento Dom Jos\u00e9 Maria Pires completou um ano em julho deste ano. Est\u00e1 na \u00e1rea da  antiga fazenda Garapu, vinculado ao Grupo Santa Tereza.<\/p>\n<p>Para\u00edba: lutas e conflitos<\/p>\n<p>A luta pela terra na Para\u00edba \u00e9 antiga. As Ligas Camponesas, um dos movimentos mais importantes pela Reforma Agr\u00e1ria estava intensamente presente no estado entre as d\u00e9cadas de 1950 e 60, principalmente na regi\u00e3o de Mari, no agreste paraibano. At\u00e9 hoje, a regi\u00e3o \u00e9 marcada por conflitos, explica o professor e pesquisador da quest\u00e3o agr\u00e1ria Marco Antonio Mitidiero J\u00fanior: \u201co acampamento Antas est\u00e1 na beira da estrada h\u00e1 20 anos e fica a cerca de 500 metros da casa onde viveram Jo\u00e3o Pedro e Elisabeth Teixeira, das Ligas Camponesas\u201d. Jo\u00e3o Pedro Teixeira foi assassinado em 1962. D\u00e9cadas mais tarde, Maria Margarida Alves tamb\u00e9m seria assassinada na Para\u00edba, em 1983. <\/p>\n<p>De acordo com Mitidiero, no entanto, os conflitos s\u00e3o mais intensos na Zona da Mata e Brejo paraibano. Alhandra, local dos assassinatos deste s\u00e1bado, fica na Zona da Mata e, segundo o professor, \u00e9 uma \u00e1rea marcada pela viol\u00eancia no campo. O deputado e padre Luiz Couto, do PT, por exemplo, vive sob prote\u00e7\u00e3o da Pol\u00edcia Federal h\u00e1 mais de 10 anos por ter denunciado a a\u00e7\u00e3o de pistoleiros no local. <\/p>\n<p>\u201c\u00c9 uma regi\u00e3o violenta e muito cobi\u00e7ada por conta da cana-de-a\u00e7\u00facar e pelo min\u00e9rio de calc\u00e1rio\u201d, afirma o professor. De acordo com ele, Alhandra est\u00e1 dentro da Zona da Mata, que se inicia no litoral alagoano e vai at\u00e9 o Rio Grande do Norte. \u201cH\u00e1 muitos conflitos e o registro de in\u00fameras ocorr\u00eancias de viol\u00eancias e amea\u00e7as\u201d, explica.<\/p>\n<p>O professor ressalta, no entanto, que nos \u00faltimos anos o n\u00famero de assassinatos caiu. Antes da mortes ocorridas ontem, o mais recente assassinato havia sido em 2016. Na ocasi\u00e3o, o assentado Ivanildo Francisco da Silva levou tr\u00eas tiros dentro da pr\u00f3pria casa. Ele era presidente do PT local e apoiador da Comiss\u00e3o Pastoral da Terra. <\/p>\n<p>No total, 31 pessoas perderam a vida por defender os direitos das trabalhadoras e trabalhadores rurais entre 1962 e 2018 de acordo com o banco de dados de Mitidiero e da CPT Nacional.<\/p>\n<p>Homenagem<\/p>\n<p>Um ato pol\u00edtico na tarde deste domingo (9) na cidade de Mari, na Para\u00edba, deve homenagear os trabalhadores rurais assassinados. Familiares, simpatizantes da luta pela terra e autoridades, como a presidenta do PT, Gleisi Hoffman, e o governador da Para\u00edba, Ricardo Coutinho (PSB), devem participar do vel\u00f3rio e ato, que ocorre na capela do assentamento Nossa Senhora Aparecida, no assentamento Zumbi dos Palmares. <\/p>\n<p>O corpo de Orlando deve ser velado na capela Nossa Senhora Aparecida, no assentamento Zumbi dos Palmares, em Mari. Era ali que ele vivia, com sua fam\u00edlia. Rodrigo Celestino deve receber as \u00faltimas homenagens de maneira reservada, apenas com parentes e amigos, em Jo\u00e3o Pessoa.<\/p>\n<p>Edi\u00e7\u00e3o: Luiz Felipe Albuquerque<\/p>\n","protected":false},"excerpt":{"rendered":"<p>No Brasil De Fato &#8211; A Procuradoria Geral da Rep\u00fablica (PGR), a Procuradoria Federal dos Direitos do Cidad\u00e3o (PFDC) e a Procuradoria Regional dos Direitos do Cidad\u00e3o na Para\u00edba (PRDC\/PB), \u00f3rg\u00e3os do Minist\u00e9rio P\u00fablico Federal, manifestaram solidariedade aos familiares de Jos\u00e9 Bernardo da Silva e Rodrigo Celestino, brutalmente assassinados na noite deste s\u00e1bado (8).<\/p>\n","protected":false},"author":1,"featured_media":0,"comment_status":"closed","ping_status":"open","sticky":false,"template":"","format":"standard","meta":{"_exactmetrics_skip_tracking":false,"_exactmetrics_sitenote_active":false,"_exactmetrics_sitenote_note":"","_exactmetrics_sitenote_category":0,"jetpack_post_was_ever_published":false,"_jetpack_newsletter_access":"","_jetpack_dont_email_post_to_subs":false,"_jetpack_newsletter_tier_id":0,"_jetpack_memberships_contains_paywalled_content":false,"_jetpack_memberships_contains_paid_content":false,"footnotes":"","jetpack_publicize_message":"","jetpack_publicize_feature_enabled":true,"jetpack_social_post_already_shared":true,"jetpack_social_options":{"image_generator_settings":{"template":"highway","enabled":false},"version":2}},"categories":[1],"tags":[],"class_list":["post-19785","post","type-post","status-publish","format-standard","hentry","category-notas"],"jetpack_publicize_connections":[],"jetpack_sharing_enabled":true,"jetpack_featured_media_url":"","jetpack_shortlink":"https:\/\/wp.me\/p7wKYW-597","jetpack-related-posts":[],"_links":{"self":[{"href":"http:\/\/blogdalucianaoliveira.com.br\/blog\/wp-json\/wp\/v2\/posts\/19785","targetHints":{"allow":["GET"]}}],"collection":[{"href":"http:\/\/blogdalucianaoliveira.com.br\/blog\/wp-json\/wp\/v2\/posts"}],"about":[{"href":"http:\/\/blogdalucianaoliveira.com.br\/blog\/wp-json\/wp\/v2\/types\/post"}],"author":[{"embeddable":true,"href":"http:\/\/blogdalucianaoliveira.com.br\/blog\/wp-json\/wp\/v2\/users\/1"}],"replies":[{"embeddable":true,"href":"http:\/\/blogdalucianaoliveira.com.br\/blog\/wp-json\/wp\/v2\/comments?post=19785"}],"version-history":[{"count":1,"href":"http:\/\/blogdalucianaoliveira.com.br\/blog\/wp-json\/wp\/v2\/posts\/19785\/revisions"}],"predecessor-version":[{"id":19787,"href":"http:\/\/blogdalucianaoliveira.com.br\/blog\/wp-json\/wp\/v2\/posts\/19785\/revisions\/19787"}],"wp:attachment":[{"href":"http:\/\/blogdalucianaoliveira.com.br\/blog\/wp-json\/wp\/v2\/media?parent=19785"}],"wp:term":[{"taxonomy":"category","embeddable":true,"href":"http:\/\/blogdalucianaoliveira.com.br\/blog\/wp-json\/wp\/v2\/categories?post=19785"},{"taxonomy":"post_tag","embeddable":true,"href":"http:\/\/blogdalucianaoliveira.com.br\/blog\/wp-json\/wp\/v2\/tags?post=19785"}],"curies":[{"name":"wp","href":"https:\/\/api.w.org\/{rel}","templated":true}]}}