{"id":19790,"date":"2018-12-10T13:27:54","date_gmt":"2018-12-10T17:27:54","guid":{"rendered":"http:\/\/blogdalucianaoliveira.com.br\/blog\/?p=19790"},"modified":"2018-12-10T13:30:10","modified_gmt":"2018-12-10T17:30:10","slug":"comeca-hoje-a-12a-mostra-cinema-e-direitos-humanos","status":"publish","type":"post","link":"http:\/\/blogdalucianaoliveira.com.br\/blog\/2018\/12\/10\/comeca-hoje-a-12a-mostra-cinema-e-direitos-humanos\/","title":{"rendered":"Come\u00e7a hoje a 12\u00aa Mostra Cinema e Direitos Humanos"},"content":{"rendered":"<p><img data-recalc-dims=\"1\" loading=\"lazy\" decoding=\"async\" data-attachment-id=\"19791\" data-permalink=\"http:\/\/blogdalucianaoliveira.com.br\/blog\/2018\/12\/10\/comeca-hoje-a-12a-mostra-cinema-e-direitos-humanos\/79aac7c8-9df8-4d40-9a90-a613e2a4448f\/\" data-orig-file=\"https:\/\/i0.wp.com\/blogdalucianaoliveira.com.br\/blog\/wp-content\/uploads\/2018\/12\/79AAC7C8-9DF8-4D40-9A90-A613E2A4448F.png?fit=1200%2C800\" data-orig-size=\"1200,800\" data-comments-opened=\"0\" data-image-meta=\"{&quot;aperture&quot;:&quot;0&quot;,&quot;credit&quot;:&quot;&quot;,&quot;camera&quot;:&quot;&quot;,&quot;caption&quot;:&quot;&quot;,&quot;created_timestamp&quot;:&quot;0&quot;,&quot;copyright&quot;:&quot;&quot;,&quot;focal_length&quot;:&quot;0&quot;,&quot;iso&quot;:&quot;0&quot;,&quot;shutter_speed&quot;:&quot;0&quot;,&quot;title&quot;:&quot;&quot;,&quot;orientation&quot;:&quot;0&quot;}\" data-image-title=\"79AAC7C8-9DF8-4D40-9A90-A613E2A4448F\" data-image-description=\"\" data-image-caption=\"\" data-medium-file=\"https:\/\/i0.wp.com\/blogdalucianaoliveira.com.br\/blog\/wp-content\/uploads\/2018\/12\/79AAC7C8-9DF8-4D40-9A90-A613E2A4448F.png?fit=300%2C200\" data-large-file=\"https:\/\/i0.wp.com\/blogdalucianaoliveira.com.br\/blog\/wp-content\/uploads\/2018\/12\/79AAC7C8-9DF8-4D40-9A90-A613E2A4448F.png?fit=600%2C400\" class=\"alignnone size-full wp-image-19791\" src=\"https:\/\/i0.wp.com\/blogdalucianaoliveira.com.br\/blog\/wp-content\/uploads\/2018\/12\/79AAC7C8-9DF8-4D40-9A90-A613E2A4448F.png?resize=600%2C400\" alt=\"79AAC7C8-9DF8-4D40-9A90-A613E2A4448F\" width=\"600\" height=\"400\" srcset=\"https:\/\/i0.wp.com\/blogdalucianaoliveira.com.br\/blog\/wp-content\/uploads\/2018\/12\/79AAC7C8-9DF8-4D40-9A90-A613E2A4448F.png?w=1200 1200w, https:\/\/i0.wp.com\/blogdalucianaoliveira.com.br\/blog\/wp-content\/uploads\/2018\/12\/79AAC7C8-9DF8-4D40-9A90-A613E2A4448F.png?resize=300%2C200 300w, https:\/\/i0.wp.com\/blogdalucianaoliveira.com.br\/blog\/wp-content\/uploads\/2018\/12\/79AAC7C8-9DF8-4D40-9A90-A613E2A4448F.png?resize=768%2C512 768w, https:\/\/i0.wp.com\/blogdalucianaoliveira.com.br\/blog\/wp-content\/uploads\/2018\/12\/79AAC7C8-9DF8-4D40-9A90-A613E2A4448F.png?resize=1024%2C683 1024w, https:\/\/i0.wp.com\/blogdalucianaoliveira.com.br\/blog\/wp-content\/uploads\/2018\/12\/79AAC7C8-9DF8-4D40-9A90-A613E2A4448F.png?resize=450%2C300 450w\" sizes=\"auto, (max-width: 600px) 100vw, 600px\" \/><em><\/em><\/p>\n<p>Programa\u00e7\u00e3o 12\u00aa Mostra Cinema e Direitos Humanos &#8211; Porto Velho<!--more--><\/p>\n<p>10 a 14 dez &#8211; SENAC &#8211; Rua Tabajara, 539 &#8211; Bairro Panair &#8211; Porto Velho<br \/>\n16 dez &#8211; Espa\u00e7o Cujuba &#8211; Rua Prudente de Moraes, 2449 &#8211; Centro<\/p>\n<p>10.12.18 &#8211; segunda-feira <\/p>\n<p>14h \u2013 Mostra Homenagem \u2013 14 anos \u2013 Closed Caption<br \/>\nO Que \u00e9 Isso Companheiro<br \/>\nBruno Barreto \/ Brasil \/ 1997 \/ 110min<\/p>\n<p>Em 1964, um golpe militar derruba o governo democr\u00e1tico brasileiro e, ap\u00f3s alguns anos de manifesta\u00e7\u00f5es pol\u00edticas, \u00e9 promulgado em dezembro de 1968 o Ato Constitucional n\u00ba 5, que nada mais era que o golpe dentro do golpe, pois acabava com a liberdade de imprensa e os direitos civis. Neste per\u00edodo v\u00e1rios estudantes abra\u00e7am a luta armada, entrando na clandestinidade, e em 1969 militantes do MR-8 elaboram um plano para sequestrar o embaixador dos Estados Unidos para troc\u00e1-lo por prisioneiros pol\u00edticos, que eram torturados nos por\u00f5es da ditadura.<\/p>\n<p>16h &#8211; Mostra Homenagem &#8211; 14 anos \u2013 Closed Caption<br \/>\nEles N\u00e3o Usam Black Tie<br \/>\nLeon Hirszman \/ Brasil \/ 1981 \/ 134min<\/p>\n<p>Eles n\u00e3o usam black-tie debru\u00e7a-se sobre os conflitos, contradi\u00e7\u00f5es e anseios da classe trabalhadora no final dos anos 1970, na crise final da ditadura militar. Baseado em pe\u00e7a hom\u00f4nima de Gianfrancesco Guarnieri escrita duas d\u00e9cadas antes, o filme adota uma narrativa realista que situa, em p\u00f3los antag\u00f4nicos, a esperan\u00e7a na a\u00e7\u00e3o coletiva e a aposta nas sa\u00eddas individuais, como alternativa de vida para os trabalhadores. Em torno do conflito entre o pai sindicalista, Ot\u00e1vio (Guarnieri), e o filho alienado, Ti\u00e3o (Carlos Alberto Ricelli), constr\u00f3i-se uma trama comovente que reflete os efeitos da luta pela sobreviv\u00eancia no seio da fam\u00edlia oper\u00e1ria. Eles n\u00e3o usam black-tie cativou o p\u00fablico e a cr\u00edtica, e recebeu v\u00e1rios pr\u00eamios, entre os quais se destaca o Le\u00e3o de Ouro no Festival de Veneza de 1981.<\/p>\n<p>19h &#8211; Mostra Panorama \u2013 Livre<br \/>\nSess\u00e3o de abertura e Ato em Defesa dos Direitos Humanos na Amaz\u00f4nia<br \/>\nN\u00f3s  &#8211; Audiodescri\u00e7\u00e3o<br \/>\nThiago dos santos Simas \/ Brasil \/ 2016 \/ 6 min<\/p>\n<p>O filme mostra a trajet\u00f3ria c\u00edclica dos refugiados atrav\u00e9s dos tempos, uma reedi\u00e7\u00e3o de acontecimentos passados.<\/p>\n<p>Waapa  &#8211; Closed Caption<br \/>\nDavid Reeks, Paula Mendon\u00e7a e Renata Meirelles \/ Brasil \/ 2017 \/ 20min<\/p>\n<p>O document\u00e1rio prop\u00f5e um mergulho in\u00e9dito na inf\u00e2ncia Yudja (Parque Ind\u00edgena do Xingu\/MT) e os cuidados que acompanham seu crescimento. O brincar, a vida comunit\u00e1ria e as influ\u00eancias de uma rela\u00e7\u00e3o espiritual com a natureza.<\/p>\n","protected":false},"excerpt":{"rendered":"<p>Programa\u00e7\u00e3o 12\u00aa Mostra Cinema e Direitos Humanos &#8211; Porto Velho<\/p>\n","protected":false},"author":1,"featured_media":19764,"comment_status":"closed","ping_status":"open","sticky":false,"template":"","format":"standard","meta":{"_exactmetrics_skip_tracking":false,"_exactmetrics_sitenote_active":false,"_exactmetrics_sitenote_note":"","_exactmetrics_sitenote_category":0,"jetpack_post_was_ever_published":false,"_jetpack_newsletter_access":"","_jetpack_dont_email_post_to_subs":false,"_jetpack_newsletter_tier_id":0,"_jetpack_memberships_contains_paywalled_content":false,"_jetpack_memberships_contains_paid_content":false,"footnotes":"","jetpack_publicize_message":"","jetpack_publicize_feature_enabled":true,"jetpack_social_post_already_shared":true,"jetpack_social_options":{"image_generator_settings":{"template":"highway","enabled":false},"version":2}},"categories":[1],"tags":[],"class_list":["post-19790","post","type-post","status-publish","format-standard","has-post-thumbnail","hentry","category-notas"],"jetpack_publicize_connections":[],"jetpack_sharing_enabled":true,"jetpack_featured_media_url":"https:\/\/i0.wp.com\/blogdalucianaoliveira.com.br\/blog\/wp-content\/uploads\/2018\/12\/2B5357B0-D713-4AA2-936D-991F1ADB9004.jpeg?fit=1200%2C1200","jetpack_shortlink":"https:\/\/wp.me\/p7wKYW-59c","jetpack-related-posts":[],"_links":{"self":[{"href":"http:\/\/blogdalucianaoliveira.com.br\/blog\/wp-json\/wp\/v2\/posts\/19790","targetHints":{"allow":["GET"]}}],"collection":[{"href":"http:\/\/blogdalucianaoliveira.com.br\/blog\/wp-json\/wp\/v2\/posts"}],"about":[{"href":"http:\/\/blogdalucianaoliveira.com.br\/blog\/wp-json\/wp\/v2\/types\/post"}],"author":[{"embeddable":true,"href":"http:\/\/blogdalucianaoliveira.com.br\/blog\/wp-json\/wp\/v2\/users\/1"}],"replies":[{"embeddable":true,"href":"http:\/\/blogdalucianaoliveira.com.br\/blog\/wp-json\/wp\/v2\/comments?post=19790"}],"version-history":[{"count":1,"href":"http:\/\/blogdalucianaoliveira.com.br\/blog\/wp-json\/wp\/v2\/posts\/19790\/revisions"}],"predecessor-version":[{"id":19792,"href":"http:\/\/blogdalucianaoliveira.com.br\/blog\/wp-json\/wp\/v2\/posts\/19790\/revisions\/19792"}],"wp:featuredmedia":[{"embeddable":true,"href":"http:\/\/blogdalucianaoliveira.com.br\/blog\/wp-json\/wp\/v2\/media\/19764"}],"wp:attachment":[{"href":"http:\/\/blogdalucianaoliveira.com.br\/blog\/wp-json\/wp\/v2\/media?parent=19790"}],"wp:term":[{"taxonomy":"category","embeddable":true,"href":"http:\/\/blogdalucianaoliveira.com.br\/blog\/wp-json\/wp\/v2\/categories?post=19790"},{"taxonomy":"post_tag","embeddable":true,"href":"http:\/\/blogdalucianaoliveira.com.br\/blog\/wp-json\/wp\/v2\/tags?post=19790"}],"curies":[{"name":"wp","href":"https:\/\/api.w.org\/{rel}","templated":true}]}}