{"id":19799,"date":"2018-12-10T20:26:01","date_gmt":"2018-12-11T00:26:01","guid":{"rendered":"http:\/\/blogdalucianaoliveira.com.br\/blog\/?p=19799"},"modified":"2018-12-10T20:26:01","modified_gmt":"2018-12-11T00:26:01","slug":"a-luta-por-direitos-humanos-e-de-esquerda-ou-de-direita","status":"publish","type":"post","link":"http:\/\/blogdalucianaoliveira.com.br\/blog\/2018\/12\/10\/a-luta-por-direitos-humanos-e-de-esquerda-ou-de-direita\/","title":{"rendered":"A luta por direitos humanos \u00e9 de esquerda ou de direita?"},"content":{"rendered":"<p><img data-recalc-dims=\"1\" loading=\"lazy\" decoding=\"async\" data-attachment-id=\"19800\" data-permalink=\"http:\/\/blogdalucianaoliveira.com.br\/blog\/2018\/12\/10\/a-luta-por-direitos-humanos-e-de-esquerda-ou-de-direita\/e6900fb1-29df-4f24-8610-8d005c5ce8e8\/\" data-orig-file=\"https:\/\/i0.wp.com\/blogdalucianaoliveira.com.br\/blog\/wp-content\/uploads\/2018\/12\/E6900FB1-29DF-4F24-8610-8D005C5CE8E8.jpeg?fit=750%2C348\" data-orig-size=\"750,348\" data-comments-opened=\"0\" data-image-meta=\"{&quot;aperture&quot;:&quot;0&quot;,&quot;credit&quot;:&quot;&quot;,&quot;camera&quot;:&quot;&quot;,&quot;caption&quot;:&quot;&quot;,&quot;created_timestamp&quot;:&quot;0&quot;,&quot;copyright&quot;:&quot;&quot;,&quot;focal_length&quot;:&quot;0&quot;,&quot;iso&quot;:&quot;0&quot;,&quot;shutter_speed&quot;:&quot;0&quot;,&quot;title&quot;:&quot;&quot;,&quot;orientation&quot;:&quot;0&quot;}\" data-image-title=\"E6900FB1-29DF-4F24-8610-8D005C5CE8E8\" data-image-description=\"\" data-image-caption=\"\" data-medium-file=\"https:\/\/i0.wp.com\/blogdalucianaoliveira.com.br\/blog\/wp-content\/uploads\/2018\/12\/E6900FB1-29DF-4F24-8610-8D005C5CE8E8.jpeg?fit=300%2C139\" data-large-file=\"https:\/\/i0.wp.com\/blogdalucianaoliveira.com.br\/blog\/wp-content\/uploads\/2018\/12\/E6900FB1-29DF-4F24-8610-8D005C5CE8E8.jpeg?fit=600%2C278\" src=\"https:\/\/i0.wp.com\/blogdalucianaoliveira.com.br\/blog\/wp-content\/uploads\/2018\/12\/E6900FB1-29DF-4F24-8610-8D005C5CE8E8.jpeg?resize=600%2C278\" alt=\"E6900FB1-29DF-4F24-8610-8D005C5CE8E8\" width=\"600\" height=\"278\" class=\"alignnone size-full wp-image-19800\" srcset=\"https:\/\/i0.wp.com\/blogdalucianaoliveira.com.br\/blog\/wp-content\/uploads\/2018\/12\/E6900FB1-29DF-4F24-8610-8D005C5CE8E8.jpeg?w=750 750w, https:\/\/i0.wp.com\/blogdalucianaoliveira.com.br\/blog\/wp-content\/uploads\/2018\/12\/E6900FB1-29DF-4F24-8610-8D005C5CE8E8.jpeg?resize=300%2C139 300w, https:\/\/i0.wp.com\/blogdalucianaoliveira.com.br\/blog\/wp-content\/uploads\/2018\/12\/E6900FB1-29DF-4F24-8610-8D005C5CE8E8.jpeg?resize=647%2C300 647w\" sizes=\"auto, (max-width: 600px) 100vw, 600px\" \/><\/p>\n<p>No Human Right, por Maria Laura Canineu e C\u00e9sar Mu\u00f1oz Acebes &#8211; A Declara\u00e7\u00e3o Universal dos Direitos Humanos tornou-se um avan\u00e7o hist\u00f3rico porque consagrou uma ideia muito simples, mas poderosa: todos os seres humanos gozam dos mesmos direitos e liberdades fundamentais, independentemente de ra\u00e7a, sexo, credo ou qualquer outra distin\u00e7\u00e3o.<!--more--><\/p>\n<p>A Declara\u00e7\u00e3o Universal dos Direitos Humanos tornou-se um avan\u00e7o hist\u00f3rico porque consagrou uma ideia muito simples, mas poderosa: todos os seres humanos gozam dos mesmos direitos e liberdades fundamentais, independentemente de ra\u00e7a, sexo, credo ou qualquer outra distin\u00e7\u00e3o.<\/p>\n<p>Esse \u00e9 o &#8220;universal&#8221; no nome da declara\u00e7\u00e3o. Significa que esses direitos e liberdades se aplicam a pessoas de qualquer pa\u00eds, seja uma ditadura ou uma democracia, se o governo \u00e9 de direita ou de esquerda.<\/p>\n<p>O artigo 1\u00ba da Declara\u00e7\u00e3o Universal determina que &#8220;todos os seres humanos nascem livres e iguais em dignidade e direitos&#8221;. Essas 12 palavras anunciaram uma mudan\u00e7a sist\u00eamica em um mundo no qual algumas pessoas &#8211; a realeza, os ricos, os europeus, os homens, os brancos &#8211; sempre desfrutaram de mais direitos e privil\u00e9gios que outros.<\/p>\n<p>E esses valores continuam absolutamente pertinentes hoje no Brasil.<\/p>\n<p>Quando o artigo 3\u00ba da Declara\u00e7\u00e3o diz que todos t\u00eam direito \u00e0 vida, \u00e0 liberdade e \u00e0 seguran\u00e7a pessoal, isso envolve a elite privilegiada e tamb\u00e9m os moradores da periferia.<\/p>\n<p>Quando o artigo 5\u00ba diz que ningu\u00e9m ser\u00e1 submetido a tortura ou maus tratos, n\u00e3o abriu uma exce\u00e7\u00e3o para pessoas suspeitas de pertencerem a grupos de esquerda durante o regime militar do passado, ou para jovens negros da periferia que alguns policiais acham que podem espancar, agredir ou matar de forma impune. Aqueles que torturaram, no passado, ou torturam no presente, nunca deveriam ser lembrados como her\u00f3is, mas sim responsabilizados e punidos.<\/p>\n<p>Quando o artigo 19\u00ba diz que todos os seres humanos t\u00eam direito \u00e0 liberdade de opini\u00e3o e express\u00e3o, isso n\u00e3o exclui os policiais militares, que no Brasil podem sofrer puni\u00e7\u00f5es desproporcionais se defenderem publicamente uma reforma policial ou tecerem cr\u00edticas a um superior ou uma decis\u00e3o do governo.<\/p>\n<p>E quando o artigo 23\u00ba diz que todos os seres humanos t\u00eam direito a igual remunera\u00e7\u00e3o por igual trabalho, isso inclui as mulheres, que no Brasil continuam a ganhar muito menos do que os homens, com o mesmo n\u00edvel de educa\u00e7\u00e3o.<\/p>\n<p>O Brasil progrediu na defesa de alguns dos direitos contidos na Declara\u00e7\u00e3o. O Conselho Nacional de Justi\u00e7a (CNJ), por exemplo, est\u00e1 tentando concretizar o direito a uma audi\u00eancia &#8220;justa e p\u00fablica&#8221; ao estabelecer que toda pessoa presa tem de ser conduzida \u00e0 presen\u00e7a de um juiz dentro de 24 horas da sua pris\u00e3o. No entanto, apesar da determina\u00e7\u00e3o do CNJ, mais da metade dos presos no Brasil definham em celas superlotadas, por at\u00e9 meses antes de ver um juiz, segundo o pr\u00f3prio CNJ.<\/p>\n<p>Outros direitos humanos de car\u00e1ter universal enfrentam novas amea\u00e7as no Pa\u00eds. O artigo 14\u00ba reconhece o direito de qualquer pessoa de buscar asilo em outros pa\u00edses, mas alguns pol\u00edticos defendem o fechamento das nossas fronteiras para os venezuelanos que fogem de um pa\u00eds em colapso, mesmo quando escapam de persegui\u00e7\u00e3o.<\/p>\n<p>O artigo 26\u00ba estabelece que a educa\u00e7\u00e3o &#8220;deve ser orientada no sentido do pleno desenvolvimento da personalidade humana e do fortalecimento do respeito pelos direitos do ser humano e pelas liberdades fundamentais&#8221;. O projeto de lei &#8220;Escola sem Partido&#8221;, atualmente em discuss\u00e3o no Congresso Nacional, ao dispor sobre a proibi\u00e7\u00e3o n\u00e3o apenas da discuss\u00e3o, mas at\u00e9 mesmo do uso de termos como &#8220;g\u00eanero&#8221; e &#8220;orienta\u00e7\u00e3o sexual&#8221; nas salas de aula, \u00e9 contradit\u00f3rio a esta previs\u00e3o.<\/p>\n<p>A Declara\u00e7\u00e3o Universal em si n\u00e3o tem car\u00e1ter vinculante, mas hoje os princ\u00edpios nela contidos refletem amplamente o direito internacional consuetudin\u00e1rio a que todas as na\u00e7\u00f5es devem aderir, e foram posteriormente inclu\u00eddos em v\u00e1rios tratados que o Brasil tem obriga\u00e7\u00e3o legal de cumprir.<\/p>\n<p>Dez anos ap\u00f3s a ado\u00e7\u00e3o da Declara\u00e7\u00e3o, a ex-primeira-dama dos Estados Unidos Eleanor Roosevelt, que presidiu a comiss\u00e3o que a elaborou, perguntou em um discurso onde come\u00e7am os direitos humanos universais. &#8220;Em pequenos lugares&#8221;, ela respondeu, &#8220;perto de casa &#8211; t\u00e3o perto e t\u00e3o pequenos que eles n\u00e3o podem ser vistos em nenhum mapa do mundo&#8221;. Isso era, \u00e9 claro, antes do Google Maps.<\/p>\n<p>Mas seu ponto de vista faz total sentido. A Declara\u00e7\u00e3o Universal \u00e9 diferente de qualquer acordo internacional anterior, que lidou com fronteiras, com\u00e9rcio ou outras rela\u00e7\u00f5es entre pa\u00edses. A Declara\u00e7\u00e3o \u00e9 sobre cada ser humano.<\/p>\n<p>A viola\u00e7\u00e3o dos direitos fundamentais em qualquer canto do planeta corr\u00f3i os princ\u00edpios que nos protegem a todos do abuso e da tirania. \u00c9 por isso que devemos valorizar e defender a Declara\u00e7\u00e3o que nos coloca, as pessoas, no centro das rela\u00e7\u00f5es internacionais.<\/p>\n<p>*Maria Laura Canineu \u00e9 diretora do escrit\u00f3rio da Human Rights Watch no Brasil e C\u00e9sar Mu\u00f1oz Acebes \u00e9 pesquisador s\u00eanior.<\/p>\n","protected":false},"excerpt":{"rendered":"<p>No Human Right, por Maria Laura Canineu e C\u00e9sar Mu\u00f1oz Acebes &#8211; A Declara\u00e7\u00e3o Universal dos Direitos Humanos tornou-se um avan\u00e7o hist\u00f3rico porque consagrou uma ideia muito simples, mas poderosa: todos os seres humanos gozam dos mesmos direitos e liberdades fundamentais, independentemente de ra\u00e7a, sexo, credo ou qualquer outra distin\u00e7\u00e3o.<\/p>\n","protected":false},"author":1,"featured_media":0,"comment_status":"closed","ping_status":"open","sticky":false,"template":"","format":"standard","meta":{"_exactmetrics_skip_tracking":false,"_exactmetrics_sitenote_active":false,"_exactmetrics_sitenote_note":"","_exactmetrics_sitenote_category":0,"jetpack_post_was_ever_published":false,"_jetpack_newsletter_access":"","_jetpack_dont_email_post_to_subs":false,"_jetpack_newsletter_tier_id":0,"_jetpack_memberships_contains_paywalled_content":false,"_jetpack_memberships_contains_paid_content":false,"footnotes":"","jetpack_publicize_message":"","jetpack_publicize_feature_enabled":true,"jetpack_social_post_already_shared":true,"jetpack_social_options":{"image_generator_settings":{"template":"highway","enabled":false},"version":2}},"categories":[1],"tags":[],"class_list":["post-19799","post","type-post","status-publish","format-standard","hentry","category-notas"],"jetpack_publicize_connections":[],"jetpack_sharing_enabled":true,"jetpack_featured_media_url":"","jetpack_shortlink":"https:\/\/wp.me\/p7wKYW-59l","jetpack-related-posts":[],"_links":{"self":[{"href":"http:\/\/blogdalucianaoliveira.com.br\/blog\/wp-json\/wp\/v2\/posts\/19799","targetHints":{"allow":["GET"]}}],"collection":[{"href":"http:\/\/blogdalucianaoliveira.com.br\/blog\/wp-json\/wp\/v2\/posts"}],"about":[{"href":"http:\/\/blogdalucianaoliveira.com.br\/blog\/wp-json\/wp\/v2\/types\/post"}],"author":[{"embeddable":true,"href":"http:\/\/blogdalucianaoliveira.com.br\/blog\/wp-json\/wp\/v2\/users\/1"}],"replies":[{"embeddable":true,"href":"http:\/\/blogdalucianaoliveira.com.br\/blog\/wp-json\/wp\/v2\/comments?post=19799"}],"version-history":[{"count":1,"href":"http:\/\/blogdalucianaoliveira.com.br\/blog\/wp-json\/wp\/v2\/posts\/19799\/revisions"}],"predecessor-version":[{"id":19801,"href":"http:\/\/blogdalucianaoliveira.com.br\/blog\/wp-json\/wp\/v2\/posts\/19799\/revisions\/19801"}],"wp:attachment":[{"href":"http:\/\/blogdalucianaoliveira.com.br\/blog\/wp-json\/wp\/v2\/media?parent=19799"}],"wp:term":[{"taxonomy":"category","embeddable":true,"href":"http:\/\/blogdalucianaoliveira.com.br\/blog\/wp-json\/wp\/v2\/categories?post=19799"},{"taxonomy":"post_tag","embeddable":true,"href":"http:\/\/blogdalucianaoliveira.com.br\/blog\/wp-json\/wp\/v2\/tags?post=19799"}],"curies":[{"name":"wp","href":"https:\/\/api.w.org\/{rel}","templated":true}]}}