{"id":19810,"date":"2018-12-11T19:08:43","date_gmt":"2018-12-11T23:08:43","guid":{"rendered":"http:\/\/blogdalucianaoliveira.com.br\/blog\/?p=19810"},"modified":"2018-12-11T19:08:43","modified_gmt":"2018-12-11T23:08:43","slug":"deputado-reclama-de-aumento-na-conta-de-energia-com-a-venda-da-ceron","status":"publish","type":"post","link":"http:\/\/blogdalucianaoliveira.com.br\/blog\/2018\/12\/11\/deputado-reclama-de-aumento-na-conta-de-energia-com-a-venda-da-ceron\/","title":{"rendered":"Deputado reclama de aumento na conta de energia com a venda da Ceron"},"content":{"rendered":"<div class=\"fb-post\" data-href=\"https:\/\/www.facebook.com\/100001977379087\/posts\/2113642225378336\/\" data-width=\"552\"><\/div>\n<p>Por meses alertamos que a venda da Ceron ia causar aumento na tarifa de energia el\u00e9trica. <\/p>\n<p>A bancada federal calou e cegou para os atos feitos contra a privatiza\u00e7\u00e3o. <\/p>\n<p>Agora, o deputado L\u00facio Mosquini (reeleito) finge indigna\u00e7\u00e3o com o aumento? <\/p>\n<p>Gravei \u00e1udios para veicular em r\u00e1dios, em alerta do SINDUR, pedindo apoio nominal a deputados e senadores para que defendessem o patrim\u00f4nio de Rond\u00f4nia. <\/p>\n<p>\u201cAgora In\u00eas \u00e9 morta\u201d, deputado!<\/p>\n","protected":false},"excerpt":{"rendered":"<p>Por meses alertamos que a venda da Ceron ia causar aumento na tarifa de energia el\u00e9trica. A bancada federal calou e cegou para os atos feitos contra a privatiza\u00e7\u00e3o. Agora, o deputado L\u00facio Mosquini (reeleito) finge indigna\u00e7\u00e3o com o aumento? Gravei \u00e1udios para veicular em r\u00e1dios, em alerta do SINDUR, pedindo apoio nominal a deputados&#8230;<a class=\"more-link\" href=\"http:\/\/blogdalucianaoliveira.com.br\/blog\/2018\/12\/11\/deputado-reclama-de-aumento-na-conta-de-energia-com-a-venda-da-ceron\/\">Continue a leitura <span class=\"meta-nav\">&raquo;<\/span><\/a><\/p>\n","protected":false},"author":1,"featured_media":0,"comment_status":"closed","ping_status":"open","sticky":false,"template":"","format":"standard","meta":{"_exactmetrics_skip_tracking":false,"_exactmetrics_sitenote_active":false,"_exactmetrics_sitenote_note":"","_exactmetrics_sitenote_category":0,"jetpack_post_was_ever_published":false,"_jetpack_newsletter_access":"","_jetpack_dont_email_post_to_subs":false,"_jetpack_newsletter_tier_id":0,"_jetpack_memberships_contains_paywalled_content":false,"_jetpack_memberships_contains_paid_content":false,"footnotes":"","jetpack_publicize_message":"","jetpack_publicize_feature_enabled":true,"jetpack_social_post_already_shared":true,"jetpack_social_options":{"image_generator_settings":{"template":"highway","enabled":false},"version":2}},"categories":[1],"tags":[],"class_list":["post-19810","post","type-post","status-publish","format-standard","hentry","category-notas"],"jetpack_publicize_connections":[],"jetpack_sharing_enabled":true,"jetpack_featured_media_url":"","jetpack_shortlink":"https:\/\/wp.me\/p7wKYW-59w","jetpack-related-posts":[],"_links":{"self":[{"href":"http:\/\/blogdalucianaoliveira.com.br\/blog\/wp-json\/wp\/v2\/posts\/19810","targetHints":{"allow":["GET"]}}],"collection":[{"href":"http:\/\/blogdalucianaoliveira.com.br\/blog\/wp-json\/wp\/v2\/posts"}],"about":[{"href":"http:\/\/blogdalucianaoliveira.com.br\/blog\/wp-json\/wp\/v2\/types\/post"}],"author":[{"embeddable":true,"href":"http:\/\/blogdalucianaoliveira.com.br\/blog\/wp-json\/wp\/v2\/users\/1"}],"replies":[{"embeddable":true,"href":"http:\/\/blogdalucianaoliveira.com.br\/blog\/wp-json\/wp\/v2\/comments?post=19810"}],"version-history":[{"count":1,"href":"http:\/\/blogdalucianaoliveira.com.br\/blog\/wp-json\/wp\/v2\/posts\/19810\/revisions"}],"predecessor-version":[{"id":19811,"href":"http:\/\/blogdalucianaoliveira.com.br\/blog\/wp-json\/wp\/v2\/posts\/19810\/revisions\/19811"}],"wp:attachment":[{"href":"http:\/\/blogdalucianaoliveira.com.br\/blog\/wp-json\/wp\/v2\/media?parent=19810"}],"wp:term":[{"taxonomy":"category","embeddable":true,"href":"http:\/\/blogdalucianaoliveira.com.br\/blog\/wp-json\/wp\/v2\/categories?post=19810"},{"taxonomy":"post_tag","embeddable":true,"href":"http:\/\/blogdalucianaoliveira.com.br\/blog\/wp-json\/wp\/v2\/tags?post=19810"}],"curies":[{"name":"wp","href":"https:\/\/api.w.org\/{rel}","templated":true}]}}