{"id":1982,"date":"2016-06-27T16:41:37","date_gmt":"2016-06-27T20:41:37","guid":{"rendered":"http:\/\/blogdalucianaoliveira.com.br\/blog\/?p=1982"},"modified":"2016-06-27T16:42:46","modified_gmt":"2016-06-27T20:42:46","slug":"forca-tarefa-pra-barrar-lava-jato-sofre-duro-golpe-pericia-conclui-que-nao-houve-crime-por-pedaladas","status":"publish","type":"post","link":"http:\/\/blogdalucianaoliveira.com.br\/blog\/2016\/06\/27\/forca-tarefa-pra-barrar-lava-jato-sofre-duro-golpe-pericia-conclui-que-nao-houve-crime-por-pedaladas\/","title":{"rendered":"For\u00e7a-tarefa pra barrar Lava Jato sofre derrota. Per\u00edcia conclui que n\u00e3o houve crime por pedaladas"},"content":{"rendered":"<p><img data-recalc-dims=\"1\" loading=\"lazy\" decoding=\"async\" data-attachment-id=\"1983\" data-permalink=\"http:\/\/blogdalucianaoliveira.com.br\/blog\/2016\/06\/27\/forca-tarefa-pra-barrar-lava-jato-sofre-duro-golpe-pericia-conclui-que-nao-houve-crime-por-pedaladas\/image-429\/\" data-orig-file=\"https:\/\/i0.wp.com\/blogdalucianaoliveira.com.br\/blog\/wp-content\/uploads\/2016\/06\/image-121.jpeg?fit=2400%2C2400\" data-orig-size=\"2400,2400\" data-comments-opened=\"0\" data-image-meta=\"{&quot;aperture&quot;:&quot;0&quot;,&quot;credit&quot;:&quot;&quot;,&quot;camera&quot;:&quot;&quot;,&quot;caption&quot;:&quot;&quot;,&quot;created_timestamp&quot;:&quot;0&quot;,&quot;copyright&quot;:&quot;&quot;,&quot;focal_length&quot;:&quot;0&quot;,&quot;iso&quot;:&quot;0&quot;,&quot;shutter_speed&quot;:&quot;0&quot;,&quot;title&quot;:&quot;&quot;,&quot;orientation&quot;:&quot;1&quot;}\" data-image-title=\"image\" data-image-description=\"\" data-image-caption=\"\" data-medium-file=\"https:\/\/i0.wp.com\/blogdalucianaoliveira.com.br\/blog\/wp-content\/uploads\/2016\/06\/image-121.jpeg?fit=300%2C300\" data-large-file=\"https:\/\/i0.wp.com\/blogdalucianaoliveira.com.br\/blog\/wp-content\/uploads\/2016\/06\/image-121.jpeg?fit=600%2C600\" src=\"https:\/\/i0.wp.com\/blogdalucianaoliveira.com.br\/blog\/wp-content\/uploads\/2016\/06\/image-121.jpeg?resize=600%2C600\" alt=\"image\" width=\"600\" height=\"600\" class=\"alignnone size-full wp-image-1983\" srcset=\"https:\/\/i0.wp.com\/blogdalucianaoliveira.com.br\/blog\/wp-content\/uploads\/2016\/06\/image-121.jpeg?w=2400 2400w, https:\/\/i0.wp.com\/blogdalucianaoliveira.com.br\/blog\/wp-content\/uploads\/2016\/06\/image-121.jpeg?resize=150%2C150 150w, https:\/\/i0.wp.com\/blogdalucianaoliveira.com.br\/blog\/wp-content\/uploads\/2016\/06\/image-121.jpeg?resize=300%2C300 300w, https:\/\/i0.wp.com\/blogdalucianaoliveira.com.br\/blog\/wp-content\/uploads\/2016\/06\/image-121.jpeg?resize=768%2C768 768w, https:\/\/i0.wp.com\/blogdalucianaoliveira.com.br\/blog\/wp-content\/uploads\/2016\/06\/image-121.jpeg?resize=1024%2C1024 1024w, https:\/\/i0.wp.com\/blogdalucianaoliveira.com.br\/blog\/wp-content\/uploads\/2016\/06\/image-121.jpeg?w=1200 1200w, https:\/\/i0.wp.com\/blogdalucianaoliveira.com.br\/blog\/wp-content\/uploads\/2016\/06\/image-121.jpeg?w=1800 1800w\" sizes=\"auto, (max-width: 600px) 100vw, 600px\" \/><\/p>\n<p>A presidente afastada, Dilma Rousseff, declarou nesta segunda-feira (27) que a per\u00edcia feita a pedido da comiss\u00e3o do impeachment do Senado mostrou que ela n\u00e3o cometeu crime de responsabilidade, o que torna o processo de afastamento um &#8220;golpe&#8221;.<!--more--><\/p>\n<p>Dilma sofre duas acusa\u00e7\u00f5es na den\u00fancia que a afastou do cargo: a edi\u00e7\u00e3o desses decretos sem aval do Congresso e de ter cometido &#8220;pedalada fiscal&#8221; com o atraso do repasse de R$ 3,5 bilh\u00f5es do Tesouro ao Banco do Brasil para o Plano Safra.<\/p>\n<p>A per\u00edcia diz que n\u00e3o h\u00e1 &#8220;controv\u00e9rsia&#8221; sobre o fato de Dilma ter agido para liberar cr\u00e9ditos suplementares sem o aval do Congresso atrav\u00e9s de decretos. Por outro lado, o laudo afirma que n\u00e3o foi identificada a\u00e7\u00e3o dela nas chamadas pedaladas fiscais.<\/p>\n<p>Em entrevista \u00e0 R\u00e1dio Gua\u00edba, do Rio Grande do Sul, Dilma voltou a dizer que n\u00e3o h\u00e1 base jur\u00eddica para um impeachment.<\/p>\n<p><img data-recalc-dims=\"1\" loading=\"lazy\" decoding=\"async\" data-attachment-id=\"1984\" data-permalink=\"http:\/\/blogdalucianaoliveira.com.br\/blog\/2016\/06\/27\/forca-tarefa-pra-barrar-lava-jato-sofre-duro-golpe-pericia-conclui-que-nao-houve-crime-por-pedaladas\/image-430\/\" data-orig-file=\"https:\/\/i0.wp.com\/blogdalucianaoliveira.com.br\/blog\/wp-content\/uploads\/2016\/06\/image-122.jpeg?fit=615%2C300\" data-orig-size=\"615,300\" data-comments-opened=\"0\" data-image-meta=\"{&quot;aperture&quot;:&quot;0&quot;,&quot;credit&quot;:&quot;&quot;,&quot;camera&quot;:&quot;&quot;,&quot;caption&quot;:&quot;&quot;,&quot;created_timestamp&quot;:&quot;0&quot;,&quot;copyright&quot;:&quot;&quot;,&quot;focal_length&quot;:&quot;0&quot;,&quot;iso&quot;:&quot;0&quot;,&quot;shutter_speed&quot;:&quot;0&quot;,&quot;title&quot;:&quot;&quot;,&quot;orientation&quot;:&quot;0&quot;}\" data-image-title=\"image\" data-image-description=\"\" data-image-caption=\"\" data-medium-file=\"https:\/\/i0.wp.com\/blogdalucianaoliveira.com.br\/blog\/wp-content\/uploads\/2016\/06\/image-122.jpeg?fit=300%2C146\" data-large-file=\"https:\/\/i0.wp.com\/blogdalucianaoliveira.com.br\/blog\/wp-content\/uploads\/2016\/06\/image-122.jpeg?fit=600%2C293\" src=\"https:\/\/i0.wp.com\/blogdalucianaoliveira.com.br\/blog\/wp-content\/uploads\/2016\/06\/image-122.jpeg?resize=600%2C293\" alt=\"image\" width=\"600\" height=\"293\" class=\"alignnone size-full wp-image-1984\" srcset=\"https:\/\/i0.wp.com\/blogdalucianaoliveira.com.br\/blog\/wp-content\/uploads\/2016\/06\/image-122.jpeg?w=615 615w, https:\/\/i0.wp.com\/blogdalucianaoliveira.com.br\/blog\/wp-content\/uploads\/2016\/06\/image-122.jpeg?resize=300%2C146 300w\" sizes=\"auto, (max-width: 600px) 100vw, 600px\" \/><\/p>\n<p>&#8220;Hoje, por exemplo, ficou caracterizado, pela pr\u00f3pria per\u00edcia feita pelo Senado da Rep\u00fablica, que os motivos pelos quais eles me acusam n\u00e3o caracterizam crime. No que se refere ao Plano Safra, a minha presen\u00e7a em nenhum ato foi constatada. Portanto, consideraram que eu n\u00e3o participei em nenhum momento do Plano Safra porque isso n\u00e3o \u00e9 papel do presidente da Rep\u00fablica. N\u00f3s viemos dizendo isso h\u00e1 muito tempo, mas agora a pr\u00f3pria per\u00edcia do Senado constatou isso&#8221;, afirmou.<\/p>\n<p>Sobre os decretos, a per\u00edcia diz que tr\u00eas dos quatro decretos de cr\u00e9dito eram &#8220;incompat\u00edveis&#8221; com a meta fiscal do ano passado. A per\u00edcia afirma: &#8220;H\u00e1 ato comissivo da exma. Sra. Presidente da Rep\u00fablica na edi\u00e7\u00e3o dos decretos, sem controv\u00e9rsia sobre sua autoria&#8221;.<\/p>\n<p>&#8220;N\u00f3s come\u00e7amos sendo acusados de seis decretos (&#8230;) Agora, a pr\u00f3pria per\u00edcia do Senado diz que n\u00e3o s\u00e3o seis decretos, s\u00e3o tr\u00eas decretos. E nesses tr\u00eas decretos, tamb\u00e9m n\u00e3o foi constatada nenhuma participa\u00e7\u00e3o minha dolosa. Ou seja, n\u00e3o h\u00e1 em nenhum momento um alerta ou um parecer t\u00e9cnico ou uma avalia\u00e7\u00e3o que diga: &#8216;Presidenta, se voc\u00ea assinar esse decreto, voc\u00ea estar\u00e1 comprometendo a meta fiscal&#8217;. N\u00e3o houve isso&#8221;, disse Dilma.<\/p>\n<p>&#8220;Ent\u00e3o, cada dia que passa, fica mais claro que esse \u00e9 um processo de impeachment sem base legal. E por isso, se caracterizaria como um golpe&#8221;, afirmou a presidente afastada.<\/p>\n","protected":false},"excerpt":{"rendered":"<p>A presidente afastada, Dilma Rousseff, declarou nesta segunda-feira (27) que a per\u00edcia feita a pedido da comiss\u00e3o do impeachment do Senado mostrou que ela n\u00e3o cometeu crime de responsabilidade, o que torna o processo de afastamento um &#8220;golpe&#8221;.<\/p>\n","protected":false},"author":1,"featured_media":0,"comment_status":"closed","ping_status":"open","sticky":false,"template":"","format":"standard","meta":{"_exactmetrics_skip_tracking":false,"_exactmetrics_sitenote_active":false,"_exactmetrics_sitenote_note":"","_exactmetrics_sitenote_category":0,"jetpack_post_was_ever_published":false,"_jetpack_newsletter_access":"","_jetpack_dont_email_post_to_subs":false,"_jetpack_newsletter_tier_id":0,"_jetpack_memberships_contains_paywalled_content":false,"_jetpack_memberships_contains_paid_content":false,"footnotes":"","jetpack_publicize_message":"","jetpack_publicize_feature_enabled":true,"jetpack_social_post_already_shared":true,"jetpack_social_options":{"image_generator_settings":{"template":"highway","enabled":false},"version":2}},"categories":[1],"tags":[],"class_list":["post-1982","post","type-post","status-publish","format-standard","hentry","category-notas"],"jetpack_publicize_connections":[],"jetpack_sharing_enabled":true,"jetpack_featured_media_url":"","jetpack_shortlink":"https:\/\/wp.me\/p7wKYW-vY","jetpack-related-posts":[],"_links":{"self":[{"href":"http:\/\/blogdalucianaoliveira.com.br\/blog\/wp-json\/wp\/v2\/posts\/1982","targetHints":{"allow":["GET"]}}],"collection":[{"href":"http:\/\/blogdalucianaoliveira.com.br\/blog\/wp-json\/wp\/v2\/posts"}],"about":[{"href":"http:\/\/blogdalucianaoliveira.com.br\/blog\/wp-json\/wp\/v2\/types\/post"}],"author":[{"embeddable":true,"href":"http:\/\/blogdalucianaoliveira.com.br\/blog\/wp-json\/wp\/v2\/users\/1"}],"replies":[{"embeddable":true,"href":"http:\/\/blogdalucianaoliveira.com.br\/blog\/wp-json\/wp\/v2\/comments?post=1982"}],"version-history":[{"count":3,"href":"http:\/\/blogdalucianaoliveira.com.br\/blog\/wp-json\/wp\/v2\/posts\/1982\/revisions"}],"predecessor-version":[{"id":1987,"href":"http:\/\/blogdalucianaoliveira.com.br\/blog\/wp-json\/wp\/v2\/posts\/1982\/revisions\/1987"}],"wp:attachment":[{"href":"http:\/\/blogdalucianaoliveira.com.br\/blog\/wp-json\/wp\/v2\/media?parent=1982"}],"wp:term":[{"taxonomy":"category","embeddable":true,"href":"http:\/\/blogdalucianaoliveira.com.br\/blog\/wp-json\/wp\/v2\/categories?post=1982"},{"taxonomy":"post_tag","embeddable":true,"href":"http:\/\/blogdalucianaoliveira.com.br\/blog\/wp-json\/wp\/v2\/tags?post=1982"}],"curies":[{"name":"wp","href":"https:\/\/api.w.org\/{rel}","templated":true}]}}